{"id":92464,"date":"2026-01-02T10:46:20","date_gmt":"2026-01-02T10:46:20","guid":{"rendered":"https:\/\/www.europesays.com\/lv\/92464\/"},"modified":"2026-01-02T10:46:20","modified_gmt":"2026-01-02T10:46:20","slug":"latvijas-izlase-sigulda-pieslipejas-pasaules-kausa-sacensibam-raksts","status":"publish","type":"post","link":"https:\/\/www.europesays.com\/lv\/92464\/","title":{"rendered":"Latvijas izlase Siguld\u0101 piesl\u012bp\u0113jas Pasaules kausa sacens\u012bb\u0101m \/ Raksts"},"content":{"rendered":"<p>\n                        31. decembris, 2025, 18:46                    <\/p>\n<p>Jaun\u0101 gada pirmaj\u0101 ned\u0113\u013cas nogal\u0113 Siguld\u0101 risin\u0101sies Pasaules kausa posms kamani\u0146u sport\u0101, un m\u0101jinieku favor\u012btus ofici\u0101lajos treni\u0146braucienos tre\u0161dien priec\u0113ja teicami sagatavotais ledus. Lielisko ledus meistaru darbu uzteica ar\u012b divnieka ekip\u0101\u017ea\u00a0M\u0101rti\u0146\u0161 Bots\/Roberts Pl\u016bme.\u00a0<\/p>\n<p>Olimpisk\u0101s sezonas gait\u0101 Bots\/Pl\u016bme ir ieskr\u0113ju\u0161ies, p\u0113c trim posmiem Pasaules kausa kopv\u0113rt\u0113jum\u0101 ielau\u017eoties lab\u0101ko trijniek\u0101.\u00a0<\/p>\n<p>&#8220;Trase ir sagatavota fantastiska, p\u0113c Zieme\u013camerikas [posmiem] liekas, ka brauc k\u0101 pa autob\u0101ni,&#8221; gandar\u012bjumu sarun\u0101 ar Latvijas Telev\u012bziju pauda\u00a0Bots.\u00a0Savuk\u0101rt Pl\u016bme piebilda, ka<\/p>\n<blockquote>\n<p style=\"margin-left:0cm; margin-right:0cm\">kvalitat\u012bvs ledus \u013cauj ar\u012b vair\u0101k pieregul\u0113t da\u017e\u0101dus tehniskos risin\u0101jumus, lai kamanas sacens\u012bb\u0101s b\u016btu vis\u0101tr\u0101k\u0101s.\u00a0\u00a0<\/p>\n<\/blockquote>\n<p style=\"margin-left:0cm; margin-right:0cm\">Tikm\u0113r v\u012brie\u0161u izlases l\u012bderis Kristers Aparjods gana stabil\u0101 Pasaules kausa sezon\u0101 kopv\u0113rt\u0113jum\u0101 ir sestais, bet m\u0101jas trase paver iesp\u0113ju c\u012b\u0146\u0101 ar V\u0101cijas un Austrijas kamani\u0146u sportistiem situ\u0101ciju uzlabot. M\u0101jas trase gan nenoz\u012bm\u0113, ka brauk\u0161ana taj\u0101 b\u016btu pa\u0161saprotami vienk\u0101r\u0161a.<\/p>\n<p style=\"margin-left:0cm; margin-right:0cm\">&#8220;Ir, kur v\u0113l nedaudz piestr\u0101d\u0101t,&#8221; uzsv\u0113ra Aparjods. &#8220;Respekts pret Siguldas trasi ir vienm\u0113r jebkur\u0101 gad\u012bjum\u0101, lai cik braucieni te b\u016btu nobraukti.&#8221;\u00a0<\/p>\n<p style=\"margin-left:0cm; margin-right:0cm\">D\u0101mu konkurenc\u0113 Latvijas izlases l\u012bderes kopv\u0113rt\u0113jum\u0101 c\u012bn\u0101s par iek\u013c\u016b\u0161anu lab\u0101ko desmitniek\u0101 \u2013 El\u012bna Ieva Bota ir 11.\u00a0poz\u012bcij\u0101, bet Kendija Aparjode ierindojas vienu pak\u0101pienu zem\u0101k. Vi\u0146\u0101m labs starts Siguld\u0101 \u013cautu pak\u0101pties uz TOP10, savuk\u0101rt lab\u0101kais d\u0101mu divnieks Anda Up\u012bte\/Madara Pavlova kopv\u0113rt\u0113jum\u0101 ir piektais.\u00a0<\/p>\n<blockquote>\n<p style=\"margin-left:0cm; margin-right:0cm\">Latviju sacens\u012bb\u0101s Siguld\u0101 p\u0101rst\u0101v\u0113s visi sportisti, kuri start\u0113ja\u00a0pirmajos trijos Pasaules kausa posmos, k\u0101 ar\u012b\u00a0vair\u0101ki perspekt\u012bvi juniori.<\/p>\n<\/blockquote>\n<p style=\"margin-left:0cm; margin-right:0cm\">Posmam Siguld\u0101 ir pieteiku\u0161ies 32 valstu\u00a0162 kamani\u0146u sportisti, un liel\u0101k\u0101 konkurence gaid\u0101ma v\u012brie\u0161u vieninieku sacens\u012bb\u0101s.<\/p>\n<p style=\"margin-left:0cm; margin-right:0cm\">Sac\u012bkst\u0113s\u00a0sestdien uzvar\u0113t\u0101jus noteiks v\u012brie\u0161u un sievie\u0161u divnieku ekip\u0101\u017eas, bet kungi un d\u0101mas solo klas\u0113 aizvad\u012bs pirmo braucienu. V\u012brie\u0161i un sievietes otro braucienu veiks sv\u0113tdien, kad paredz\u0113ta ar\u012b komandu stafete.<\/p>\n<p>                    Valodas k\u013c\u016bda rakst\u0101?<\/p>\n<p class=\"d-none d-md-block\">Iez\u012bm\u0113jiet tekstu un spiediet Ctrl+Enter, lai nos\u016bt\u012btu labojamo teksta fragmentu redaktoram! Par faktu k\u013c\u016bd\u0101m l\u016bdzam zi\u0146ot e-past\u0101 <a href=\"https:\/\/www.lsm.lv\/cdn-cgi\/l\/email-protection\" class=\"__cf_email__\" data-cfemail=\"d8aabdbcb9b3bbb1b2b998b4abb5f6b4ae\" rel=\"nofollow noopener\" target=\"_blank\">[email\u00a0protected]<\/a>.<\/p>\n<p class=\"d-md-none\">Iez\u012bm\u0113jiet tekstu un spiediet uz Zi\u0146ot par k\u013c\u016bdu pogas, lai nos\u016bt\u012btu labojamo teksta fragmentu redaktoram!<\/p>\n<p>\n                    Zi\u0146ot par k\u013c\u016bdu\n                <\/p>\n","protected":false},"excerpt":{"rendered":"31. decembris, 2025, 18:46 Jaun\u0101 gada pirmaj\u0101 ned\u0113\u013cas nogal\u0113 Siguld\u0101 risin\u0101sies Pasaules kausa posms kamani\u0146u sport\u0101, un m\u0101jinieku&hellip;\n","protected":false},"author":2,"featured_media":92465,"comment_status":"","ping_status":"","sticky":false,"template":"","format":"standard","meta":{"footnotes":""},"categories":[17],"tags":[35,39,38,36,37,34,40,67],"class_list":{"0":"post-92464","1":"post","2":"type-post","3":"status-publish","4":"format-standard","5":"has-post-thumbnail","7":"category-sports","8":"tag-latvia","9":"tag-latvian","10":"tag-latviesu","11":"tag-latviesu-valoda","12":"tag-latviesuvaloda","13":"tag-latvija","14":"tag-lv","15":"tag-sports"},"share_on_mastodon":{"url":"https:\/\/pubeurope.com\/@lv\/115825107482618815","error":""},"_links":{"self":[{"href":"https:\/\/www.europesays.com\/lv\/wp-json\/wp\/v2\/posts\/92464","targetHints":{"allow":["GET"]}}],"collection":[{"href":"https:\/\/www.europesays.com\/lv\/wp-json\/wp\/v2\/posts"}],"about":[{"href":"https:\/\/www.europesays.com\/lv\/wp-json\/wp\/v2\/types\/post"}],"author":[{"embeddable":true,"href":"https:\/\/www.europesays.com\/lv\/wp-json\/wp\/v2\/users\/2"}],"replies":[{"embeddable":true,"href":"https:\/\/www.europesays.com\/lv\/wp-json\/wp\/v2\/comments?post=92464"}],"version-history":[{"count":0,"href":"https:\/\/www.europesays.com\/lv\/wp-json\/wp\/v2\/posts\/92464\/revisions"}],"wp:featuredmedia":[{"embeddable":true,"href":"https:\/\/www.europesays.com\/lv\/wp-json\/wp\/v2\/media\/92465"}],"wp:attachment":[{"href":"https:\/\/www.europesays.com\/lv\/wp-json\/wp\/v2\/media?parent=92464"}],"wp:term":[{"taxonomy":"category","embeddable":true,"href":"https:\/\/www.europesays.com\/lv\/wp-json\/wp\/v2\/categories?post=92464"},{"taxonomy":"post_tag","embeddable":true,"href":"https:\/\/www.europesays.com\/lv\/wp-json\/wp\/v2\/tags?post=92464"}],"curies":[{"name":"wp","href":"https:\/\/api.w.org\/{rel}","templated":true}]}}