{"id":92472,"date":"2026-01-02T10:54:08","date_gmt":"2026-01-02T10:54:08","guid":{"rendered":"https:\/\/www.europesays.com\/lv\/92472\/"},"modified":"2026-01-02T10:54:08","modified_gmt":"2026-01-02T10:54:08","slug":"google-laus-gmail-lietotajiem-mainit-savu-e-pasta-adresi","status":"publish","type":"post","link":"https:\/\/www.europesays.com\/lv\/92472\/","title":{"rendered":"&#8220;Google&#8221; \u013caus &#8220;Gmail&#8221; lietot\u0101jiem main\u012bt savu e-pasta adresi"},"content":{"rendered":"<p>Laikraksts raksta, ka daudzi cilv\u0113ki savus e-pasta kontus izveidoja pirms gadiem, v\u0113l b\u016bdami pusaud\u017ei. Lai gan jaun\u012bb\u0101 izv\u0113l\u0113t\u0101 e-pasta adrese var\u0113ja \u0161\u0137ist unik\u0101la, pieaugu\u0161\u0101 vecum\u0101 t\u0101 ar katru gadu k\u013cuva arvien ne\u0113rt\u0101ka, jo e-pasta konts k\u013cuva iz\u0161\u0137iro\u0161s, mekl\u0113jot darbu un piesakoties m\u0101joklim.<\/p>\n<p>&#8220;Google&#8221; tagad pied\u0101v\u0101 izeju, \u013caujot lietot\u0101jiem main\u012bt savu e-pasta adresi.<\/p>\n<p>Dr\u012bzum\u0101 <a href=\"https:\/\/www.apollo.lv\/term\/843974\/lietotaji\" class=\"topicLink\" target=\"_blank\" rel=\"nofollow noopener\">lietot\u0101ji<\/a> var\u0113s izv\u0113l\u0113ties jaunu adresi, no kuras s\u016bt\u012bt zi\u0146ojumus. Konta \u012bpa\u0161nieki ar main\u012bto adresi sa\u0146ems zi\u0146ojumus, kas nos\u016bt\u012bti uz veco adresi.<\/p>\n<p>Vair\u0101ki &#8220;Gmail&#8221; lietot\u0101ji atzin\u012bgi nov\u0113rt\u0113ja tehnolo\u0123iju uz\u0146\u0113muma pl\u0101noto soli.<\/p>\n<p>&#8220;T\u0101 k\u0101 es vienm\u0113r esmu bijis iestr\u0113dzis ar e-pasta adresi, ko izveidoju 13 gadu vecum\u0101, \u0161\u012bs noteikti b\u016btu apsveicamas p\u0101rmai\u0146as,&#8221; sac\u012bja k\u0101ds lietot\u0101js.<\/p>\n<p>&#8220;Google&#8221; apgalvo, ka t\u0101 e-pasta pakalpojumam ir gandr\u012bz 2,5 miljardi lietot\u0101ju.<\/p>\n<p>Adreses mai\u0146as pakalpojums v\u0113l nav pieejams visiem, ta\u010du tam pak\u0101peniski vajadz\u0113tu k\u013c\u016bt pieejamam visiem lietot\u0101jiem.<\/p>\n","protected":false},"excerpt":{"rendered":"Laikraksts raksta, ka daudzi cilv\u0113ki savus e-pasta kontus izveidoja pirms gadiem, v\u0113l b\u016bdami pusaud\u017ei. Lai gan jaun\u012bb\u0101 izv\u0113l\u0113t\u0101&hellip;\n","protected":false},"author":2,"featured_media":92473,"comment_status":"","ping_status":"","sticky":false,"template":"","format":"standard","meta":{"footnotes":""},"categories":[14],"tags":[23,57,28,29,32,33,23204,2010,22,30,31,35,39,38,36,37,34,23205,40,20,26,27,24,25,54,55,56,21,58],"class_list":{"0":"post-92472","1":"post","2":"type-post","3":"status-publish","4":"format-standard","5":"has-post-thumbnail","7":"category-zinas-no-arvalstim","8":"tag-aktualitates","9":"tag-arvalstim","10":"tag-breaking-news","11":"tag-breakingnews","12":"tag-featured-news","13":"tag-featurednews","14":"tag-gmail","15":"tag-google","16":"tag-headlines","17":"tag-latest-news","18":"tag-latestnews","19":"tag-latvia","20":"tag-latvian","21":"tag-latviesu","22":"tag-latviesu-valoda","23":"tag-latviesuvaloda","24":"tag-latvija","25":"tag-lietotaji","26":"tag-lv","27":"tag-news","28":"tag-popularakas-zinas","29":"tag-popularakaszinas","30":"tag-top-stories","31":"tag-topstories","32":"tag-world","33":"tag-world-news","34":"tag-worldnews","35":"tag-zinas","36":"tag-zinas-no-arvalstim"},"share_on_mastodon":{"url":"https:\/\/pubeurope.com\/@lv\/115825138956230978","error":""},"_links":{"self":[{"href":"https:\/\/www.europesays.com\/lv\/wp-json\/wp\/v2\/posts\/92472","targetHints":{"allow":["GET"]}}],"collection":[{"href":"https:\/\/www.europesays.com\/lv\/wp-json\/wp\/v2\/posts"}],"about":[{"href":"https:\/\/www.europesays.com\/lv\/wp-json\/wp\/v2\/types\/post"}],"author":[{"embeddable":true,"href":"https:\/\/www.europesays.com\/lv\/wp-json\/wp\/v2\/users\/2"}],"replies":[{"embeddable":true,"href":"https:\/\/www.europesays.com\/lv\/wp-json\/wp\/v2\/comments?post=92472"}],"version-history":[{"count":0,"href":"https:\/\/www.europesays.com\/lv\/wp-json\/wp\/v2\/posts\/92472\/revisions"}],"wp:featuredmedia":[{"embeddable":true,"href":"https:\/\/www.europesays.com\/lv\/wp-json\/wp\/v2\/media\/92473"}],"wp:attachment":[{"href":"https:\/\/www.europesays.com\/lv\/wp-json\/wp\/v2\/media?parent=92472"}],"wp:term":[{"taxonomy":"category","embeddable":true,"href":"https:\/\/www.europesays.com\/lv\/wp-json\/wp\/v2\/categories?post=92472"},{"taxonomy":"post_tag","embeddable":true,"href":"https:\/\/www.europesays.com\/lv\/wp-json\/wp\/v2\/tags?post=92472"}],"curies":[{"name":"wp","href":"https:\/\/api.w.org\/{rel}","templated":true}]}}