{"id":92476,"date":"2026-01-02T10:56:14","date_gmt":"2026-01-02T10:56:14","guid":{"rendered":"https:\/\/www.europesays.com\/lv\/92476\/"},"modified":"2026-01-02T10:56:14","modified_gmt":"2026-01-02T10:56:14","slug":"madonas-novada-degusi-vienstava-dzivojama-maja-2","status":"publish","type":"post","link":"https:\/\/www.europesays.com\/lv\/92476\/","title":{"rendered":"Madonas novad\u0101 degusi vienst\u0101va dz\u012bvojam\u0101 m\u0101ja"},"content":{"rendered":"<p>Madonas novada Aronas pagast\u0101 ceturtdien, 1. janv\u0101ri, degusi vienst\u0101va dz\u012bvojam\u0101 m\u0101ja 150 kvadr\u0101tmetru plat\u012bb\u0101, inform\u0113ja Valsts ugunsdz\u0113s\u012bbas un gl\u0101b\u0161anas dienest\u0101 (VUGD).<\/p>\n<p>Aizvad\u012btaj\u0101 diennakt\u012b sa\u0146emti izsaukumi uz notikumiem, kur dega d\u0101rza m\u0101ja, divas gar\u0101\u017eas, siena, sadz\u012bves mantas un starpst\u0101vu p\u0101rsegums, ba\u013c\u013ca, bez uzraudz\u012bbas atst\u0101ts \u0113diens, atkritumi, elektriskais \u016bdens jauc\u0113jkr\u0101ns un siena, k\u0101 ar\u012b sodr\u0113ji tr\u012bs dz\u012bvojamo m\u0101ju d\u016bmvados.<\/p>\n<p class=\"m-0\">Seko &#8220;Delfi&#8221; ar\u012b  <a target=\"_blank\" href=\"https:\/\/www.instagram.com\/delfi.lv\/\" rel=\"nofollow noopener\">Instagram<\/a>  un <a target=\"_blank\" href=\"https:\/\/www.youtube.com\/channel\/UCw5foWtcJvAbUm64rv7jwUQ\" rel=\"nofollow noopener\">YouTube<\/a>  profil\u0101 \u2013 pievienojies, lai uzzin\u0101tu svar\u012bg\u0101ko un interesant\u0101ko pirmais!<\/p>\n<p>Publik\u0101cijas saturs vai t\u0101s jebk\u0101da apjoma da\u013ca ir aizsarg\u0101ts autorties\u012bbu objekts Autorties\u012bbu likuma izpratn\u0113, un t\u0101 izmanto\u0161ana bez izdev\u0113ja at\u013caujas ir aizliegta. Vair\u0101k lasi  <a target=\"_blank\" href=\"https:\/\/www.delfi.lv\/noteikumi#autortiesibas\" rel=\"nofollow noopener\">\u0161eit<\/a><script async src=\"\/\/www.instagram.com\/embed.js\"><\/script><\/p>\n","protected":false},"excerpt":{"rendered":"Madonas novada Aronas pagast\u0101 ceturtdien, 1. janv\u0101ri, degusi vienst\u0101va dz\u012bvojam\u0101 m\u0101ja 150 kvadr\u0101tmetru plat\u012bb\u0101, inform\u0113ja Valsts ugunsdz\u0113s\u012bbas un&hellip;\n","protected":false},"author":2,"featured_media":92477,"comment_status":"","ping_status":"","sticky":false,"template":"","format":"standard","meta":{"footnotes":""},"categories":[5],"tags":[23,28,29,32,33,22,30,31,35,39,38,36,37,34,40,20,26,27,24,25,12428,21],"class_list":{"0":"post-92476","1":"post","2":"type-post","3":"status-publish","4":"format-standard","5":"has-post-thumbnail","7":"category-aktualitates","8":"tag-aktualitates","9":"tag-breaking-news","10":"tag-breakingnews","11":"tag-featured-news","12":"tag-featurednews","13":"tag-headlines","14":"tag-latest-news","15":"tag-latestnews","16":"tag-latvia","17":"tag-latvian","18":"tag-latviesu","19":"tag-latviesu-valoda","20":"tag-latviesuvaloda","21":"tag-latvija","22":"tag-lv","23":"tag-news","24":"tag-popularakas-zinas","25":"tag-popularakaszinas","26":"tag-top-stories","27":"tag-topstories","28":"tag-valsts-ugunsdzesibas-un-glabsanas-dienests","29":"tag-zinas"},"share_on_mastodon":{"url":"https:\/\/pubeurope.com\/@lv\/115825146810100338","error":""},"_links":{"self":[{"href":"https:\/\/www.europesays.com\/lv\/wp-json\/wp\/v2\/posts\/92476","targetHints":{"allow":["GET"]}}],"collection":[{"href":"https:\/\/www.europesays.com\/lv\/wp-json\/wp\/v2\/posts"}],"about":[{"href":"https:\/\/www.europesays.com\/lv\/wp-json\/wp\/v2\/types\/post"}],"author":[{"embeddable":true,"href":"https:\/\/www.europesays.com\/lv\/wp-json\/wp\/v2\/users\/2"}],"replies":[{"embeddable":true,"href":"https:\/\/www.europesays.com\/lv\/wp-json\/wp\/v2\/comments?post=92476"}],"version-history":[{"count":0,"href":"https:\/\/www.europesays.com\/lv\/wp-json\/wp\/v2\/posts\/92476\/revisions"}],"wp:featuredmedia":[{"embeddable":true,"href":"https:\/\/www.europesays.com\/lv\/wp-json\/wp\/v2\/media\/92477"}],"wp:attachment":[{"href":"https:\/\/www.europesays.com\/lv\/wp-json\/wp\/v2\/media?parent=92476"}],"wp:term":[{"taxonomy":"category","embeddable":true,"href":"https:\/\/www.europesays.com\/lv\/wp-json\/wp\/v2\/categories?post=92476"},{"taxonomy":"post_tag","embeddable":true,"href":"https:\/\/www.europesays.com\/lv\/wp-json\/wp\/v2\/tags?post=92476"}],"curies":[{"name":"wp","href":"https:\/\/api.w.org\/{rel}","templated":true}]}}