{"id":92490,"date":"2026-01-02T11:07:06","date_gmt":"2026-01-02T11:07:06","guid":{"rendered":"https:\/\/www.europesays.com\/lv\/92490\/"},"modified":"2026-01-02T11:07:06","modified_gmt":"2026-01-02T11:07:06","slug":"tallina-nogrimis-macibu-kugis-nra-lv","status":"publish","type":"post","link":"https:\/\/www.europesays.com\/lv\/92490\/","title":{"rendered":"Tallin\u0101 nogrimis m\u0101c\u012bbu ku\u0123is &#8211; nra.lv"},"content":{"rendered":"<p class=\"descr\">P\u0113c nesenajiem sliktajiem laikapst\u0101k\u013ciem m\u0101c\u012bbu ku\u0123is \u201cJuku\u201d, kas iepriek\u0161 tika izmantots k\u0101 pasa\u017eieru ku\u0123is braucieniem uz Aegnu, nogrima sav\u0101 piest\u0101tn\u0113 Tallinas hidropl\u0101nu ost\u0101, zi\u0146o Postimees.<\/p>\n<p>L\u012bdz 2017. gadam ku\u0123is pieder\u0113ja <a href=\"https:\/\/nra.lv\/birka\/tallina\/\" target=\"_blank\" rel=\"noopener nofollow\">Tallinas<\/a> pils\u0113tai; v\u0113l\u0101k to ieg\u0101d\u0101j\u0101s priv\u0101ts \u012bpa\u0161nieks.<\/p>\n","protected":false},"excerpt":{"rendered":"P\u0113c nesenajiem sliktajiem laikapst\u0101k\u013ciem m\u0101c\u012bbu ku\u0123is \u201cJuku\u201d, kas iepriek\u0161 tika izmantots k\u0101 pasa\u017eieru ku\u0123is braucieniem uz Aegnu, nogrima&hellip;\n","protected":false},"author":2,"featured_media":92491,"comment_status":"","ping_status":"","sticky":false,"template":"","format":"standard","meta":{"footnotes":""},"categories":[14],"tags":[23,57,28,29,32,33,22,30,31,35,39,38,36,37,34,40,20,26,27,24,25,54,55,56,21,58],"class_list":{"0":"post-92490","1":"post","2":"type-post","3":"status-publish","4":"format-standard","5":"has-post-thumbnail","7":"category-zinas-no-arvalstim","8":"tag-aktualitates","9":"tag-arvalstim","10":"tag-breaking-news","11":"tag-breakingnews","12":"tag-featured-news","13":"tag-featurednews","14":"tag-headlines","15":"tag-latest-news","16":"tag-latestnews","17":"tag-latvia","18":"tag-latvian","19":"tag-latviesu","20":"tag-latviesu-valoda","21":"tag-latviesuvaloda","22":"tag-latvija","23":"tag-lv","24":"tag-news","25":"tag-popularakas-zinas","26":"tag-popularakaszinas","27":"tag-top-stories","28":"tag-topstories","29":"tag-world","30":"tag-world-news","31":"tag-worldnews","32":"tag-zinas","33":"tag-zinas-no-arvalstim"},"share_on_mastodon":{"url":"https:\/\/pubeurope.com\/@lv\/115825190058664440","error":""},"_links":{"self":[{"href":"https:\/\/www.europesays.com\/lv\/wp-json\/wp\/v2\/posts\/92490","targetHints":{"allow":["GET"]}}],"collection":[{"href":"https:\/\/www.europesays.com\/lv\/wp-json\/wp\/v2\/posts"}],"about":[{"href":"https:\/\/www.europesays.com\/lv\/wp-json\/wp\/v2\/types\/post"}],"author":[{"embeddable":true,"href":"https:\/\/www.europesays.com\/lv\/wp-json\/wp\/v2\/users\/2"}],"replies":[{"embeddable":true,"href":"https:\/\/www.europesays.com\/lv\/wp-json\/wp\/v2\/comments?post=92490"}],"version-history":[{"count":0,"href":"https:\/\/www.europesays.com\/lv\/wp-json\/wp\/v2\/posts\/92490\/revisions"}],"wp:featuredmedia":[{"embeddable":true,"href":"https:\/\/www.europesays.com\/lv\/wp-json\/wp\/v2\/media\/92491"}],"wp:attachment":[{"href":"https:\/\/www.europesays.com\/lv\/wp-json\/wp\/v2\/media?parent=92490"}],"wp:term":[{"taxonomy":"category","embeddable":true,"href":"https:\/\/www.europesays.com\/lv\/wp-json\/wp\/v2\/categories?post=92490"},{"taxonomy":"post_tag","embeddable":true,"href":"https:\/\/www.europesays.com\/lv\/wp-json\/wp\/v2\/tags?post=92490"}],"curies":[{"name":"wp","href":"https:\/\/api.w.org\/{rel}","templated":true}]}}