{"id":92494,"date":"2026-01-02T11:09:08","date_gmt":"2026-01-02T11:09:08","guid":{"rendered":"https:\/\/www.europesays.com\/lv\/92494\/"},"modified":"2026-01-02T11:09:08","modified_gmt":"2026-01-02T11:09:08","slug":"video-%e2%9f%a9-raimonds-pauls-atklaj-ka-2025-gads-ir-bijis-vairak-neka-drums","status":"publish","type":"post","link":"https:\/\/www.europesays.com\/lv\/92494\/","title":{"rendered":"VIDEO \u27e9 Raimonds Pauls atkl\u0101j, ka 2025. gads ir bijis vair\u0101k nek\u0101 dr\u016bms"},"content":{"rendered":"<p>Maestro st\u0101sta par \u0161ogad piedz\u012bvoto, par zaud\u0113to m\u0101su Ed\u012bti un tik tuvo draugu J\u0101\u0146i Peteru. St\u0101sta par pa\u0161a piedz\u012bvotaj\u0101m vesel\u012bbas likst\u0101m. Un visam pa vidu br\u012b\u017eiem \u013cauj rok\u0101m p\u0101rskriet p\u0101r melnbaltajiem tausti\u0146iem. Ieskanas iem\u012b\u013cotu Ziemassv\u0113tku dziesmu notis.<\/p>\n<p>Jums nepat\u012bk intervijas. J\u016bs lab\u0101k sp\u0113l\u0113jat?<\/p>\n<p>N\u0113, nu visu izrun\u0101t \u2013 nav jau vairs par ko. Par politiku kategoriski \u2013 n\u0113, jo es tam visam esmu izg\u0101jis cauri. Iz\u0146emot pa galvu es vair\u0101k neko citu par to neesmu dab\u016bjis. Es biju laim\u012bgs, ka es \u0161os p\u0113d\u0113jos gadus centos visp\u0101r nerun\u0101t. Kad man pras\u012bja, ko es dom\u0101ju par tiem kariem, es teicu: nu, ko es dom\u0101ju? Kam tas interes\u0113, ko es dom\u0101ju?<\/p>\n<p>Vair\u0101k skatieties si\u017eet\u0101!<\/p>\n","protected":false},"excerpt":{"rendered":"Maestro st\u0101sta par \u0161ogad piedz\u012bvoto, par zaud\u0113to m\u0101su Ed\u012bti un tik tuvo draugu J\u0101\u0146i Peteru. St\u0101sta par pa\u0161a&hellip;\n","protected":false},"author":2,"featured_media":92495,"comment_status":"","ping_status":"","sticky":false,"template":"","format":"standard","meta":{"footnotes":""},"categories":[5],"tags":[23,28,29,32,33,22,237,1970,30,31,35,39,38,36,37,34,40,20,26,27,2672,24,25,21],"class_list":{"0":"post-92494","1":"post","2":"type-post","3":"status-publish","4":"format-standard","5":"has-post-thumbnail","7":"category-aktualitates","8":"tag-aktualitates","9":"tag-breaking-news","10":"tag-breakingnews","11":"tag-featured-news","12":"tag-featurednews","13":"tag-headlines","14":"tag-intervija","15":"tag-janis-peters","16":"tag-latest-news","17":"tag-latestnews","18":"tag-latvia","19":"tag-latvian","20":"tag-latviesu","21":"tag-latviesu-valoda","22":"tag-latviesuvaloda","23":"tag-latvija","24":"tag-lv","25":"tag-news","26":"tag-popularakas-zinas","27":"tag-popularakaszinas","28":"tag-raimonds-pauls","29":"tag-top-stories","30":"tag-topstories","31":"tag-zinas"},"share_on_mastodon":{"url":"https:\/\/pubeurope.com\/@lv\/115825197888705438","error":""},"_links":{"self":[{"href":"https:\/\/www.europesays.com\/lv\/wp-json\/wp\/v2\/posts\/92494","targetHints":{"allow":["GET"]}}],"collection":[{"href":"https:\/\/www.europesays.com\/lv\/wp-json\/wp\/v2\/posts"}],"about":[{"href":"https:\/\/www.europesays.com\/lv\/wp-json\/wp\/v2\/types\/post"}],"author":[{"embeddable":true,"href":"https:\/\/www.europesays.com\/lv\/wp-json\/wp\/v2\/users\/2"}],"replies":[{"embeddable":true,"href":"https:\/\/www.europesays.com\/lv\/wp-json\/wp\/v2\/comments?post=92494"}],"version-history":[{"count":0,"href":"https:\/\/www.europesays.com\/lv\/wp-json\/wp\/v2\/posts\/92494\/revisions"}],"wp:featuredmedia":[{"embeddable":true,"href":"https:\/\/www.europesays.com\/lv\/wp-json\/wp\/v2\/media\/92495"}],"wp:attachment":[{"href":"https:\/\/www.europesays.com\/lv\/wp-json\/wp\/v2\/media?parent=92494"}],"wp:term":[{"taxonomy":"category","embeddable":true,"href":"https:\/\/www.europesays.com\/lv\/wp-json\/wp\/v2\/categories?post=92494"},{"taxonomy":"post_tag","embeddable":true,"href":"https:\/\/www.europesays.com\/lv\/wp-json\/wp\/v2\/tags?post=92494"}],"curies":[{"name":"wp","href":"https:\/\/api.w.org\/{rel}","templated":true}]}}