{"id":92496,"date":"2026-01-02T11:13:18","date_gmt":"2026-01-02T11:13:18","guid":{"rendered":"https:\/\/www.europesays.com\/lv\/92496\/"},"modified":"2026-01-02T11:13:18","modified_gmt":"2026-01-02T11:13:18","slug":"vinstona-cercila-burtiski-kaila-diplomatija","status":"publish","type":"post","link":"https:\/\/www.europesays.com\/lv\/92496\/","title":{"rendered":"Vinstona \u010c\u0113r\u010dila burtiski kail\u0101 diplom\u0101tija"},"content":{"rendered":"<p>Cita starp\u0101 t\u0101d\u0113\u013c, ka \u010c\u0113r\u010dila m\u0101te bija amerik\u0101niete, labu attiec\u012bbu uztur\u0113\u0161ana ar ASV vi\u0146am bija \u012bpa\u0161i svar\u012bga, un, esot Lielbrit\u0101nijas premjerministra amat\u0101, vi\u0146\u0161 nekautr\u0113j\u0101s izmantot iesp\u0113jas doties viz\u012bt\u0113s pie valsts galv\u0101m otrpus oke\u0101nam. Sava premjerministra amata termi\u0146a laik\u0101 \u010c\u0113r\u010dils \u010detras reizes izbaud\u012bja Frenklina D. R\u016bzvelta un vienu reizi ar\u012b Dvaita Eizenhauera viesm\u012bl\u012bbu Baltaj\u0101 nam\u0101, turkl\u0101t uzturoties tur visnota\u013c ilgu laiku. Pirm\u0101 viz\u012bte vien ilga 24 dienas, no 1941. gada 22. decembra l\u012bdz 1942. gada 14. janv\u0101rim. Nav dzird\u0113ts, ka k\u0101ds cits \u0101rvalstu l\u012bderis b\u016btu viesojies Baltaj\u0101 nam\u0101 tik ilgu laiku.<\/p>\n<p>T\u0101d\u0113\u013c nav br\u012bnums, ka Balt\u0101 nam\u0101 apkalpojo\u0161ajam person\u0101lam un citiem laikabiedriem par \u010c\u0113r\u010dila viz\u012bt\u0113m ASV sakr\u0101jies vesels l\u0113rums palieko\u0161u atmi\u0146u.<\/p>\n","protected":false},"excerpt":{"rendered":"Cita starp\u0101 t\u0101d\u0113\u013c, ka \u010c\u0113r\u010dila m\u0101te bija amerik\u0101niete, labu attiec\u012bbu uztur\u0113\u0161ana ar ASV vi\u0146am bija \u012bpa\u0161i svar\u012bga, un,&hellip;\n","protected":false},"author":2,"featured_media":92497,"comment_status":"","ping_status":"","sticky":false,"template":"","format":"standard","meta":{"footnotes":""},"categories":[14],"tags":[23,57,63,28,29,32,33,22,30,31,35,39,38,36,37,34,40,20,26,27,24,25,2238,293,23216,54,55,56,21,58],"class_list":{"0":"post-92496","1":"post","2":"type-post","3":"status-publish","4":"format-standard","5":"has-post-thumbnail","7":"category-zinas-no-arvalstim","8":"tag-aktualitates","9":"tag-arvalstim","10":"tag-arvalstis","11":"tag-breaking-news","12":"tag-breakingnews","13":"tag-featured-news","14":"tag-featurednews","15":"tag-headlines","16":"tag-latest-news","17":"tag-latestnews","18":"tag-latvia","19":"tag-latvian","20":"tag-latviesu","21":"tag-latviesu-valoda","22":"tag-latviesuvaloda","23":"tag-latvija","24":"tag-lv","25":"tag-news","26":"tag-popularakas-zinas","27":"tag-popularakaszinas","28":"tag-top-stories","29":"tag-topstories","30":"tag-tvnet-arvalstis","31":"tag-vesture","32":"tag-vinstons-cercils","33":"tag-world","34":"tag-world-news","35":"tag-worldnews","36":"tag-zinas","37":"tag-zinas-no-arvalstim"},"share_on_mastodon":{"url":"https:\/\/pubeurope.com\/@lv\/115825213784406420","error":""},"_links":{"self":[{"href":"https:\/\/www.europesays.com\/lv\/wp-json\/wp\/v2\/posts\/92496","targetHints":{"allow":["GET"]}}],"collection":[{"href":"https:\/\/www.europesays.com\/lv\/wp-json\/wp\/v2\/posts"}],"about":[{"href":"https:\/\/www.europesays.com\/lv\/wp-json\/wp\/v2\/types\/post"}],"author":[{"embeddable":true,"href":"https:\/\/www.europesays.com\/lv\/wp-json\/wp\/v2\/users\/2"}],"replies":[{"embeddable":true,"href":"https:\/\/www.europesays.com\/lv\/wp-json\/wp\/v2\/comments?post=92496"}],"version-history":[{"count":0,"href":"https:\/\/www.europesays.com\/lv\/wp-json\/wp\/v2\/posts\/92496\/revisions"}],"wp:featuredmedia":[{"embeddable":true,"href":"https:\/\/www.europesays.com\/lv\/wp-json\/wp\/v2\/media\/92497"}],"wp:attachment":[{"href":"https:\/\/www.europesays.com\/lv\/wp-json\/wp\/v2\/media?parent=92496"}],"wp:term":[{"taxonomy":"category","embeddable":true,"href":"https:\/\/www.europesays.com\/lv\/wp-json\/wp\/v2\/categories?post=92496"},{"taxonomy":"post_tag","embeddable":true,"href":"https:\/\/www.europesays.com\/lv\/wp-json\/wp\/v2\/tags?post=92496"}],"curies":[{"name":"wp","href":"https:\/\/api.w.org\/{rel}","templated":true}]}}