{"id":92507,"date":"2026-01-02T11:25:07","date_gmt":"2026-01-02T11:25:07","guid":{"rendered":"https:\/\/www.europesays.com\/lv\/92507\/"},"modified":"2026-01-02T11:25:07","modified_gmt":"2026-01-02T11:25:07","slug":"ja-irana-vardarbigi-apspiedis-protestus-asv-iejauksies-bridina-tramps","status":"publish","type":"post","link":"https:\/\/www.europesays.com\/lv\/92507\/","title":{"rendered":"Ja Ir\u0101na vardarb\u012bgi apspied\u012bs protestus, ASV iejauksies, br\u012bdina Tramps"},"content":{"rendered":"<p>&#8220;Ja <a href=\"https:\/\/www.tvnet.lv\/term\/555447\/irana\" class=\"topicLink\" target=\"_blank\" rel=\"nofollow noopener\">Ir\u0101na<\/a> \u0161auj un vardarb\u012bgi nogalina mierm\u012bl\u012bgus protest\u0113t\u0101jus, k\u0101 tas ir vi\u0146u ierasts, Amerikas Savienot\u0101s Valstis n\u0101ks vi\u0146iem pal\u012bg\u0101,&#8221; pauda Tramps.<\/p>\n<p>ASV ir paaugstin\u0101tas gatav\u012bbas re\u017e\u012bm\u0101 un gatavas r\u012bkoties, nor\u0101d\u012bja prezidents.<\/p>\n<p>Ir\u0101na piektdien br\u012bdin\u0101ja, ka rea\u0123\u0113s uz jebk\u0101du ASV iejauk\u0161anos.<\/p>\n<p>&#8220;Jebkura intervences roka, kas uzbr\u016bk Ir\u0101nas dro\u0161\u012bbai ar jebk\u0101diem aizbildin\u0101jumiem, tiks pak\u013cauta atbildes reakcijai,&#8221; platform\u0101 &#8220;X&#8221; pauda Ir\u0101nas augst\u0101 l\u012bdera padomnieks Ali \u0160amhani.<\/p>\n<p>&#8220;Ir\u0101nas dro\u0161\u012bba ir sarkan\u0101 l\u012bnija,&#8221; uzsv\u0113ra padomnieks.<\/p>\n<p>Ir\u0101n\u0101 jau piekto dienu turpin\u0101s protesti pret dz\u012bves d\u0101rdz\u012bbas pieaugumu, sadursm\u0113s dz\u012bv\u012bbu zaud\u0113ju\u0161i vismaz se\u0161i cilv\u0113ki, piektdien v\u0113sta britu raidsabiedr\u012bba BBC.<\/p>\n<p>Protesti p\u0101raugu\u0161i vardarb\u012bb\u0101, to gait\u0101 aizdedzin\u0101tas automa\u0161\u012bnas.<\/p>\n<p>Daudzi protest\u0113t\u0101ji aicina izbeigt valsts augst\u0101k\u0101 l\u012bdera varu. Da\u017ei aicina atjaunot monarhiju.<\/p>\n<p>Ceturtdien tika zi\u0146ots par nek\u0101rt\u012bb\u0101m vair\u0101kos valsts re\u0123ionos, ko izrais\u012bja val\u016btas kursa straujais kritums un cenu k\u0101pums.<\/p>\n<p>Trampa pirm\u0101s prezident\u016bras laik\u0101 2018. gad\u0101 ASV izst\u0101j\u0101s no starptautisk\u0101s vieno\u0161an\u0101s par Ir\u0101nas kodolprogrammu un noteica Teher\u0101nai smagas sankcijas.<\/p>\n","protected":false},"excerpt":{"rendered":"&#8220;Ja Ir\u0101na \u0161auj un vardarb\u012bgi nogalina mierm\u012bl\u012bgus protest\u0113t\u0101jus, k\u0101 tas ir vi\u0146u ierasts, Amerikas Savienot\u0101s Valstis n\u0101ks vi\u0146iem&hellip;\n","protected":false},"author":2,"featured_media":71485,"comment_status":"","ping_status":"","sticky":false,"template":"","format":"standard","meta":{"footnotes":""},"categories":[14],"tags":[23,57,28,29,542,32,33,22,2562,30,31,35,39,38,36,37,34,40,20,26,27,24,25,54,55,56,21,58],"class_list":{"0":"post-92507","1":"post","2":"type-post","3":"status-publish","4":"format-standard","5":"has-post-thumbnail","7":"category-zinas-no-arvalstim","8":"tag-aktualitates","9":"tag-arvalstim","10":"tag-breaking-news","11":"tag-breakingnews","12":"tag-donalds-tramps","13":"tag-featured-news","14":"tag-featurednews","15":"tag-headlines","16":"tag-irana","17":"tag-latest-news","18":"tag-latestnews","19":"tag-latvia","20":"tag-latvian","21":"tag-latviesu","22":"tag-latviesu-valoda","23":"tag-latviesuvaloda","24":"tag-latvija","25":"tag-lv","26":"tag-news","27":"tag-popularakas-zinas","28":"tag-popularakaszinas","29":"tag-top-stories","30":"tag-topstories","31":"tag-world","32":"tag-world-news","33":"tag-worldnews","34":"tag-zinas","35":"tag-zinas-no-arvalstim"},"share_on_mastodon":{"url":"https:\/\/pubeurope.com\/@lv\/115825260804558881","error":""},"_links":{"self":[{"href":"https:\/\/www.europesays.com\/lv\/wp-json\/wp\/v2\/posts\/92507","targetHints":{"allow":["GET"]}}],"collection":[{"href":"https:\/\/www.europesays.com\/lv\/wp-json\/wp\/v2\/posts"}],"about":[{"href":"https:\/\/www.europesays.com\/lv\/wp-json\/wp\/v2\/types\/post"}],"author":[{"embeddable":true,"href":"https:\/\/www.europesays.com\/lv\/wp-json\/wp\/v2\/users\/2"}],"replies":[{"embeddable":true,"href":"https:\/\/www.europesays.com\/lv\/wp-json\/wp\/v2\/comments?post=92507"}],"version-history":[{"count":0,"href":"https:\/\/www.europesays.com\/lv\/wp-json\/wp\/v2\/posts\/92507\/revisions"}],"wp:featuredmedia":[{"embeddable":true,"href":"https:\/\/www.europesays.com\/lv\/wp-json\/wp\/v2\/media\/71485"}],"wp:attachment":[{"href":"https:\/\/www.europesays.com\/lv\/wp-json\/wp\/v2\/media?parent=92507"}],"wp:term":[{"taxonomy":"category","embeddable":true,"href":"https:\/\/www.europesays.com\/lv\/wp-json\/wp\/v2\/categories?post=92507"},{"taxonomy":"post_tag","embeddable":true,"href":"https:\/\/www.europesays.com\/lv\/wp-json\/wp\/v2\/tags?post=92507"}],"curies":[{"name":"wp","href":"https:\/\/api.w.org\/{rel}","templated":true}]}}