{"id":92551,"date":"2026-01-02T12:15:11","date_gmt":"2026-01-02T12:15:11","guid":{"rendered":"https:\/\/www.europesays.com\/lv\/92551\/"},"modified":"2026-01-02T12:15:11","modified_gmt":"2026-01-02T12:15:11","slug":"koalicija-iespejams-daris-visu-lai-turpinatu-darbu-lidz-velesanam","status":"publish","type":"post","link":"https:\/\/www.europesays.com\/lv\/92551\/","title":{"rendered":"Koal\u012bcija, iesp\u0113jams, dar\u012bs visu, lai turpin\u0101tu darbu l\u012bdz v\u0113l\u0113\u0161an\u0101m"},"content":{"rendered":"<p>Savuk\u0101rt Apvienoto sarakstu (AS) politolo\u0123e saredz k\u0101 pragmatisku un konstrukt\u012bvu politisko sp\u0113ku, kas, iesp\u0113jams, uzsv\u0113rs ekonomikas att\u012bst\u012bbu, re\u0123ionu jaut\u0101jumus un valsts p\u0101rvald\u012bbas kvalit\u0101ti, vienlaikus pozicion\u0113jot sevi k\u0101 iesp\u0113jamu alternat\u012bvu eso\u0161aj\u0101m varas partij\u0101m.<\/p>\n<p>Run\u0101jot par &#8220;Latviju pirmaj\u0101 viet\u0101&#8221; (LPV), Metla-Rozent\u0101le akcent\u0113ja, ka partijas reitingi ir sal\u012bdzino\u0161i augsti, tom\u0113r \u0161\u0101dam politiskajam pied\u0101v\u0101jumam Latvij\u0101 var\u0113tu b\u016bt noteikti izaugsmes griesti. Vi\u0146a nor\u0101d\u012bja, ka neapmierin\u0101t\u012bba ar vald\u012bbu autom\u0101tiski nenoz\u012bm\u0113 atbalstu LPV un, lai gan partija, visticam\u0101k, saglab\u0101s vado\u0161a opoz\u012bcijas sp\u0113ka lomu, t\u0101s iesp\u0113jas k\u013c\u016bt par noz\u012bm\u012bgu vald\u012bbas partneri ir ierobe\u017eotas.<\/p>\n<p>Jaut\u0101ta par iesp\u0113jam\u0101m p\u0113cv\u0113l\u0113\u0161anu koal\u012bcij\u0101m, politolo\u0123e nor\u0101d\u012bja, ka iz\u0161\u0137iro\u0161a b\u016bs v\u0113l\u0113\u0161anu matem\u0101tika un partiju ieg\u016bto mand\u0101tu sadal\u012bjums. Vi\u0146a pie\u013c\u0101va da\u017e\u0101dus scen\u0101rijus, tostarp da\u017e\u0101das rok\u0101des starp ZZS, JV, &#8220;Progres\u012bvajiem&#8221; un AS, ta\u010du neizsl\u0113dza ar\u012b cita koal\u012bcijas mode\u013ca atjauno\u0161anu ar JV, NA un AS, ja tas \u013cautu izveidot stabilu vair\u0101kumu.<\/p>\n<p>Metla-Rozent\u0101le uzsv\u0113ra, ka patlaban v\u0113l ir gr\u016bti prognoz\u0113t k\u0101du konkr\u0113tu koal\u012bcijas modeli, tom\u0113r, vi\u0146aspr\u0101t, LPV ar\u012b p\u0113c v\u0113l\u0113\u0161an\u0101m paliks sp\u0113c\u012bgs opoz\u012bcijas sp\u0113l\u0113t\u0101js.<\/p>\n","protected":false},"excerpt":{"rendered":"Savuk\u0101rt Apvienoto sarakstu (AS) politolo\u0123e saredz k\u0101 pragmatisku un konstrukt\u012bvu politisko sp\u0113ku, kas, iesp\u0113jams, uzsv\u0113rs ekonomikas att\u012bst\u012bbu, re\u0123ionu&hellip;\n","protected":false},"author":2,"featured_media":92552,"comment_status":"","ping_status":"","sticky":false,"template":"","format":"standard","meta":{"footnotes":""},"categories":[5],"tags":[23,28,29,3962,32,33,22,351,30,31,35,39,38,36,37,34,40,20,26,27,24,25,21],"class_list":{"0":"post-92551","1":"post","2":"type-post","3":"status-publish","4":"format-standard","5":"has-post-thumbnail","7":"category-aktualitates","8":"tag-aktualitates","9":"tag-breaking-news","10":"tag-breakingnews","11":"tag-evikas-silinas-valdiba","12":"tag-featured-news","13":"tag-featurednews","14":"tag-headlines","15":"tag-koalicija","16":"tag-latest-news","17":"tag-latestnews","18":"tag-latvia","19":"tag-latvian","20":"tag-latviesu","21":"tag-latviesu-valoda","22":"tag-latviesuvaloda","23":"tag-latvija","24":"tag-lv","25":"tag-news","26":"tag-popularakas-zinas","27":"tag-popularakaszinas","28":"tag-top-stories","29":"tag-topstories","30":"tag-zinas"},"share_on_mastodon":{"url":"https:\/\/pubeurope.com\/@lv\/115825457722801109","error":""},"_links":{"self":[{"href":"https:\/\/www.europesays.com\/lv\/wp-json\/wp\/v2\/posts\/92551","targetHints":{"allow":["GET"]}}],"collection":[{"href":"https:\/\/www.europesays.com\/lv\/wp-json\/wp\/v2\/posts"}],"about":[{"href":"https:\/\/www.europesays.com\/lv\/wp-json\/wp\/v2\/types\/post"}],"author":[{"embeddable":true,"href":"https:\/\/www.europesays.com\/lv\/wp-json\/wp\/v2\/users\/2"}],"replies":[{"embeddable":true,"href":"https:\/\/www.europesays.com\/lv\/wp-json\/wp\/v2\/comments?post=92551"}],"version-history":[{"count":0,"href":"https:\/\/www.europesays.com\/lv\/wp-json\/wp\/v2\/posts\/92551\/revisions"}],"wp:featuredmedia":[{"embeddable":true,"href":"https:\/\/www.europesays.com\/lv\/wp-json\/wp\/v2\/media\/92552"}],"wp:attachment":[{"href":"https:\/\/www.europesays.com\/lv\/wp-json\/wp\/v2\/media?parent=92551"}],"wp:term":[{"taxonomy":"category","embeddable":true,"href":"https:\/\/www.europesays.com\/lv\/wp-json\/wp\/v2\/categories?post=92551"},{"taxonomy":"post_tag","embeddable":true,"href":"https:\/\/www.europesays.com\/lv\/wp-json\/wp\/v2\/tags?post=92551"}],"curies":[{"name":"wp","href":"https:\/\/api.w.org\/{rel}","templated":true}]}}