{"id":92607,"date":"2026-01-02T13:28:10","date_gmt":"2026-01-02T13:28:10","guid":{"rendered":"https:\/\/www.europesays.com\/lv\/92607\/"},"modified":"2026-01-02T13:28:10","modified_gmt":"2026-01-02T13:28:10","slug":"lelde-dreimane-liek-noprast-ka-ir-attiecibas-ar-sova-randins-ar-divam-satikto-virieti","status":"publish","type":"post","link":"https:\/\/www.europesays.com\/lv\/92607\/","title":{"rendered":"Lelde Dreimane liek noprast, ka ir attiec\u012bb\u0101s ar \u0161ov\u0101 &#8220;Randi\u0146\u0161 ar div\u0101m&#8221; satikto v\u012brieti"},"content":{"rendered":"<p>P\u0113c iepaz\u012b\u0161an\u0101s \u0161ova &#8220;<a rel=\"noopener nofollow\" target=\"_blank\" href=\"https:\/\/www.delfi.lv\/temas\/44186291\/randins\" tag-id=\"44186291\">Randi\u0146\u0161<\/a> ar div\u0101m&#8221; ska\u013c\u0101 fin\u0101la, kur\u0101 aktrise <a rel=\"noopener nofollow\" target=\"_blank\" href=\"https:\/\/www.delfi.lv\/temas\/47333345\/lelde-dreimane\" tag-id=\"47333345\">Lelde Dreimane<\/a> nosl\u0113gum\u0101 neizv\u0113l\u0113j\u0101s nevienu no fin\u0101listiem, vi\u0146a tagad soci\u0101lajos medijos liek noprast, ka <a rel=\"noopener nofollow\" target=\"_blank\" href=\"https:\/\/www.delfi.lv\/temas\/44183345\/attiecibas\" tag-id=\"44183345\">attiec\u012bbas<\/a> ar Art\u016bru turpin\u0101s ar\u012b \u0101rpus \u0161ova.<\/p>\n<p class=\"MsoNormal\">Fin\u0101la epizod\u0113 Lindas Kalni\u0146as izv\u0113le bija Edgars, savuk\u0101rt Lelde k\u0101 fin\u0101listu bija izvirz\u012bjusi Arnoldu, tom\u0113r iz\u0161\u0137iro\u0161aj\u0101 br\u012bd\u012b notika negaid\u012bts pav\u0113rsiens \u2013 Art\u016brs, kur\u0161 iepriek\u0161 bija pametis \u0161ovu meitas dzim\u0161anas dienas d\u0113\u013c, uzrakst\u012bja Leldei v\u0113stuli un atgriez\u0101s vill\u0101. Lelde \u0161\u0101du situ\u0101cijas att\u012bst\u012bbu uztv\u0113ra k\u0101 aizsk\u0101rumu un nol\u0113ma p\u0101ri neveidot ne ar Arnoldu, ne Art\u016bru.<\/p>\n<p class=\"m-0\">Seko &#8220;Delfi&#8221; ar\u012b  <a target=\"_blank\" href=\"https:\/\/www.instagram.com\/delfi.lv\/\" rel=\"nofollow noopener\">Instagram<\/a>  un <a target=\"_blank\" href=\"https:\/\/www.youtube.com\/channel\/UCw5foWtcJvAbUm64rv7jwUQ\" rel=\"nofollow noopener\">YouTube<\/a>  profil\u0101 \u2013 pievienojies, lai uzzin\u0101tu svar\u012bg\u0101ko un interesant\u0101ko pirmais!<\/p>\n<p>Publik\u0101cijas saturs vai t\u0101s jebk\u0101da apjoma da\u013ca ir aizsarg\u0101ts autorties\u012bbu objekts Autorties\u012bbu likuma izpratn\u0113, un t\u0101 izmanto\u0161ana bez izdev\u0113ja at\u013caujas ir aizliegta. Vair\u0101k lasi  <a target=\"_blank\" href=\"https:\/\/www.delfi.lv\/noteikumi#autortiesibas\" rel=\"nofollow noopener\">\u0161eit<\/a><script async src=\"\/\/www.instagram.com\/embed.js\"><\/script><\/p>\n","protected":false},"excerpt":{"rendered":"P\u0113c iepaz\u012b\u0161an\u0101s \u0161ova &#8220;Randi\u0146\u0161 ar div\u0101m&#8221; ska\u013c\u0101 fin\u0101la, kur\u0101 aktrise Lelde Dreimane nosl\u0113gum\u0101 neizv\u0113l\u0113j\u0101s nevienu no fin\u0101listiem, vi\u0146a&hellip;\n","protected":false},"author":2,"featured_media":92608,"comment_status":"","ping_status":"","sticky":false,"template":"","format":"standard","meta":{"footnotes":""},"categories":[19],"tags":[23238,262,89,90,35,39,38,36,37,34,3714,40,10692],"class_list":{"0":"post-92607","1":"post","2":"type-post","3":"status-publish","4":"format-standard","5":"has-post-thumbnail","7":"category-izklaide","8":"tag-aktrise-linda-kalnina","9":"tag-attiecibas","10":"tag-entertainment","11":"tag-izklaide","12":"tag-latvia","13":"tag-latvian","14":"tag-latviesu","15":"tag-latviesu-valoda","16":"tag-latviesuvaloda","17":"tag-latvija","18":"tag-lelde-dreimane","19":"tag-lv","20":"tag-randins"},"share_on_mastodon":{"url":"https:\/\/pubeurope.com\/@lv\/115825744581110624","error":""},"_links":{"self":[{"href":"https:\/\/www.europesays.com\/lv\/wp-json\/wp\/v2\/posts\/92607","targetHints":{"allow":["GET"]}}],"collection":[{"href":"https:\/\/www.europesays.com\/lv\/wp-json\/wp\/v2\/posts"}],"about":[{"href":"https:\/\/www.europesays.com\/lv\/wp-json\/wp\/v2\/types\/post"}],"author":[{"embeddable":true,"href":"https:\/\/www.europesays.com\/lv\/wp-json\/wp\/v2\/users\/2"}],"replies":[{"embeddable":true,"href":"https:\/\/www.europesays.com\/lv\/wp-json\/wp\/v2\/comments?post=92607"}],"version-history":[{"count":0,"href":"https:\/\/www.europesays.com\/lv\/wp-json\/wp\/v2\/posts\/92607\/revisions"}],"wp:featuredmedia":[{"embeddable":true,"href":"https:\/\/www.europesays.com\/lv\/wp-json\/wp\/v2\/media\/92608"}],"wp:attachment":[{"href":"https:\/\/www.europesays.com\/lv\/wp-json\/wp\/v2\/media?parent=92607"}],"wp:term":[{"taxonomy":"category","embeddable":true,"href":"https:\/\/www.europesays.com\/lv\/wp-json\/wp\/v2\/categories?post=92607"},{"taxonomy":"post_tag","embeddable":true,"href":"https:\/\/www.europesays.com\/lv\/wp-json\/wp\/v2\/tags?post=92607"}],"curies":[{"name":"wp","href":"https:\/\/api.w.org\/{rel}","templated":true}]}}