{"id":92613,"date":"2026-01-02T13:35:11","date_gmt":"2026-01-02T13:35:11","guid":{"rendered":"https:\/\/www.europesays.com\/lv\/92613\/"},"modified":"2026-01-02T13:35:11","modified_gmt":"2026-01-02T13:35:11","slug":"chelsea-bez-enco-mareskas-anglijas-klubs-maina-komandas-sturmani-jauns-lv","status":"publish","type":"post","link":"https:\/\/www.europesays.com\/lv\/92613\/","title":{"rendered":"\u201cChelsea\u201d bez Enco Mareskas &#8211; Anglijas klubs maina komandas st\u016brmani &#8211; Jauns.lv"},"content":{"rendered":"<ol>\n<li><a href=\"https:\/\/news.google.com\/rss\/articles\/CBMipAFBVV95cUxOWXlIR0tvZG5fR1dLYWg1elVCeGd4bFRadi0tYkM1VzRlUUJ0amNkUUF1bW5TcnhQZGVrYmRjMWFVSWppUXhwVWo5Wjc3WlR5Z200TEl5OVQ0cURiZnFKNmMzUnJsN1NzS09wdUp5dTU1UVBqa0t5alpIT09RaHNpTUlNLUZXUVlzRHY1TW41UGw3S2dvS0kyUzFfSUVmZTVUbjVTSg?oc=5\" target=\"_blank\" rel=\"nofollow noopener\">\u201cChelsea\u201d bez Enco Mareskas &#8211; Anglijas klubs maina komandas st\u016brmani<\/a>&nbsp;&nbsp;Jauns.lv<\/li>\n<li><a href=\"https:\/\/news.google.com\/rss\/articles\/CBMijAFBVV95cUxQOXhUVUpvTzM4eHlMeTV4YklFeC0xT3pYNmlxRnFrNnNneGRDNG1HOGFMSzM4VVE5cWFGVjBQWlh5U09pN21US2Q2NlN6MzF0b19EVUdDSXd5MG9tdGVXTXJ0cXNGMGdEbUlOamRHVzdGS0ZfSjdaY2FmNHZKSERYMjZBM2FBVVVWNjVMbg?oc=5\" target=\"_blank\" rel=\"nofollow noopener\">&#8220;Chelsea&#8221; jauno gadu s\u0101k ar \u0161\u0137ir\u0161anos no galven\u0101 trenera<\/a>&nbsp;&nbsp;Apollo.lv<\/li>\n<li><a href=\"https:\/\/news.google.com\/rss\/articles\/CBMigAFBVV95cUxPZHNWUXZuQjJIUDJrbV9mRm9McWhOMjVGSW5TQkJJZXRWTzcyYUlDSy1jZmIyV0l4c3IwcEpXOUxZaV9ZMXV5Nkl6ZWxOTDFlVkotaTd4LVZsaEp3emNRUmVGTDFVcmZkTnJQTkhjUDMtN3V2SE5qZm1DelVSQTBNTw?oc=5\" target=\"_blank\" rel=\"nofollow noopener\">Jaungada \u201cd\u0101vana\u201d \u2013 \u201cChelsea\u201d atlai\u017e galveno treneri<\/a>&nbsp;&nbsp;Sportazinas.com<\/li>\n<li><a href=\"https:\/\/news.google.com\/rss\/articles\/CBMilgFBVV95cUxNOW96dTZFT05KbWViVi1rT29XXzNhbHdTZ1BlWTV6djcwTTlEc2g1UkhGUDRfSDYwRnpJSlZVS1g5NDlLdWpqTWRBS0ZYSUx6LVJqdGNFdjdIRjk1aXhEY1lKVVpXX2hMQ0NFUG8tdmpmbXhjVllqZUxyT2JuN05vblROWFlCT215MTM3SkxtMTdKcG9SWXc?oc=5\" target=\"_blank\" rel=\"nofollow noopener\">Anglijas futbola grands &#8221;Chelsea&#8221; gada pirmaj\u0101 dien\u0101 \u0161\u0137iras no galven\u0101 trenera \u2013 Futbols<\/a>&nbsp;&nbsp;Sportacentrs.com<\/li>\n<li><a href=\"https:\/\/news.google.com\/rss\/articles\/CBMirAFBVV95cUxPcmFreTU4NzBpZTB2OWtwaG9NM093LVRXMi1GTU9ReTg3bzhuczd6YkY0dThueGtuV3ZqQkhEMU5XcWZkRjBqSTRocXZhVFBrOTZtZV9YVm5mUUZkMUxudXk2eDZkRUwzUVpYYUZzUDRNSVNTMkgwYndTY25lRm1WZERJTWR4X3lvOGdHMTFiZGhEQVFtamIxeENmdHFZV3lySXd1NVdTQTlvOGZH?oc=5\" target=\"_blank\" rel=\"nofollow noopener\">\u201cChelsea\u201d \u0161\u0137iras no galven\u0101 trenera Enco Mareskas gada pirmaj\u0101 dien\u0101<\/a>&nbsp;&nbsp;Lente.lv<\/li>\n<\/ol>\n","protected":false},"excerpt":{"rendered":"\u201cChelsea\u201d bez Enco Mareskas &#8211; Anglijas klubs maina komandas st\u016brmani&nbsp;&nbsp;Jauns.lv &#8220;Chelsea&#8221; jauno gadu s\u0101k ar \u0161\u0137ir\u0161anos no galven\u0101&hellip;\n","protected":false},"author":2,"featured_media":92614,"comment_status":"","ping_status":"","sticky":false,"template":"","format":"standard","meta":{"footnotes":""},"categories":[17],"tags":[35,39,38,36,37,34,40,67],"class_list":{"0":"post-92613","1":"post","2":"type-post","3":"status-publish","4":"format-standard","5":"has-post-thumbnail","7":"category-sports","8":"tag-latvia","9":"tag-latvian","10":"tag-latviesu","11":"tag-latviesu-valoda","12":"tag-latviesuvaloda","13":"tag-latvija","14":"tag-lv","15":"tag-sports"},"share_on_mastodon":{"url":"https:\/\/pubeurope.com\/@lv\/115825772115173565","error":""},"_links":{"self":[{"href":"https:\/\/www.europesays.com\/lv\/wp-json\/wp\/v2\/posts\/92613","targetHints":{"allow":["GET"]}}],"collection":[{"href":"https:\/\/www.europesays.com\/lv\/wp-json\/wp\/v2\/posts"}],"about":[{"href":"https:\/\/www.europesays.com\/lv\/wp-json\/wp\/v2\/types\/post"}],"author":[{"embeddable":true,"href":"https:\/\/www.europesays.com\/lv\/wp-json\/wp\/v2\/users\/2"}],"replies":[{"embeddable":true,"href":"https:\/\/www.europesays.com\/lv\/wp-json\/wp\/v2\/comments?post=92613"}],"version-history":[{"count":0,"href":"https:\/\/www.europesays.com\/lv\/wp-json\/wp\/v2\/posts\/92613\/revisions"}],"wp:featuredmedia":[{"embeddable":true,"href":"https:\/\/www.europesays.com\/lv\/wp-json\/wp\/v2\/media\/92614"}],"wp:attachment":[{"href":"https:\/\/www.europesays.com\/lv\/wp-json\/wp\/v2\/media?parent=92613"}],"wp:term":[{"taxonomy":"category","embeddable":true,"href":"https:\/\/www.europesays.com\/lv\/wp-json\/wp\/v2\/categories?post=92613"},{"taxonomy":"post_tag","embeddable":true,"href":"https:\/\/www.europesays.com\/lv\/wp-json\/wp\/v2\/tags?post=92613"}],"curies":[{"name":"wp","href":"https:\/\/api.w.org\/{rel}","templated":true}]}}