{"id":92615,"date":"2026-01-02T13:36:06","date_gmt":"2026-01-02T13:36:06","guid":{"rendered":"https:\/\/www.europesays.com\/lv\/92615\/"},"modified":"2026-01-02T13:36:06","modified_gmt":"2026-01-02T13:36:06","slug":"riga-sagaidita-jauna-airbaltic-lidmasina-lente-lv","status":"publish","type":"post","link":"https:\/\/www.europesays.com\/lv\/92615\/","title":{"rendered":"R\u012bg\u0101 sagaid\u012bta jauna &quot;airBaltic&quot; lidma\u0161\u012bna &#8211; Lente.lv"},"content":{"rendered":"<ol>\n<li><a href=\"https:\/\/news.google.com\/rss\/articles\/CBMingFBVV95cUxPTVltbF8zMm1SVm1aOFhmTHB6RXpYUmJfdXIzZGc1LWxtaUZ3R3FGMEJKczhSVWVHTDAwLVBRc25HY0FueGtrMS1MRjE3MWpOdmhBTDF1aEhEWEJMbjFFT0doNTlNSmVSVzZOUEJuWTQ0V0VQbHRwQXI3cFRpV3B3MUVoUk1Nc1VKcGtnN3ByVW44cHF6STIza1QzTEtkdw?oc=5\" target=\"_blank\" rel=\"nofollow noopener\">R\u012bg\u0101 sagaid\u012bta jauna &#8220;airBaltic&#8221; lidma\u0161\u012bna<\/a>&nbsp;&nbsp;Lente.lv<\/li>\n<li><a href=\"https:\/\/news.google.com\/rss\/articles\/CBMifkFVX3lxTE1NLUIySG41UE1xSDR1d2ZuVXN2bWd6NDNMd3F3V2w4VmliZ0EwR3F3Y241TklYcTJRdnMzNFlhOHpmeFVkb0JkSzJhWTdoNzlBMUFjY3RiaXZWdnM1Q2ZHa1NoUlFBQS1QanQ0QlpiZ3lzWDJjUGJNY1kzQ0NqQQ?oc=5\" target=\"_blank\" rel=\"nofollow noopener\">&#8220;airBaltic&#8221; sa\u0146em 52. &#8220;Airbus A220-300&#8221; lidma\u0161\u012bnu<\/a>&nbsp;&nbsp;TVNET<\/li>\n<li><a href=\"https:\/\/news.google.com\/rss\/articles\/CBMi1wFBVV95cUxPNGtHU3ZxNkNlWEF5NXpDcXFfZ0UxT3A1Y1lMZDIxSkQ5ZXNXNEwtemNPT0loNFJxSFMzdkhHZWZhaUlxX0gyVk5qMGFqMkxpa3FEeV9waHBaM0JGWDV6T0FqZl9obXQxZ2hhcHhqMTRtSXYwT0hQN0hUTWRfeG5LeFBsYVlGSEp1cXo4YVJfR210REY3RGxuTldLZGo3a09NWWkxMldvclBoNC1CRXAxQkFvU1B5WEdIMWFzbTBVZV9wd2lVRS1ybk9CcXRqcUQ4cE11VEhzaw?oc=5\" target=\"_blank\" rel=\"nofollow noopener\">Val\u0113rijas Markesas n\u0101v\u0113 noraudz\u012bj\u0101s miljoniem cilv\u0113ku; slepkava joproj\u0101m nav notverts<\/a>&nbsp;&nbsp;tv3.lv<\/li>\n<li><a href=\"https:\/\/news.google.com\/rss\/articles\/CBMihgFBVV95cUxPYTdIQU5aME1qTzFrNHdMQl9GV1RJRzFHQ28wTWtPbjkxYVNTbkFCdHE4emlvbld6VXl2UGFNcFRualBUXzFOcU1EQXJGX3YtSzRSOVQzcERDZVRFN21qeUxJR0hyVE5WLWtpc2JZS1dycDBtdE94d3A4enRPRDg4UnI0MU9MZw?oc=5\" target=\"_blank\" rel=\"nofollow noopener\">airBaltic sa\u0146em jaun\u0101ko Airbus A220-300 lidma\u0161\u012bnu<\/a>&nbsp;&nbsp;Dienas Bizness<\/li>\n<li><a href=\"https:\/\/news.google.com\/rss\/articles\/CBMisgFBVV95cUxPNGN6NXVNeDhlODRRaHdKMFhmZ3V6NWdibHcwRFNteFhuT1RHcTdmUW5oSmkyRlN3Wk9KRUJaQ3V4U0RFSWtNZVhaOFJnUFJsMkJQVW00VlFtMnZOd2RJYm84WHZJWVBhSVh4ci01QUtnTVlndERsTVBjdHc5akVjTUNJUEN6YjFnVF9DOHlYbjNLazdLaDFLaE1JZFRzN3ROUGlhQ1RDOW1HUWhicnRSUWVB?oc=5\" target=\"_blank\" rel=\"nofollow noopener\">airBaltic sa\u0146em jaunu Airbus A220-300 lidma\u0161\u012bnu, papla\u0161inot savu floti<\/a>&nbsp;&nbsp;Lente.lv<\/li>\n<\/ol>\n","protected":false},"excerpt":{"rendered":"R\u012bg\u0101 sagaid\u012bta jauna &#8220;airBaltic&#8221; lidma\u0161\u012bna&nbsp;&nbsp;Lente.lv &#8220;airBaltic&#8221; sa\u0146em 52. &#8220;Airbus A220-300&#8221; lidma\u0161\u012bnu&nbsp;&nbsp;TVNET Val\u0113rijas Markesas n\u0101v\u0113 noraudz\u012bj\u0101s miljoniem cilv\u0113ku; slepkava&hellip;\n","protected":false},"author":2,"featured_media":92616,"comment_status":"","ping_status":"","sticky":false,"template":"","format":"standard","meta":{"footnotes":""},"categories":[16],"tags":[3307,23233,1133,77,76,35,39,38,23239,36,37,34,15582,40],"class_list":{"0":"post-92615","1":"post","2":"type-post","3":"status-publish","4":"format-standard","5":"has-post-thumbnail","7":"category-bizness","8":"tag-airbaltic","9":"tag-airbus-a220-300","10":"tag-aviacija","11":"tag-bizness","12":"tag-business","13":"tag-latvia","14":"tag-latvian","15":"tag-latviesu","16":"tag-latviesu-lidsabiedriba","17":"tag-latviesu-valoda","18":"tag-latviesuvaloda","19":"tag-latvija","20":"tag-lidosta-riga","21":"tag-lv"},"share_on_mastodon":{"url":"https:\/\/pubeurope.com\/@lv\/115825775936323714","error":""},"_links":{"self":[{"href":"https:\/\/www.europesays.com\/lv\/wp-json\/wp\/v2\/posts\/92615","targetHints":{"allow":["GET"]}}],"collection":[{"href":"https:\/\/www.europesays.com\/lv\/wp-json\/wp\/v2\/posts"}],"about":[{"href":"https:\/\/www.europesays.com\/lv\/wp-json\/wp\/v2\/types\/post"}],"author":[{"embeddable":true,"href":"https:\/\/www.europesays.com\/lv\/wp-json\/wp\/v2\/users\/2"}],"replies":[{"embeddable":true,"href":"https:\/\/www.europesays.com\/lv\/wp-json\/wp\/v2\/comments?post=92615"}],"version-history":[{"count":0,"href":"https:\/\/www.europesays.com\/lv\/wp-json\/wp\/v2\/posts\/92615\/revisions"}],"wp:featuredmedia":[{"embeddable":true,"href":"https:\/\/www.europesays.com\/lv\/wp-json\/wp\/v2\/media\/92616"}],"wp:attachment":[{"href":"https:\/\/www.europesays.com\/lv\/wp-json\/wp\/v2\/media?parent=92615"}],"wp:term":[{"taxonomy":"category","embeddable":true,"href":"https:\/\/www.europesays.com\/lv\/wp-json\/wp\/v2\/categories?post=92615"},{"taxonomy":"post_tag","embeddable":true,"href":"https:\/\/www.europesays.com\/lv\/wp-json\/wp\/v2\/tags?post=92615"}],"curies":[{"name":"wp","href":"https:\/\/api.w.org\/{rel}","templated":true}]}}