{"id":92617,"date":"2026-01-02T13:43:07","date_gmt":"2026-01-02T13:43:07","guid":{"rendered":"https:\/\/www.europesays.com\/lv\/92617\/"},"modified":"2026-01-02T13:43:07","modified_gmt":"2026-01-02T13:43:07","slug":"kirilo-budanovs-iecelts-par-zelenska-kancelejas-vaditaju","status":"publish","type":"post","link":"https:\/\/www.europesays.com\/lv\/92617\/","title":{"rendered":"Kirilo Budanovs iecelts par Zelenska kancelejas vad\u012bt\u0101ju"},"content":{"rendered":"<p class=\"descr\">Ukrainas prezidents Volodimirs Zelenskis piektdien soci\u0101lajos medijos pav\u0113st\u012bja, ka prezidenta kancelejas vad\u012bt\u0101ja amat\u0101 iec\u0113lis l\u012bdz\u0161in\u0113jo Galven\u0101s izl\u016bko\u0161anas p\u0101rvaldes (HUR) priek\u0161nieku Kirilo Budanovu.<\/p>\n<p>&#8220;Es tikos ar <a href=\"https:\/\/nra.lv\/birka\/kirilo-budanovs\/\" target=\"_blank\" rel=\"noopener nofollow\">Kirilo Budanovu<\/a> un pied\u0101v\u0101ju vi\u0146am vad\u012bt Ukrainas prezidenta kanceleju,&#8221; pav\u0113st\u012bja Zelenskis.<\/p>\n<p>&#8220;Tagad Ukrainai ir nepiecie\u0161ams vair\u0101k koncentr\u0113ties uz dro\u0161\u012bbas jaut\u0101jumiem, Ukrainas Aizsardz\u012bbas un dro\u0161\u012bbas sp\u0113ku att\u012bst\u012bbu, k\u0101 ar\u012b uz diplom\u0101tisko ce\u013cu sarun\u0101s, un <a href=\"https:\/\/nra.lv\/birka\/prezidenta-kanceleja\/\" target=\"_blank\" rel=\"noopener nofollow\">prezidenta kanceleja<\/a> kalpos galvenok\u0101rt \u0161\u0101du m\u016bsu valsts uzdevumu izpildei,&#8221; kl\u0101st\u012bja prezidents.<\/p>\n<p>&#8220;Kirilo ir \u012bpa\u0161a pieredze \u0161ajos virzienos un pietiekams sp\u0113ks, lai sasniegtu rezult\u0101tus,&#8221; pauda <a href=\"https:\/\/nra.lv\/birka\/volodimirs-zelenskis\/\" target=\"_blank\" rel=\"noopener nofollow\">Zelenskis<\/a>.<\/p>\n<p>K\u0101 nor\u0101d\u012bja prezidents, vi\u0146\u0161 ar\u012b uzdevis prezidenta kancelejas jaunajam vad\u012bt\u0101jam sadarb\u012bb\u0101 ar Nacion\u0101l\u0101s dro\u0161\u012bbas un aizsardz\u012bbas padomes sekret\u0101ru <a href=\"https:\/\/nra.lv\/birka\/rustems-umerovs\/\" target=\"_blank\" rel=\"noopener nofollow\">Rustemu Umerovu,<\/a> citiem vad\u012bt\u0101jiem un instit\u016bcij\u0101m atjaunin\u0101t un iesniegt apstiprin\u0101\u0161anai Ukrainas aizsardz\u012bbas un att\u012bst\u012bbas strat\u0113\u0123isko ietvaru un turpm\u0101kos so\u013cus.<\/p>\n<p>L\u012bdz\u0161in\u0113jais prezidenta kancelejas vad\u012bt\u0101js <a href=\"https:\/\/nra.lv\/birka\/andrijs-jermaks\/\" target=\"_blank\" rel=\"noopener nofollow\">Andrijs Jermaks<\/a> novembra beig\u0101s no amata atk\u0101p\u0101s, p\u0113c tam kad vi\u0146a dz\u012bvesviet\u0101 likumsargi bija veiku\u0161i krat\u012b\u0161anu.<\/p>\n<p>\t\t\t\t\t\tinfo<\/p>\n<p>Uzzini pirmais<br \/>kas interesants noticis Latvij\u0101 un pasaul\u0113,<br \/>pievienojoties mums <a href=\"https:\/\/t.me\/neatkariga\" rel=\"nofollow\">Telegram<\/a> vai <a href=\"https:\/\/whatsapp.com\/channel\/0029VaMLFUH5K3zLU5s4wm3y\" rel=\"nofollow noopener\" target=\"_blank\">Whatsapp<\/a> kan\u0101l\u0101<\/p>\n","protected":false},"excerpt":{"rendered":"Ukrainas prezidents Volodimirs Zelenskis piektdien soci\u0101lajos medijos pav\u0113st\u012bja, ka prezidenta kancelejas vad\u012bt\u0101ja amat\u0101 iec\u0113lis l\u012bdz\u0161in\u0113jo Galven\u0101s izl\u016bko\u0161anas p\u0101rvaldes&hellip;\n","protected":false},"author":2,"featured_media":92618,"comment_status":"","ping_status":"","sticky":false,"template":"","format":"standard","meta":{"footnotes":""},"categories":[14],"tags":[23,57,28,29,32,33,22,30,31,35,39,38,36,37,34,40,20,26,27,24,25,54,55,56,21,58],"class_list":{"0":"post-92617","1":"post","2":"type-post","3":"status-publish","4":"format-standard","5":"has-post-thumbnail","7":"category-zinas-no-arvalstim","8":"tag-aktualitates","9":"tag-arvalstim","10":"tag-breaking-news","11":"tag-breakingnews","12":"tag-featured-news","13":"tag-featurednews","14":"tag-headlines","15":"tag-latest-news","16":"tag-latestnews","17":"tag-latvia","18":"tag-latvian","19":"tag-latviesu","20":"tag-latviesu-valoda","21":"tag-latviesuvaloda","22":"tag-latvija","23":"tag-lv","24":"tag-news","25":"tag-popularakas-zinas","26":"tag-popularakaszinas","27":"tag-top-stories","28":"tag-topstories","29":"tag-world","30":"tag-world-news","31":"tag-worldnews","32":"tag-zinas","33":"tag-zinas-no-arvalstim"},"share_on_mastodon":{"url":"https:\/\/pubeurope.com\/@lv\/115825803445139539","error":""},"_links":{"self":[{"href":"https:\/\/www.europesays.com\/lv\/wp-json\/wp\/v2\/posts\/92617","targetHints":{"allow":["GET"]}}],"collection":[{"href":"https:\/\/www.europesays.com\/lv\/wp-json\/wp\/v2\/posts"}],"about":[{"href":"https:\/\/www.europesays.com\/lv\/wp-json\/wp\/v2\/types\/post"}],"author":[{"embeddable":true,"href":"https:\/\/www.europesays.com\/lv\/wp-json\/wp\/v2\/users\/2"}],"replies":[{"embeddable":true,"href":"https:\/\/www.europesays.com\/lv\/wp-json\/wp\/v2\/comments?post=92617"}],"version-history":[{"count":0,"href":"https:\/\/www.europesays.com\/lv\/wp-json\/wp\/v2\/posts\/92617\/revisions"}],"wp:featuredmedia":[{"embeddable":true,"href":"https:\/\/www.europesays.com\/lv\/wp-json\/wp\/v2\/media\/92618"}],"wp:attachment":[{"href":"https:\/\/www.europesays.com\/lv\/wp-json\/wp\/v2\/media?parent=92617"}],"wp:term":[{"taxonomy":"category","embeddable":true,"href":"https:\/\/www.europesays.com\/lv\/wp-json\/wp\/v2\/categories?post=92617"},{"taxonomy":"post_tag","embeddable":true,"href":"https:\/\/www.europesays.com\/lv\/wp-json\/wp\/v2\/tags?post=92617"}],"curies":[{"name":"wp","href":"https:\/\/api.w.org\/{rel}","templated":true}]}}