{"id":92619,"date":"2026-01-02T13:49:26","date_gmt":"2026-01-02T13:49:26","guid":{"rendered":"https:\/\/www.europesays.com\/lv\/92619\/"},"modified":"2026-01-02T13:49:26","modified_gmt":"2026-01-02T13:49:26","slug":"aizdomas-par-kabela-bojasanu-somu-lici-turetajam-kugim-ir-sankcijam-paklauta-krava-1188-lv","status":"publish","type":"post","link":"https:\/\/www.europesays.com\/lv\/92619\/","title":{"rendered":"Aizdom\u0101s par kabe\u013ca boj\u0101\u0161anu Somu l\u012bc\u012b tur\u0113tajam ku\u0123im ir sankcij\u0101m pak\u013cauta krava &#8211; 1188.lv"},"content":{"rendered":"<ol>\n<li><a href=\"https:\/\/news.google.com\/rss\/articles\/CBMitwFBVV95cUxPRzllLXdxTnNtZFFDMnpSNzl4b1p3cE9wdDRVb0xQTnN6bF85Q01Ib28yZ1pPYzZJbkdTcURCYTR5UnFtZVdHMWZCSXV2SDdIU2NqYXMtZzZONFpLNmppZDNrS0dNV2M0RFBjRzlhM2UzS2lDRkc0U2VSUU1EYnZZUVdhX2VSQ3RrV3BsV0dvWDN5eFZ0TXBvc2RQVkU0RUROa0xBRXN0RUhBaDFwdWpoT25lUE03SEU?oc=5\" target=\"_blank\" rel=\"nofollow noopener\">Aizdom\u0101s par kabe\u013ca boj\u0101\u0161anu Somu l\u012bc\u012b tur\u0113tajam ku\u0123im ir sankcij\u0101m pak\u013cauta krava<\/a>&nbsp;&nbsp;1188.lv<\/li>\n<li><a href=\"https:\/\/news.google.com\/rss\/articles\/CBMi3gFBVV95cUxQTEhtUkgxWUxmSlNiaHR4UkgxVG45clRSakF1bzVvSlgxUjVHSUQ2WUdDbXYydU9Fb3luWUQtYk11UHFsQ2VBWFQxS2dDVmdON3Y3SkduVWdmZzYyQmJFLVo0NzBtekNBUjB4THhyeVhMdUJ1WkIyZlJkSS1mY1BqejdHdmZOUkZ3N19PenUyT18yV0hKNzJ1WlNoZ2huV1hWdW5ycWZyZlJQdGloLVBKNXBtQjR0Tm9LNmdWV0J4UVBsYmp4YllKRTBnQzNfMnFXM1d5a09tS2YwYUlTQnc?oc=5\" target=\"_blank\" rel=\"nofollow noopener\">Aizdom\u0101s par kabe\u013ca boj\u0101\u0161anu Somu l\u012bc\u012b tur\u0113tais ku\u0123is vedis sankcij\u0101m pak\u013cautu kravu, pazi\u0146o muita<\/a>&nbsp;&nbsp;Delfi<\/li>\n<li><a href=\"https:\/\/news.google.com\/rss\/articles\/CBMizwFBVV95cUxQTFVFRFhsMWJ1bDFMR01WUktRSFRfd1ZOZGJIclRFa21mbndOMDZmRUdOS2JicG05SlI2XzlLdlBCQzYwdnI2Y0pUWGI3cXowZmhkX2JKUGhXR1lnOTdqcXR0U0pWckZ6VG1xaXhscHE1S0RqOEZXMTRnNWJ0VFBZeUYzR3FaSEdqTUxCUmlocFFjM0R2MzRfRm5UNjB3b0ZJMk9ua2dqbGw2a1BfWUFmM2F5dW9XckZ0TFVfZzRQNFZ5aklTd210Tko3WTNvRjQ?oc=5\" target=\"_blank\" rel=\"nofollow noopener\">Somu l\u012bc\u012b \u0161or\u012bt boj\u0101ts sakaru kabelis; Somijas robe\u017esardze aiztur\u0113jusi ku\u0123i \/ Raksts<\/a>&nbsp;&nbsp;LSM<\/li>\n<li><a href=\"https:\/\/news.google.com\/rss\/articles\/CBMi1AFBVV95cUxNNTJwX0stWi1lcWExbEdwSHBqR0NEdkhGUDF4UV9HT0JsWXFGU2VuZ29ldFFzck1WMFctcUNHYk03d01jV2JFN3hZQnZtNEhmR0N1Ymp1QVFEWGc3UUkwTnVVU1Q3VVZMWHFiUm5JeW1EX21ydDBlR1l1RFBsREJCMmNyTHVWZ19RTlJ6S0hKdTNRS1dmLUVhYVNzbWxDUzlsOTRFRngtU2FQZXE5QlJCMHhLdURIeE1zODByX251dk0xby16bTNZSzFBMG4zR0NEcG54cA?oc=5\" target=\"_blank\" rel=\"nofollow noopener\">Somija aiztur\u0113jusi ku\u0123i aizdom\u0101s par sakaru kabe\u013ca boj\u0101\u0161anu j\u016bras posm\u0101 starp Helsinkiem un Tallinu<\/a>&nbsp;&nbsp;Jauns.lv<\/li>\n<li><a href=\"https:\/\/news.google.com\/rss\/articles\/CBMisAFBVV95cUxNQUx3cmlHb1pkcEF6MzdNUjJTaDJicnRWWF9nOHRZeDc0Um1UQkF5dFFRd2kzVjNVcE5wOTBRT2w1YWZ5Z1VDUGhLdGNCUThab3dIM0ExejZpMjdKOWg5Tm01ODdSM282dXRseTBLX2RKOUd5c0E4ZllEdVJQY19rWHF2N3FueXhlU2Z4eGxQWGhhT0NNNTB1WHRsRjk1YjRSRnNRRVF1OUlnYldjdUUxcg?oc=5\" target=\"_blank\" rel=\"nofollow noopener\">Boj\u0101ts zem\u016bdens kabelis starp Igauniju un Somiju, aiztur\u0113ts iesp\u0113jamais vaininieks<\/a>&nbsp;&nbsp;Apollo.lv<\/li>\n<\/ol>\n","protected":false},"excerpt":{"rendered":"Aizdom\u0101s par kabe\u013ca boj\u0101\u0161anu Somu l\u012bc\u012b tur\u0113tajam ku\u0123im ir sankcij\u0101m pak\u013cauta krava&nbsp;&nbsp;1188.lv Aizdom\u0101s par kabe\u013ca boj\u0101\u0161anu Somu l\u012bc\u012b&hellip;\n","protected":false},"author":2,"featured_media":92620,"comment_status":"","ping_status":"","sticky":false,"template":"","format":"standard","meta":{"footnotes":""},"categories":[14],"tags":[129,14129,23,57,28,29,32,33,22,30,31,35,39,38,36,37,34,40,20,26,27,14130,14131,24,25,54,55,56,21,58],"class_list":{"0":"post-92619","1":"post","2":"type-post","3":"status-publish","4":"format-standard","5":"has-post-thumbnail","7":"category-zinas-no-arvalstim","8":"tag-__typenameadvicekeyword","9":"tag-id845","10":"tag-aktualitates","11":"tag-arvalstim","12":"tag-breaking-news","13":"tag-breakingnews","14":"tag-featured-news","15":"tag-featurednews","16":"tag-headlines","17":"tag-latest-news","18":"tag-latestnews","19":"tag-latvia","20":"tag-latvian","21":"tag-latviesu","22":"tag-latviesu-valoda","23":"tag-latviesuvaloda","24":"tag-latvija","25":"tag-lv","26":"tag-news","27":"tag-popularakas-zinas","28":"tag-popularakaszinas","29":"tag-slugsomija","30":"tag-titlesomija","31":"tag-top-stories","32":"tag-topstories","33":"tag-world","34":"tag-world-news","35":"tag-worldnews","36":"tag-zinas","37":"tag-zinas-no-arvalstim"},"share_on_mastodon":{"url":"https:\/\/pubeurope.com\/@lv\/115825827052015240","error":""},"_links":{"self":[{"href":"https:\/\/www.europesays.com\/lv\/wp-json\/wp\/v2\/posts\/92619","targetHints":{"allow":["GET"]}}],"collection":[{"href":"https:\/\/www.europesays.com\/lv\/wp-json\/wp\/v2\/posts"}],"about":[{"href":"https:\/\/www.europesays.com\/lv\/wp-json\/wp\/v2\/types\/post"}],"author":[{"embeddable":true,"href":"https:\/\/www.europesays.com\/lv\/wp-json\/wp\/v2\/users\/2"}],"replies":[{"embeddable":true,"href":"https:\/\/www.europesays.com\/lv\/wp-json\/wp\/v2\/comments?post=92619"}],"version-history":[{"count":0,"href":"https:\/\/www.europesays.com\/lv\/wp-json\/wp\/v2\/posts\/92619\/revisions"}],"wp:featuredmedia":[{"embeddable":true,"href":"https:\/\/www.europesays.com\/lv\/wp-json\/wp\/v2\/media\/92620"}],"wp:attachment":[{"href":"https:\/\/www.europesays.com\/lv\/wp-json\/wp\/v2\/media?parent=92619"}],"wp:term":[{"taxonomy":"category","embeddable":true,"href":"https:\/\/www.europesays.com\/lv\/wp-json\/wp\/v2\/categories?post=92619"},{"taxonomy":"post_tag","embeddable":true,"href":"https:\/\/www.europesays.com\/lv\/wp-json\/wp\/v2\/tags?post=92619"}],"curies":[{"name":"wp","href":"https:\/\/api.w.org\/{rel}","templated":true}]}}