{"id":92621,"date":"2026-01-02T14:01:06","date_gmt":"2026-01-02T14:01:06","guid":{"rendered":"https:\/\/www.europesays.com\/lv\/92621\/"},"modified":"2026-01-02T14:01:06","modified_gmt":"2026-01-02T14:01:06","slug":"miera-sarunas-ar-ukrainu-nosleguma-stadija-putins-loti-nopietni-gatavs-mieram-lente-lv","status":"publish","type":"post","link":"https:\/\/www.europesays.com\/lv\/92621\/","title":{"rendered":"Miera sarunas ar Ukrainu nosl\u0113guma stadij\u0101, Putins &#8220;\u013coti nopietni&#8221; gatavs mieram\u00a0\u2014\u00a0Lente.lv"},"content":{"rendered":"<p>Tramps un Zelenskis uzs\u0101k iz\u0161\u0137iro\u0161as miera sarunas<\/p>\n<p>ASV prezidents Donalds Tramps sv\u0113tdien, 28. decembr\u012b, sav\u0101 rezidenc\u0113 &#8220;Mar-a-Lago&#8221; Florid\u0101 uz\u0146\u0113ma Ukrainas prezidentu Volodimiru Zelenski, pazi\u0146ojot, ka diplom\u0101tiskie centieni izbeigt karu Ukrain\u0101 ir nosl\u0113guma stadij\u0101. K\u0101 inform\u0113 port\u0101ls NRA, Tramps atkl\u0101ja, ka tie\u0161i pirms tik\u0161an\u0101s ar Zelenski notika telefonsaruna ar Krievijas prezidentu Vladimiru Putinu, kur\u0161 esot &#8220;\u013coti nopietni&#8221; noska\u0146ots par mieru. &#8220;Abi l\u012bderi v\u0113las, lai tas beigtos,&#8221; Tramps sac\u012bja, uz\u0146emot Zelenski, uzsverot vi\u0146a smago darbu kara laik\u0101.<\/p>\n<p>Progresa izce\u013ctie punkti un v\u0113l neatrisin\u0101tie jaut\u0101jumi<\/p>\n<p>Tik\u0161an\u0101s rezult\u0101t\u0101 abas puses ir non\u0101ku\u0161as daudz tuv\u0101k risin\u0101jumam, apliecin\u0101ja Tramps, lai gan Zelenskis gan nav \u012bsti apmierin\u0101ts ar progresu, v\u0113rt\u0113jot, ka sarunu &#8220;sauso atlikumu&#8221; ir maz. Ukrainas prezidents nor\u0101d\u012bjis, ka pan\u0101kta vieno\u0161an\u0101s par 90% no 20 punktu miera pl\u0101na, savuk\u0101rt ASV dro\u0161\u012bbas garantiju jaut\u0101jum\u0101 esot pan\u0101kta 100% vieno\u0161an\u0101s. Tom\u0113r jaut\u0101jums par Donbasa teritoriju tiek raksturots k\u0101 &#8220;\u013coti sare\u017e\u0123\u012bts&#8221; un joproj\u0101m neatrisin\u0101ts. Lai gan abas puses paudu\u0161as optimismu par progresa virz\u012bbu \u0161aj\u0101 jaut\u0101jum\u0101, realit\u0101t\u0113 fundament\u0101li l\u0113mumi v\u0113l nav pie\u0146emti.<\/p>\n<p>Trampa un Putina komunik\u0101cija un starptautisk\u0101 perspekt\u012bva<\/p>\n<p>Tramps p\u0113c tik\u0161an\u0101s ar Zelenski pa t\u0101lruni sazin\u0101j\u0101s ar\u012b ar Eiropas valstu un NATO l\u012bderiem. Vi\u0146\u0161 ir paudis p\u0101rliec\u012bbu, ka miers ir tuvu un ka Krievija ir ieinteres\u0113ta kara izbeig\u0161an\u0101, nor\u0101dot, ka &#8220;visi v\u0113las, lai tas tiktu izbeigts&#8221;. Lai gan \u0161\u0101da Trampa pieeja, prioritiz\u0113jot komunik\u0101ciju ar Putinu, ir rad\u012bjusi ba\u017eas Ukrainas atbalst\u012bt\u0101ju vid\u016b, vi\u0146\u0161 uzsv\u0113ris, ka vi\u0146a v\u0113st\u012bjums Putinam ir: &#8220;J\u0101saprotas.&#8221; Vienlaikus &#8220;The Economist&#8221; prognoz\u0113, ka 2026. gad\u0101 Trampa vad\u012bb\u0101 ASV paliks neparedzam\u012bbas avots, un Eiropai b\u016bs \u012bpa\u0161i gr\u016bts laiks, tai vienlaikus palielinot milit\u0101ros izdevumus un uzturot attiec\u012bbas ar ASV.<\/p>\n<p>ASV atbalsts Ukrainai un dro\u0161\u012bbas garantijas<\/p>\n<p>ASV P\u0101rst\u0101vju pal\u0101ta ir pie\u0146\u0113musi aizsardz\u012bbas bud\u017eeta likumprojektu 2026. finan\u0161u gadam, kas paredz turpin\u0101t atbalstu Eiropas un Ukrainas dro\u0161\u012bbai. Likumprojekts paredz pie\u0161\u0137irt 175 miljonus dol\u0101ru Baltijas Dro\u0161\u012bbas atbalsta iniciat\u012bvai un turpin\u0101t Ukrainas Dro\u0161\u012bbas atbalsta iniciat\u012bvas finans\u0113\u0161anu, pie\u0161\u0137irot 800 miljonus dol\u0101ru. Donalds Tramps apsol\u012bjis pal\u012bdz\u0113t Ukrainai pretgaisa aizsardz\u012bbas jom\u0101, inform\u0113jot par situ\u0101ciju Ukrain\u0101 un apsprie\u017eot sist\u0113mu stiprin\u0101\u0161anu. Lai gan Ukrainas prezidents Zelenskis ir nor\u0101d\u012bjis uz 100% vieno\u0161anos par ASV dro\u0161\u012bbas garantij\u0101m, to \u012bsteno\u0161an\u0101 paredz\u0113ta ar\u012b Eiropas partneru iesaiste.<\/p>\n","protected":false},"excerpt":{"rendered":"Tramps un Zelenskis uzs\u0101k iz\u0161\u0137iro\u0161as miera sarunas ASV prezidents Donalds Tramps sv\u0113tdien, 28. decembr\u012b, sav\u0101 rezidenc\u0113 &#8220;Mar-a-Lago&#8221; Florid\u0101&hellip;\n","protected":false},"author":2,"featured_media":92622,"comment_status":"","ping_status":"","sticky":false,"template":"","format":"standard","meta":{"footnotes":""},"categories":[14],"tags":[23,57,28,29,542,32,33,22,3354,30,31,35,39,38,36,37,34,40,10770,20,26,27,24,25,235,178,54,55,56,21,58],"class_list":{"0":"post-92621","1":"post","2":"type-post","3":"status-publish","4":"format-standard","5":"has-post-thumbnail","7":"category-zinas-no-arvalstim","8":"tag-aktualitates","9":"tag-arvalstim","10":"tag-breaking-news","11":"tag-breakingnews","12":"tag-donalds-tramps","13":"tag-featured-news","14":"tag-featurednews","15":"tag-headlines","16":"tag-kars-ukraina","17":"tag-latest-news","18":"tag-latestnews","19":"tag-latvia","20":"tag-latvian","21":"tag-latviesu","22":"tag-latviesu-valoda","23":"tag-latviesuvaloda","24":"tag-latvija","25":"tag-lv","26":"tag-miera-sarunas","27":"tag-news","28":"tag-popularakas-zinas","29":"tag-popularakaszinas","30":"tag-top-stories","31":"tag-topstories","32":"tag-vladimirs-putins","33":"tag-volodimirs-zelenskis","34":"tag-world","35":"tag-world-news","36":"tag-worldnews","37":"tag-zinas","38":"tag-zinas-no-arvalstim"},"share_on_mastodon":{"url":"","error":"Validation failed: Text character limit of 500 exceeded"},"_links":{"self":[{"href":"https:\/\/www.europesays.com\/lv\/wp-json\/wp\/v2\/posts\/92621","targetHints":{"allow":["GET"]}}],"collection":[{"href":"https:\/\/www.europesays.com\/lv\/wp-json\/wp\/v2\/posts"}],"about":[{"href":"https:\/\/www.europesays.com\/lv\/wp-json\/wp\/v2\/types\/post"}],"author":[{"embeddable":true,"href":"https:\/\/www.europesays.com\/lv\/wp-json\/wp\/v2\/users\/2"}],"replies":[{"embeddable":true,"href":"https:\/\/www.europesays.com\/lv\/wp-json\/wp\/v2\/comments?post=92621"}],"version-history":[{"count":0,"href":"https:\/\/www.europesays.com\/lv\/wp-json\/wp\/v2\/posts\/92621\/revisions"}],"wp:featuredmedia":[{"embeddable":true,"href":"https:\/\/www.europesays.com\/lv\/wp-json\/wp\/v2\/media\/92622"}],"wp:attachment":[{"href":"https:\/\/www.europesays.com\/lv\/wp-json\/wp\/v2\/media?parent=92621"}],"wp:term":[{"taxonomy":"category","embeddable":true,"href":"https:\/\/www.europesays.com\/lv\/wp-json\/wp\/v2\/categories?post=92621"},{"taxonomy":"post_tag","embeddable":true,"href":"https:\/\/www.europesays.com\/lv\/wp-json\/wp\/v2\/tags?post=92621"}],"curies":[{"name":"wp","href":"https:\/\/api.w.org\/{rel}","templated":true}]}}