{"id":92639,"date":"2026-01-02T14:23:08","date_gmt":"2026-01-02T14:23:08","guid":{"rendered":"https:\/\/www.europesays.com\/lv\/92639\/"},"modified":"2026-01-02T14:23:08","modified_gmt":"2026-01-02T14:23:08","slug":"abola-uzruna-pirms-maca-pret-cehiju-kludas-bus-tas-ir-hokejs-bet-nedariet-mulkibas","status":"publish","type":"post","link":"https:\/\/www.europesays.com\/lv\/92639\/","title":{"rendered":"\u0100bola uzruna pirms ma\u010da pret \u010cehiju: K\u013c\u016bdas b\u016bs, tas ir hokejs, bet nedariet mu\u013c\u0137\u012bbas"},"content":{"rendered":"<p>                                    <img decoding=\"async\" src=\"https:\/\/www.europesays.com\/lv\/wp-content\/uploads\/2026\/01\/latvijas-u20-hokeja-izlase-sportazinas-com-4-750x450.jpg\"   alt=\"Latvijas U20 hokeja izlase\" class=\"post-featured-image\"\/><\/p>\n<p>Latvijas U20 hokeja izlase | Foto: Tim Austen \/ IIHF<\/p>\n<p>Latvijas hokeja feder\u0101cija (LHF) sav\u0101 profil\u0101 \u201cInstagram\u201d vietn\u0113 <a href=\"https:\/\/www.instagram.com\/reel\/DS_5q9JDc5S\/?utm_source=ig_web_copy_link&amp;igsh=MzRlODBiNWFlZA==\" target=\"_blank\" rel=\"noreferrer noopener nofollow\">public\u0113jusi<\/a> Latvijas U20 hokeja izlases galven\u0101 trenera <a href=\"https:\/\/www.sportazinas.com\/atsl%C4%93gv%C4%81rdi\/artis-abols\" rel=\"nofollow noopener\" target=\"_blank\">Arta \u0100bola<\/a> uzrunu pirms pasaules \u010dempion\u0101ta ma\u010da pret \u010cehiju.<\/p>\n<p>Jau v\u0113st\u012bts, ka nakt\u012b uz 1. janv\u0101ri Latvijas komanda ar 3:6 zaud\u0113ja \u010cehijas vienaud\u017eiem, kas gan neliedza iek\u013c\u016bt ceturtda\u013cfin\u0101l\u0101, jo vieta taj\u0101 jaunatnes valstsvien\u012bba bija nodro\u0161in\u0101jusi jau pirms tam, pieveicot D\u0101niju.<\/p>\n<p>\u201cVar daudzus apm\u0101n\u012bt, bet tikai vienu tu nekad neapm\u0101n\u012bsi \u2013 sevi. Ne mani \u2013 sevi. Katr\u0101 epizod\u0113 tu skaidri zini, kur tu nohaltur\u0113ji un kur tu nobaid\u012bjies. K\u013c\u016bdas b\u016bs, tas ir hokejs. Bet nedariet mu\u013c\u0137\u012bbas. Nosp\u0113l\u0113jiet t\u0101, lai vakar\u0101 viesn\u012bcas numuri\u0146\u0101 j\u016bs var\u0113tu pieiet pie spogu\u013ca, paskat\u012bties vi\u0146am ac\u012bs un ar t\u012bru sirdsapzi\u0146u pateiksiet \u2013 es izdar\u012bju visu, ko var\u0113ju,\u201d hokejistus uzmundrin\u0101ja \u0100bols.<\/p>\n<p>J\u0101atg\u0101dina, ka \u0161ovakar plkst. 21 Latvijas U20 izlase aizvad\u012bs ceturtda\u013cfin\u0101la sp\u0113li pret Zviedriju.<\/p>\n<blockquote class=\"instagram-media\" data-instgrm-captioned=\"\" data-instgrm-permalink=\"https:\/\/www.instagram.com\/reel\/DS_5q9JDc5S\/?utm_source=ig_embed&amp;utm_campaign=loading\" data-instgrm-version=\"14\" style=\" background:#FFF; border:0; border-radius:3px; box-shadow:0 0 1px 0 rgba(0,0,0,0.5),0 1px 10px 0 rgba(0,0,0,0.15); margin: 1px; max-width:540px; min-width:326px; padding:0; width:99.375%; width:-webkit-calc(100% - 2px); width:calc(100% - 2px);\"\/>\n<p>                    <script async src=\"\/\/www.instagram.com\/embed.js\"><\/script><\/p>\n","protected":false},"excerpt":{"rendered":"Latvijas U20 hokeja izlase | Foto: Tim Austen \/ IIHF Latvijas hokeja feder\u0101cija (LHF) sav\u0101 profil\u0101 \u201cInstagram\u201d vietn\u0113&hellip;\n","protected":false},"author":2,"featured_media":92640,"comment_status":"","ping_status":"","sticky":false,"template":"","format":"standard","meta":{"footnotes":""},"categories":[17],"tags":[35,39,38,36,37,34,40,67],"class_list":{"0":"post-92639","1":"post","2":"type-post","3":"status-publish","4":"format-standard","5":"has-post-thumbnail","7":"category-sports","8":"tag-latvia","9":"tag-latvian","10":"tag-latviesu","11":"tag-latviesu-valoda","12":"tag-latviesuvaloda","13":"tag-latvija","14":"tag-lv","15":"tag-sports"},"share_on_mastodon":{"url":"https:\/\/pubeurope.com\/@lv\/115825960740006091","error":""},"_links":{"self":[{"href":"https:\/\/www.europesays.com\/lv\/wp-json\/wp\/v2\/posts\/92639","targetHints":{"allow":["GET"]}}],"collection":[{"href":"https:\/\/www.europesays.com\/lv\/wp-json\/wp\/v2\/posts"}],"about":[{"href":"https:\/\/www.europesays.com\/lv\/wp-json\/wp\/v2\/types\/post"}],"author":[{"embeddable":true,"href":"https:\/\/www.europesays.com\/lv\/wp-json\/wp\/v2\/users\/2"}],"replies":[{"embeddable":true,"href":"https:\/\/www.europesays.com\/lv\/wp-json\/wp\/v2\/comments?post=92639"}],"version-history":[{"count":0,"href":"https:\/\/www.europesays.com\/lv\/wp-json\/wp\/v2\/posts\/92639\/revisions"}],"wp:featuredmedia":[{"embeddable":true,"href":"https:\/\/www.europesays.com\/lv\/wp-json\/wp\/v2\/media\/92640"}],"wp:attachment":[{"href":"https:\/\/www.europesays.com\/lv\/wp-json\/wp\/v2\/media?parent=92639"}],"wp:term":[{"taxonomy":"category","embeddable":true,"href":"https:\/\/www.europesays.com\/lv\/wp-json\/wp\/v2\/categories?post=92639"},{"taxonomy":"post_tag","embeddable":true,"href":"https:\/\/www.europesays.com\/lv\/wp-json\/wp\/v2\/tags?post=92639"}],"curies":[{"name":"wp","href":"https:\/\/api.w.org\/{rel}","templated":true}]}}