{"id":92642,"date":"2026-01-02T14:27:03","date_gmt":"2026-01-02T14:27:03","guid":{"rendered":"https:\/\/www.europesays.com\/lv\/92642\/"},"modified":"2026-01-02T14:27:03","modified_gmt":"2026-01-02T14:27:03","slug":"somija-sakusi-arestet-aizdomas-par-kabela-bojasanu-turetos-fitburg-apkalpes-loceklus-krievija-kluse","status":"publish","type":"post","link":"https:\/\/www.europesays.com\/lv\/92642\/","title":{"rendered":"Somija s\u0101kusi arest\u0113t aizdom\u0101s par kabe\u013ca boj\u0101\u0161anu tur\u0113tos \u201cFitburg\u201d apkalpes locek\u013cus. Krievija klus\u0113"},"content":{"rendered":"<p>Somijas policija pazi\u0146ojusi, ka s\u0101kusi ku\u0123a \u201cFitburg\u201d apkalpes locek\u013cu pratin\u0101\u0161anu. Divi no vi\u0146iem ir arest\u0113ti, bet v\u0113l diviem aizliegts izbraukt no valsts. Pagaid\u0101m netiek atkl\u0101ts, k\u0101da pavalstniec\u012bba ir aizdom\u0101s turamajiem, ta\u010du Somijas ties\u012bbsarg\u0101jo\u0161aj\u0101m iest\u0101d\u0113m \u0161ie fakti ir zin\u0101mi, v\u0113sta laikraksts \u201cPostimees\u201d. \u201cHelsingin Sanomat\u201d zi\u0146o, ka aizdom\u0101s tur\u0113to loma uz ku\u0123a bijusi saist\u012bta ar ku\u0123a kursu un enkura oper\u0101cij\u0101m.<\/p>\n","protected":false},"excerpt":{"rendered":"Somijas policija pazi\u0146ojusi, ka s\u0101kusi ku\u0123a \u201cFitburg\u201d apkalpes locek\u013cu pratin\u0101\u0161anu. Divi no vi\u0146iem ir arest\u0113ti, bet v\u0113l diviem&hellip;\n","protected":false},"author":2,"featured_media":92643,"comment_status":"","ping_status":"","sticky":false,"template":"","format":"standard","meta":{"footnotes":""},"categories":[5],"tags":[23,3700,1934,28,29,32,33,22,1571,73,234,1935,30,31,35,39,38,36,37,34,40,20,26,27,490,24,25,2380,2238,21],"class_list":{"0":"post-92642","1":"post","2":"type-post","3":"status-publish","4":"format-standard","5":"has-post-thumbnail","7":"category-aktualitates","8":"tag-aktualitates","9":"tag-autoritarisma-ena-par-eiropu","10":"tag-baltijas-jura","11":"tag-breaking-news","12":"tag-breakingnews","13":"tag-featured-news","14":"tag-featurednews","15":"tag-headlines","16":"tag-hibridkars","17":"tag-igaunija","18":"tag-krievija","19":"tag-kugis","20":"tag-latest-news","21":"tag-latestnews","22":"tag-latvia","23":"tag-latvian","24":"tag-latviesu","25":"tag-latviesu-valoda","26":"tag-latviesuvaloda","27":"tag-latvija","28":"tag-lv","29":"tag-news","30":"tag-popularakas-zinas","31":"tag-popularakaszinas","32":"tag-somija","33":"tag-top-stories","34":"tag-topstories","35":"tag-turcija","36":"tag-tvnet-arvalstis","37":"tag-zinas"},"share_on_mastodon":{"url":"https:\/\/pubeurope.com\/@lv\/115825976458493808","error":""},"_links":{"self":[{"href":"https:\/\/www.europesays.com\/lv\/wp-json\/wp\/v2\/posts\/92642","targetHints":{"allow":["GET"]}}],"collection":[{"href":"https:\/\/www.europesays.com\/lv\/wp-json\/wp\/v2\/posts"}],"about":[{"href":"https:\/\/www.europesays.com\/lv\/wp-json\/wp\/v2\/types\/post"}],"author":[{"embeddable":true,"href":"https:\/\/www.europesays.com\/lv\/wp-json\/wp\/v2\/users\/2"}],"replies":[{"embeddable":true,"href":"https:\/\/www.europesays.com\/lv\/wp-json\/wp\/v2\/comments?post=92642"}],"version-history":[{"count":0,"href":"https:\/\/www.europesays.com\/lv\/wp-json\/wp\/v2\/posts\/92642\/revisions"}],"wp:featuredmedia":[{"embeddable":true,"href":"https:\/\/www.europesays.com\/lv\/wp-json\/wp\/v2\/media\/92643"}],"wp:attachment":[{"href":"https:\/\/www.europesays.com\/lv\/wp-json\/wp\/v2\/media?parent=92642"}],"wp:term":[{"taxonomy":"category","embeddable":true,"href":"https:\/\/www.europesays.com\/lv\/wp-json\/wp\/v2\/categories?post=92642"},{"taxonomy":"post_tag","embeddable":true,"href":"https:\/\/www.europesays.com\/lv\/wp-json\/wp\/v2\/tags?post=92642"}],"curies":[{"name":"wp","href":"https:\/\/api.w.org\/{rel}","templated":true}]}}