{"id":92644,"date":"2026-01-02T14:29:08","date_gmt":"2026-01-02T14:29:08","guid":{"rendered":"https:\/\/www.europesays.com\/lv\/92644\/"},"modified":"2026-01-02T14:29:08","modified_gmt":"2026-01-02T14:29:08","slug":"rinkam-uzvara-naciju-kausa-kamaninu-sporta-siguldas-trase-diena","status":"publish","type":"post","link":"https:\/\/www.europesays.com\/lv\/92644\/","title":{"rendered":"Rinkam uzvara N\u0101ciju kaus\u0101 kamani\u0146u sport\u0101 Siguldas tras\u0113 \/ Diena"},"content":{"rendered":"<p>Rinks fini\u0161\u0113ja p\u0113c 48,375 sekund\u0113m, tuv\u0101ko sekot\u0101ju Leonu Feldereru no It\u0101lijas apsteidzot par 0,111 sekund\u0113m. Tre\u0161ais ar 0,155 sekun\u017eu defic\u012btu bija ukrainis Antons Duka\u010ds.<\/p>\n<p>&#13;<br \/>\n&#13;<\/p>\n<p>Gruzdulis-Borovojs no Rinka atpalika 1,323 sekundes, ie\u0146emot 22. vietu 31 sportista konkurenc\u0113. No kvalific\u0113\u0161an\u0101s Pasaules kausa (PK) posmam, kur\u0101 iek\u013cuva 20 \u0101tr\u0101kie, vi\u0146u \u0161\u0137\u012bra 0,107 sekundes.<\/p>\n<p>&#13;<br \/>\n&#13;<\/p>\n<p>Tikm\u0113r sievie\u0161u sacens\u012bb\u0101s N\u0101ciju kaus\u0101 tre\u0161o vietu izc\u012bn\u012bja Margita Sirsni\u0146a, bet ceturt\u0101 bija Zane Kaluma, ab\u0101m dro\u0161i kvalific\u0113joties PK posmam.<\/p>\n<p>&#13;<br \/>\n&#13;<\/p>\n<p>\u0100tr\u0101ko laiku tras\u0113 uzr\u0101d\u012bja amerik\u0101niete Em\u012blija Fi\u0161nallere, kura fini\u0161\u0113ja p\u0113c 41,868 sekund\u0113m, bet otr\u0101 ar laiku 41,974 bija Sandra Roba\u0161ere no It\u0101lijas. Sirsni\u0146a uzvar\u0113t\u0101jai zaud\u0113ja 0,182 sekundes, bet Kaluma &#8211; 0,210 sekundes.<\/p>\n<p>&#13;<br \/>\n&#13;<\/p>\n<p>Sacens\u012bb\u0101s start\u0113ja 24 sportistes, bet PK posmam kvalific\u0113j\u0101s 19 \u0101tr\u0101k\u0101s.<\/p>\n<p>&#13;<br \/>\n&#13;<\/p>\n<p>Savuk\u0101rt N\u0101ciju kaus\u0101 divnieku ekip\u0101\u017e\u0101m v\u012brie\u0161u konkurenc\u0113 Raimonds Baltgalvis\/Uldis Jakseboga ie\u0146\u0113ma tre\u0161o vietu, bet Edvards Marts Markit\u0101ns\/Roberts Lazd\u0101ns bija sestie 11 duetu konkurenc\u0113.<\/p>\n<p>&#13;<br \/>\n&#13;<\/p>\n<p>Baltgalvis\/Jakseboga fini\u0161u sasniedza p\u0113c 42,014 sekund\u0113m, no uzvar\u0113t\u0101jiem it\u0101lie\u0161iem Emanuela R\u012bdera\/Samuela Kaincvalndera atpaliekot 0,305 sekundes. Savuk\u0101rt Markit\u0101ns\/Lazd\u0101ns l\u012bderiem zaud\u0113ja 0,739 sekundes.<\/p>\n<p>&#13;<br \/>\n&#13;<\/p>\n<p>Sievie\u0161u divniekos piedal\u012bj\u0101s pieci p\u0101ri un Marta Robe\u017eniece\/Kitija Bogdanova izc\u012bn\u012bja uzvaru, bet Amanda Ogorod\u0146ikova\/Sel\u012bna Elizabete Zvilna bija tre\u0161\u0101s.<\/p>\n<p>&#13;<br \/>\n&#13;<\/p>\n<p>Robe\u017eniece\/Bogdanova fini\u0161\u0113ja p\u0113c 42,744 sekund\u0113m, tautietes apsteidzot par 0,935 sekund\u0113m, kam\u0113r otr\u0101s ar 0,803 sekun\u017eu defic\u012btu bija \u0137\u012bnietes Adikejumu Gulid\u017eienaiti\/D\u017eao Dzjajina.<\/p>\n<p>&#13;<br \/>\n&#13;<\/p>\n<p>Visas Latvijas ekip\u0101\u017eas kvalific\u0113j\u0101s PK posmam, kas s\u0101ksies r\u012bt.<\/p>\n<p>&#13;<br \/>\n&#13;<\/p>\n<p>PK \u0161osezon ir devi\u0146i posmi, un p\u0113c pirmajiem trim posmiem lab\u0101kais no latvie\u0161iem v\u012brie\u0161u konkurenc\u0113 ir Kristers Aparjods, kur\u0161 kopv\u0113rt\u0113jum\u0101 ie\u0146em sesto vietu. Gints B\u0113rzi\u0146\u0161 atrodas dal\u012bt\u0101 astotaj\u0101 poz\u012bcij\u0101, bet Kaspars Rinks ir 22. viet\u0101. Sievie\u0161u vieniniekos no latviet\u0113m visaugst\u0101k ir El\u012bna Ieva Bota, kura ir 11. poz\u012bcij\u0101, bet ail\u012bti zem\u0101k ir Kendija Aparjode, kam\u0113r Zane Kaluma atrodas 18. viet\u0101, bet Margita Sirsni\u0146a ie\u0146em 27. poz\u012bciju. Ekip\u0101\u017e\u0101m v\u012brie\u0161u konkurenc\u0113 M\u0101rti\u0146\u0161 Bots\/Roberts Pl\u016bme kopv\u0113rt\u0113jum\u0101 \u0161obr\u012bd ir tre\u0161ie, Eduards \u0160evics-Mike\u013c\u0161evics\/L\u016bkass Krasts nosl\u0113dz lab\u0101ko desmitnieku, bet Raimonds Baltgalvis\/Uldis Jakseboga atrodas 23. poz\u012bcij\u0101. D\u0101mu divniekos Anda Up\u012bte\/Madara Pavlova ir piekt\u0101s, bet Marta Robe\u017eniece\/Kitija Bogdanova ie\u0146em 13. vietu.<\/p>\n<p>&#13;<br \/>\n&#13;<\/p>\n<p>PK piektais posms janv\u0101r\u012b notiks Vinterberg\u0101, kad nosl\u0113gsies olimpisk\u0101 kvalifik\u0101cija, bet pirmaj\u0101 no diviem posmiem v\u0113l vien\u0101 V\u0101cijas tras\u0113 Oberhof\u0101 tiks dal\u012btas ar\u012b Eiropas \u010dempion\u0101ta meda\u013cas, febru\u0101ra s\u0101kum\u0101 sportistiem sacen\u0161oties Mil\u0101nas-Kort\u012bnas d\u2019Ampeco olimpiskaj\u0101s sp\u0113l\u0113s.<\/p>\n<p>&#13;<\/p>\n","protected":false},"excerpt":{"rendered":"Rinks fini\u0161\u0113ja p\u0113c 48,375 sekund\u0113m, tuv\u0101ko sekot\u0101ju Leonu Feldereru no It\u0101lijas apsteidzot par 0,111 sekund\u0113m. Tre\u0161ais ar 0,155&hellip;\n","protected":false},"author":2,"featured_media":92645,"comment_status":"","ping_status":"","sticky":false,"template":"","format":"standard","meta":{"footnotes":""},"categories":[17],"tags":[35,39,38,36,37,34,40,67],"class_list":{"0":"post-92644","1":"post","2":"type-post","3":"status-publish","4":"format-standard","5":"has-post-thumbnail","7":"category-sports","8":"tag-latvia","9":"tag-latvian","10":"tag-latviesu","11":"tag-latviesu-valoda","12":"tag-latviesuvaloda","13":"tag-latvija","14":"tag-lv","15":"tag-sports"},"share_on_mastodon":{"url":"https:\/\/pubeurope.com\/@lv\/115825984294088119","error":""},"_links":{"self":[{"href":"https:\/\/www.europesays.com\/lv\/wp-json\/wp\/v2\/posts\/92644","targetHints":{"allow":["GET"]}}],"collection":[{"href":"https:\/\/www.europesays.com\/lv\/wp-json\/wp\/v2\/posts"}],"about":[{"href":"https:\/\/www.europesays.com\/lv\/wp-json\/wp\/v2\/types\/post"}],"author":[{"embeddable":true,"href":"https:\/\/www.europesays.com\/lv\/wp-json\/wp\/v2\/users\/2"}],"replies":[{"embeddable":true,"href":"https:\/\/www.europesays.com\/lv\/wp-json\/wp\/v2\/comments?post=92644"}],"version-history":[{"count":0,"href":"https:\/\/www.europesays.com\/lv\/wp-json\/wp\/v2\/posts\/92644\/revisions"}],"wp:featuredmedia":[{"embeddable":true,"href":"https:\/\/www.europesays.com\/lv\/wp-json\/wp\/v2\/media\/92645"}],"wp:attachment":[{"href":"https:\/\/www.europesays.com\/lv\/wp-json\/wp\/v2\/media?parent=92644"}],"wp:term":[{"taxonomy":"category","embeddable":true,"href":"https:\/\/www.europesays.com\/lv\/wp-json\/wp\/v2\/categories?post=92644"},{"taxonomy":"post_tag","embeddable":true,"href":"https:\/\/www.europesays.com\/lv\/wp-json\/wp\/v2\/tags?post=92644"}],"curies":[{"name":"wp","href":"https:\/\/api.w.org\/{rel}","templated":true}]}}