{"id":92652,"date":"2026-01-02T14:38:20","date_gmt":"2026-01-02T14:38:20","guid":{"rendered":"https:\/\/www.europesays.com\/lv\/92652\/"},"modified":"2026-01-02T14:38:20","modified_gmt":"2026-01-02T14:38:20","slug":"skali-solijumi-tuksas-kabatas-vairakas-valdibas-tris-prognozes-tam-kas-sagaida-latviju","status":"publish","type":"post","link":"https:\/\/www.europesays.com\/lv\/92652\/","title":{"rendered":"Ska\u013ci sol\u012bjumi, tuk\u0161as kabatas, vair\u0101kas vald\u012bbas. Tr\u012bs prognozes tam, kas sagaida Latviju"},"content":{"rendered":"<p>2026. gads Latvij\u0101 ien\u0101k nevis k\u0101 reformu, bet k\u0101 politisk\u0101 trok\u0161\u0146a gads, kur\u0101 v\u0113l\u0113\u0161anu kampa\u0146a s\u0101ksies \u0101tr\u0101k nek\u0101 sp\u0113ja pied\u0101v\u0101t satur\u012bgas idejas. Partijas sacent\u012bsies emocij\u0101s, bail\u0113s un v\u0113rt\u012bbu karos, kam\u0113r re\u0101lie valsts izaicin\u0101jumi \u2013 ekonomika, demogr\u0101fija un p\u0101rvald\u012bbas kvalit\u0101te \u2013 paliks \u0113n\u0101. Sabiedr\u012bbas neapmierin\u0101t\u012bba ar varu atkal baros il\u016bziju, ka destrukcija un &#8220;jaunas sejas&#8221; pa\u0161as par sevi ir risin\u0101jums. \u0145emot v\u0113r\u0101, ka 8 l\u012bdz 9 frakcijas, kuras veidos n\u0101kamo Saeimu, b\u016bs ar sam\u0113r\u0101 vien\u0101du deput\u0101tu skaitu, m\u0113s pieredz\u0113sim vair\u0101kas vald\u012bbas. <\/p>\n<p>Glu\u017ei neizb\u0113gama \u0161\u0137iet Saeimas t\u0101l\u0101ka &#8220;stambul\u0113\u0161an\u0101s&#8221; ar\u012b par citiem ideolo\u0123iskajiem samezglojumiem vai sadom\u0101tiem bubu\u013ciem. <\/p>\n<p>Lai ar\u012b v\u0113l\u0113\u0161anas tiks pasniegtas k\u0101 iz\u0161\u0137iro\u0161as Latvijas n\u0101kotnei, politisk\u0101s sist\u0113mas inerces d\u0113\u013c radik\u0101lu pav\u0113rsienu, visticam\u0101k, neb\u016bs. <\/p>\n<p>T\u0101p\u0113c 2026. gads b\u016bs ne tik daudz par izv\u0113li, cik par v\u0113l\u0113t\u0101ju sp\u0113ju ne\u013caut sevi ievilkt politisk\u0101 izr\u0101d\u0113. M\u0113s redz\u0113sim pseido politiskos konfliktus, kuros plusus g\u016bs visas konflikt\u0113jo\u0161\u0101s puses. <\/p>\n<p>Piem\u0113ram, konflikti starp &#8220;zemniekiem&#8221;, &#8220;progres\u012bvajiem&#8221; un Nacion\u0101lo apvien\u012bbu. Starp \u0160leseru un &#8220;Vienot\u012bbu&#8221;, savstarp\u0113j\u0101 c\u012b\u0146a krieviski run\u0101jo\u0161o flang\u0101, tur ar\u012b &#8220;nacion\u0101\u013ci&#8221; g\u016bs savus punktus. Tom\u0113r \u2013 kas uzvar\u0113s?<\/p>\n<p>Lai turpin\u0101tu las\u012bt, ieg\u0101d\u0101jies abonementu.<\/p>\n<p class=\"fs-4\">L\u016bdzu, uzgaidi!<\/p>\n<p class=\"fs-5\">Piel\u0101gojam Tev piem\u0113rot\u0101ko abon\u0113\u0161anas pied\u0101v\u0101jumu&#8230;<\/p>\n<p class=\"lh-1 fs-6 text-muted pt-3 mt-5\">Abon\u0113\u0161anas pied\u0101v\u0101jums nav redzams? L\u016bdzu, izsl\u0113dz rekl\u0101mu blo\u0137\u0113t\u0101ju vai  p\u0101rl\u0101d\u0113 lapu.<br \/>Jaut\u0101jumu gad\u012bjum\u0101 raksti <a href=\"https:\/\/www.delfi.lv\/898102\/versijas\/120100783\/mailto:konts@delfi.lv\" class=\"text-primary\" rel=\"nofollow noopener\" target=\"_blank\">konts@delfi.lv<\/a><\/p>\n<p class=\"m-0\">Seko &#8220;Delfi&#8221; ar\u012b  <a target=\"_blank\" href=\"https:\/\/www.instagram.com\/delfi.lv\/\" rel=\"nofollow noopener\">Instagram<\/a>  un <a target=\"_blank\" href=\"https:\/\/www.youtube.com\/channel\/UCw5foWtcJvAbUm64rv7jwUQ\" rel=\"nofollow noopener\">YouTube<\/a>  profil\u0101 \u2013 pievienojies, lai uzzin\u0101tu svar\u012bg\u0101ko un interesant\u0101ko pirmais!<\/p>\n<p>Publik\u0101cijas saturs vai t\u0101s jebk\u0101da apjoma da\u013ca ir aizsarg\u0101ts autorties\u012bbu objekts Autorties\u012bbu likuma izpratn\u0113, un t\u0101 izmanto\u0161ana bez izdev\u0113ja at\u013caujas ir aizliegta. Vair\u0101k lasi  <a target=\"_blank\" href=\"https:\/\/www.delfi.lv\/noteikumi#autortiesibas\" rel=\"nofollow noopener\">\u0161eit<\/a><script async src=\"\/\/www.instagram.com\/embed.js\"><\/script><\/p>\n","protected":false},"excerpt":{"rendered":"2026. gads Latvij\u0101 ien\u0101k nevis k\u0101 reformu, bet k\u0101 politisk\u0101 trok\u0161\u0146a gads, kur\u0101 v\u0113l\u0113\u0161anu kampa\u0146a s\u0101ksies \u0101tr\u0101k nek\u0101&hellip;\n","protected":false},"author":2,"featured_media":92653,"comment_status":"","ping_status":"","sticky":false,"template":"","format":"standard","meta":{"footnotes":""},"categories":[12],"tags":[23,28,29,5728,32,33,22,30,31,35,39,38,36,37,34,40,20,4955,26,27,24,25,21],"class_list":{"0":"post-92652","1":"post","2":"type-post","3":"status-publish","4":"format-standard","5":"has-post-thumbnail","7":"category-latvija","8":"tag-aktualitates","9":"tag-breaking-news","10":"tag-breakingnews","11":"tag-delfi-plus","12":"tag-featured-news","13":"tag-featurednews","14":"tag-headlines","15":"tag-latest-news","16":"tag-latestnews","17":"tag-latvia","18":"tag-latvian","19":"tag-latviesu","20":"tag-latviesu-valoda","21":"tag-latviesuvaloda","22":"tag-latvija","23":"tag-lv","24":"tag-news","25":"tag-par-aktualo","26":"tag-popularakas-zinas","27":"tag-popularakaszinas","28":"tag-top-stories","29":"tag-topstories","30":"tag-zinas"},"share_on_mastodon":{"url":"https:\/\/pubeurope.com\/@lv\/115826019853673221","error":""},"_links":{"self":[{"href":"https:\/\/www.europesays.com\/lv\/wp-json\/wp\/v2\/posts\/92652","targetHints":{"allow":["GET"]}}],"collection":[{"href":"https:\/\/www.europesays.com\/lv\/wp-json\/wp\/v2\/posts"}],"about":[{"href":"https:\/\/www.europesays.com\/lv\/wp-json\/wp\/v2\/types\/post"}],"author":[{"embeddable":true,"href":"https:\/\/www.europesays.com\/lv\/wp-json\/wp\/v2\/users\/2"}],"replies":[{"embeddable":true,"href":"https:\/\/www.europesays.com\/lv\/wp-json\/wp\/v2\/comments?post=92652"}],"version-history":[{"count":0,"href":"https:\/\/www.europesays.com\/lv\/wp-json\/wp\/v2\/posts\/92652\/revisions"}],"wp:featuredmedia":[{"embeddable":true,"href":"https:\/\/www.europesays.com\/lv\/wp-json\/wp\/v2\/media\/92653"}],"wp:attachment":[{"href":"https:\/\/www.europesays.com\/lv\/wp-json\/wp\/v2\/media?parent=92652"}],"wp:term":[{"taxonomy":"category","embeddable":true,"href":"https:\/\/www.europesays.com\/lv\/wp-json\/wp\/v2\/categories?post=92652"},{"taxonomy":"post_tag","embeddable":true,"href":"https:\/\/www.europesays.com\/lv\/wp-json\/wp\/v2\/tags?post=92652"}],"curies":[{"name":"wp","href":"https:\/\/api.w.org\/{rel}","templated":true}]}}