{"id":92654,"date":"2026-01-02T14:39:24","date_gmt":"2026-01-02T14:39:24","guid":{"rendered":"https:\/\/www.europesays.com\/lv\/92654\/"},"modified":"2026-01-02T14:39:24","modified_gmt":"2026-01-02T14:39:24","slug":"varsavas-lidosta-aizturets-ukrainas-pilsonis-ar-signalu-slapesanas-ierici","status":"publish","type":"post","link":"https:\/\/www.europesays.com\/lv\/92654\/","title":{"rendered":"Var\u0161avas lidost\u0101 aiztur\u0113ts Ukrainas pilsonis ar sign\u0101lu sl\u0101p\u0113\u0161anas ier\u012bci"},"content":{"rendered":"<p>Var\u0161avas \u0160op\u0113na lidost\u0101 aiztur\u0113ts 23 gadus vecs Ukrainas pilsonis I\u013c\u013ca S., pie kura atradusies radiosign\u0101lu sl\u0101p\u0113\u0161anas ier\u012bce, v\u0113sta laikraksts &#8220;Rzeczpospolita&#8221;.<\/p>\n<p>Ier\u012bce paredz\u0113ta darbam frekven\u010du josl\u0101s, kas rezerv\u0113tas avi\u0101cijas sakariem, radariem un navig\u0101cijai.<\/p>\n<p>Aiztur\u0113\u0161ana notikusi 26. decembr\u012b.<\/p>\n<p>I\u013c\u013ca S. piesaist\u012bjis lidostas dro\u0161\u012bbas darbinieku uzman\u012bbu, jo at\u0161\u0137ir\u012bb\u0101 no citiem apmekl\u0113t\u0101jiem vi\u0146\u0161 \u013coti ilgi \u2013 aptuveni se\u0161as stundas \u2013 s\u0113d\u0113jis pie galdi\u0146a kafejn\u012bc\u0101 uzgaid\u0101maj\u0101 z\u0101l\u0113.<\/p>\n<p>Visu \u0161o laiku vi\u0146\u0161 pas\u016bt\u012bjis kafiju un uzkodas un lietojis savu portat\u012bvo datoru.<\/p>\n<p>Aiztur\u0113\u0161anas br\u012bd\u012b I\u013c\u013ca S. nav var\u0113jis ticami paskaidrot, ko vi\u0146\u0161 dara lidost\u0101 un k\u0101p\u0113c vi\u0146am nepiecie\u0161ama radiosign\u0101lu sl\u0101p\u0113\u0161anas ier\u012bce.<\/p>\n<p>Vi\u0146\u0161 atteicies atbild\u0113t uz jaut\u0101jumiem par savu nodarbo\u0161anos, \u012bpa\u0161umiem vai sod\u0101m\u012bbu.<\/p>\n<p>&#8220;S\u0101kum\u0101 vi\u0146\u0161 apgalvoja, ka ir milit\u0101rpersona, p\u0113c br\u012b\u017ea vi\u0146\u0161 teica, ka ir uz\u0146\u0113m\u0113js. Vi\u0146\u0161 ar\u012b nepaskaidroja, ko vi\u0146\u0161 dara Polij\u0101, k\u0101 ar\u012b to, kad un ar k\u0101du m\u0113r\u0137i \u0161eit ieradies,&#8221; laikrakstam past\u0101st\u012bja avoti.<\/p>\n<p>Ukrainis ar\u012b apgalvojis, ka past\u0101v\u012bgi dz\u012bvo Kan\u0101d\u0101.<\/p>\n<p>Aizdom\u0101s tur\u0113tais &#8220;sniedza paskaidrojumus, kas izmekl\u0113\u0161anas s\u0101kotn\u0113j\u0101 posm\u0101 nav apstiprin\u0101ti&#8221;, sac\u012bja prokurors Pjotrs Skiba.<\/p>\n<p>Var\u0161avas rajona tiesa 27. decembr\u012b, da\u013c\u0113ji apmierinot prokurora l\u016bgumu, I\u013c\u013cu S. apcietin\u0101ja uz vienu m\u0113nesi.<\/p>\n<p>I\u013c\u013ca S. aps\u016bdz\u0113ts par m\u0113\u0123in\u0101jumu veikt darb\u012bbas, kas apdraud gaisa satiksmes dro\u0161\u012bbu. Vi\u0146\u0161 savu vainu noliedz.<\/p>\n<p>Izmekl\u0113t\u0101jiem v\u0113l nav zin\u0101mi aiztur\u0113t\u0101 mot\u012bvi.<\/p>\n<p>Starp izskat\u0101maj\u0101m versij\u0101m ir sabot\u0101\u017eas vai spiego\u0161anas m\u0113\u0123in\u0101jums, k\u0101 ar\u012b dro\u0161\u012bbas dienestu rea\u0123\u0113\u0161anas laika p\u0101rbaude.<\/p>\n<p>Var\u0161avas lidosta ir kritisk\u0101s infrastrukt\u016bras objekts, t\u0101p\u0113c lieta tiek izmekl\u0113ta ar \u012bpa\u0161u nopietn\u012bbu.<\/p>\n<p><a rel=\"noopener nofollow\" target=\"_blank\" href=\"https:\/\/www.delfi.lv\/temas\/33690465\/polija\" tag-id=\"33690465\">Polijas<\/a> dro\u0161\u012bbas strukt\u016bras izmekl\u0113 vair\u0101kus gad\u012bjumus, kad Krievijas izl\u016bkdienests sav\u0101s oper\u0101cij\u0101s iesaist\u012bjis Ukrainas pilso\u0146us.<\/p>\n<p class=\"m-0\">Seko &#8220;Delfi&#8221; ar\u012b  <a target=\"_blank\" href=\"https:\/\/www.instagram.com\/delfi.lv\/\" rel=\"nofollow noopener\">Instagram<\/a>  un <a target=\"_blank\" href=\"https:\/\/www.youtube.com\/channel\/UCw5foWtcJvAbUm64rv7jwUQ\" rel=\"nofollow noopener\">YouTube<\/a>  profil\u0101 \u2013 pievienojies, lai uzzin\u0101tu svar\u012bg\u0101ko un interesant\u0101ko pirmais!<\/p>\n<p>Publik\u0101cijas saturs vai t\u0101s jebk\u0101da apjoma da\u013ca ir aizsarg\u0101ts autorties\u012bbu objekts Autorties\u012bbu likuma izpratn\u0113, un t\u0101 izmanto\u0161ana bez izdev\u0113ja at\u013caujas ir aizliegta. Vair\u0101k lasi  <a target=\"_blank\" href=\"https:\/\/www.delfi.lv\/noteikumi#autortiesibas\" rel=\"nofollow noopener\">\u0161eit<\/a><script async src=\"\/\/www.instagram.com\/embed.js\"><\/script><\/p>\n","protected":false},"excerpt":{"rendered":"Var\u0161avas \u0160op\u0113na lidost\u0101 aiztur\u0113ts 23 gadus vecs Ukrainas pilsonis I\u013c\u013ca S., pie kura atradusies radiosign\u0101lu sl\u0101p\u0113\u0161anas ier\u012bce, v\u0113sta&hellip;\n","protected":false},"author":2,"featured_media":92655,"comment_status":"","ping_status":"","sticky":false,"template":"","format":"standard","meta":{"footnotes":""},"categories":[5],"tags":[23,28,29,32,33,22,74,30,31,35,39,38,36,37,34,40,20,72,26,27,24,25,21],"class_list":{"0":"post-92654","1":"post","2":"type-post","3":"status-publish","4":"format-standard","5":"has-post-thumbnail","7":"category-aktualitates","8":"tag-aktualitates","9":"tag-breaking-news","10":"tag-breakingnews","11":"tag-featured-news","12":"tag-featurednews","13":"tag-headlines","14":"tag-krievijas-iebrukums-ukraina","15":"tag-latest-news","16":"tag-latestnews","17":"tag-latvia","18":"tag-latvian","19":"tag-latviesu","20":"tag-latviesu-valoda","21":"tag-latviesuvaloda","22":"tag-latvija","23":"tag-lv","24":"tag-news","25":"tag-polija","26":"tag-popularakas-zinas","27":"tag-popularakaszinas","28":"tag-top-stories","29":"tag-topstories","30":"tag-zinas"},"share_on_mastodon":{"url":"https:\/\/pubeurope.com\/@lv\/115826023594889479","error":""},"_links":{"self":[{"href":"https:\/\/www.europesays.com\/lv\/wp-json\/wp\/v2\/posts\/92654","targetHints":{"allow":["GET"]}}],"collection":[{"href":"https:\/\/www.europesays.com\/lv\/wp-json\/wp\/v2\/posts"}],"about":[{"href":"https:\/\/www.europesays.com\/lv\/wp-json\/wp\/v2\/types\/post"}],"author":[{"embeddable":true,"href":"https:\/\/www.europesays.com\/lv\/wp-json\/wp\/v2\/users\/2"}],"replies":[{"embeddable":true,"href":"https:\/\/www.europesays.com\/lv\/wp-json\/wp\/v2\/comments?post=92654"}],"version-history":[{"count":0,"href":"https:\/\/www.europesays.com\/lv\/wp-json\/wp\/v2\/posts\/92654\/revisions"}],"wp:featuredmedia":[{"embeddable":true,"href":"https:\/\/www.europesays.com\/lv\/wp-json\/wp\/v2\/media\/92655"}],"wp:attachment":[{"href":"https:\/\/www.europesays.com\/lv\/wp-json\/wp\/v2\/media?parent=92654"}],"wp:term":[{"taxonomy":"category","embeddable":true,"href":"https:\/\/www.europesays.com\/lv\/wp-json\/wp\/v2\/categories?post=92654"},{"taxonomy":"post_tag","embeddable":true,"href":"https:\/\/www.europesays.com\/lv\/wp-json\/wp\/v2\/tags?post=92654"}],"curies":[{"name":"wp","href":"https:\/\/api.w.org\/{rel}","templated":true}]}}