{"id":92656,"date":"2026-01-02T14:41:12","date_gmt":"2026-01-02T14:41:12","guid":{"rendered":"https:\/\/www.europesays.com\/lv\/92656\/"},"modified":"2026-01-02T14:41:12","modified_gmt":"2026-01-02T14:41:12","slug":"vef-kulturas-pili-godinas-rigas-labakos-sportistus-trenerus-un-komandas-par-2025-gada-sasniegumiem-lente-lv","status":"publish","type":"post","link":"https:\/\/www.europesays.com\/lv\/92656\/","title":{"rendered":"VEF Kult\u016bras pil\u012b godin\u0101s R\u012bgas lab\u0101kos sportistus, trenerus un komandas par 2025. gada sasniegumiem\u00a0\u2014\u00a0Lente.lv"},"content":{"rendered":"<p>Gada balvas pasnieg\u0161ana VEF Kult\u016bras pil\u012b<\/p>\n<p>Ceturtdien, 8. janv\u0101r\u012b, plkst. 19.00 VEF Kult\u016bras pil\u012b notiks svin\u012bgais pas\u0101kums \u201eR\u012bgas sporta laure\u0101ts 2025\u201d, kur\u0101 tiks sveikti un apbalvoti galvaspils\u0113tas lab\u0101kie sportisti, treneri, komandas un pasludin\u0101ts gada notikums sport\u0101. K\u0101 inform\u0113 port\u0101ls jauns.lv, \u0161is pas\u0101kums norisin\u0101sies jau tr\u012bspadsmito reizi, godinot izcil\u0101kos sasniegumus Latvijas sport\u0101.<\/p>\n<p>Nomin\u0101cijas un pretendenti<\/p>\n<p>\u0160ogad tiks pasniegtas balvas desmit nomin\u0101cij\u0101s: \u201cR\u012bgas Gada sportists\u201d, \u201cR\u012bgas Gada sportiste\u201d, \u201cR\u012bgas Gada parasportists\u201d, \u201cR\u012bgas Gada parasportiste\u201d, \u201cR\u012bgas Gada sporta sp\u0113\u013cu komanda\u201d, \u201cR\u012bgas Gada komanda individu\u0101lajos sporta veidos\u201d, \u201cUzleco\u0161\u0101 zvaigzne sport\u0101\u201d, \u201cR\u012bgas Gada treneris\u201d, \u201cGada notikums sport\u0101\u201d un \u201cPar m\u016b\u017ea ieguld\u012bjumu sport\u0101\u201d.<\/p>\n<p>K\u0101 potenci\u0101lie laure\u0101ti nomin\u0101cij\u0101 \u201cR\u012bgas Gada sportists\u201d izvirz\u012bti skeitbordists Gustavs Gail\u012btis, pludmales volejbolists Kristi\u0101ns Fokerots un vieglatl\u0113ts Valters Krei\u0161s. Savuk\u0101rt nomin\u0101cij\u0101 \u201cR\u012bgas Gada sportiste\u201d pretend\u0113 skeitbordiste Dominika Adri\u0101na Ozoli\u0146a, dejot\u0101ja El\u012bza L\u012bne un vieglatl\u0113te Anete Sieti\u0146a. Balva nomin\u0101cij\u0101 \u201cPar m\u016b\u017ea ieguld\u012bjumu sport\u0101\u201d tiks pie\u0161\u0137irta ilggad\u0113jam basketbola trenerim J\u0101nim Rimbeniekam.<\/p>\n<p>Apbalvojumu pie\u0161\u0137ir\u0161anas krit\u0113riji un v\u0113rt\u0113\u0161anas periods<\/p>\n<p>Pieteikumus balvu sa\u0146em\u0161anai var\u0113ja iesniegt Latvij\u0101 atz\u012btas sporta feder\u0101cijas, R\u012bgas pa\u0161vald\u012bbas administrat\u012bvaj\u0101 teritorij\u0101 re\u0123istr\u0113tas nevalstisk\u0101s sporta organiz\u0101cijas un sporta izgl\u012bt\u012bbas iest\u0101des. Komisija v\u0113rt\u0113ja sportisko sniegumu un sasniegumus laika period\u0101 no 2025. gada 1. janv\u0101ra l\u012bdz 30. novembrim. \u0160is process nodro\u0161ina, ka tiek godin\u0101ti sportisti un komandas, kas demonstr\u0113ju\u0161i izcil\u012bbu visa gada garum\u0101.<\/p>\n<p>Laure\u0101tu godin\u0101\u0161ana un balvas<\/p>\n<p>Visi apbalvojumu \u201cR\u012bgas sporta laure\u0101ts 2025\u201d laure\u0101ti sa\u0146ems unik\u0101las, stikla m\u0101kslinieces Ilzes D\u016bdi\u0146as veidotas stikla balvas, k\u0101 ar\u012b R\u012bgas pa\u0161vald\u012bbas Atzin\u012bbas un Goda rakstus. Pas\u0101kuma vad\u012bs paz\u012bstamais sporta \u017eurn\u0101lists D\u0101vids Ern\u0161treits un aktrise Agnese Budovska, nodro\u0161inot svin\u012bgu un atrakt\u012bvu ceremonijas norisi.<\/p>\n<p>Iepriek\u0161\u0113jo gadu pieredze<\/p>\n<p>Apbalvojums \u201cR\u012bgas sporta laure\u0101ts\u201d tiek pasniegts jau tr\u012bspadsmito gadu, un t\u0101 m\u0113r\u0137is ir izcelt un godin\u0101t lab\u0101kos sasniegumus R\u012bgas sporta dz\u012bv\u0113. Iepriek\u0161\u0113jos gados balvas ir sa\u0146\u0113mu\u0161i gan individu\u0101lie sportisti, gan komandas un treneri, atz\u012bstot vi\u0146u noz\u012bm\u012bgo ieguld\u012bjumu sporta att\u012bst\u012bb\u0101.<\/p>\n","protected":false},"excerpt":{"rendered":"Gada balvas pasnieg\u0161ana VEF Kult\u016bras pil\u012b Ceturtdien, 8. janv\u0101r\u012b, plkst. 19.00 VEF Kult\u016bras pil\u012b notiks svin\u012bgais pas\u0101kums \u201eR\u012bgas&hellip;\n","protected":false},"author":2,"featured_media":92657,"comment_status":"","ping_status":"","sticky":false,"template":"","format":"standard","meta":{"footnotes":""},"categories":[17],"tags":[23248,23246,23247,35,39,38,36,37,34,40,23245,67,431],"class_list":{"0":"post-92656","1":"post","2":"type-post","3":"status-publish","4":"format-standard","5":"has-post-thumbnail","7":"category-sports","8":"tag-labakas-komandas","9":"tag-labakie-sportisti","10":"tag-labakie-treneri","11":"tag-latvia","12":"tag-latvian","13":"tag-latviesu","14":"tag-latviesu-valoda","15":"tag-latviesuvaloda","16":"tag-latvija","17":"tag-lv","18":"tag-rigas-sporta-laureats-2025","19":"tag-sports","20":"tag-vef-kulturas-pils"},"share_on_mastodon":{"url":"https:\/\/pubeurope.com\/@lv\/115826031537947071","error":""},"_links":{"self":[{"href":"https:\/\/www.europesays.com\/lv\/wp-json\/wp\/v2\/posts\/92656","targetHints":{"allow":["GET"]}}],"collection":[{"href":"https:\/\/www.europesays.com\/lv\/wp-json\/wp\/v2\/posts"}],"about":[{"href":"https:\/\/www.europesays.com\/lv\/wp-json\/wp\/v2\/types\/post"}],"author":[{"embeddable":true,"href":"https:\/\/www.europesays.com\/lv\/wp-json\/wp\/v2\/users\/2"}],"replies":[{"embeddable":true,"href":"https:\/\/www.europesays.com\/lv\/wp-json\/wp\/v2\/comments?post=92656"}],"version-history":[{"count":0,"href":"https:\/\/www.europesays.com\/lv\/wp-json\/wp\/v2\/posts\/92656\/revisions"}],"wp:featuredmedia":[{"embeddable":true,"href":"https:\/\/www.europesays.com\/lv\/wp-json\/wp\/v2\/media\/92657"}],"wp:attachment":[{"href":"https:\/\/www.europesays.com\/lv\/wp-json\/wp\/v2\/media?parent=92656"}],"wp:term":[{"taxonomy":"category","embeddable":true,"href":"https:\/\/www.europesays.com\/lv\/wp-json\/wp\/v2\/categories?post=92656"},{"taxonomy":"post_tag","embeddable":true,"href":"https:\/\/www.europesays.com\/lv\/wp-json\/wp\/v2\/tags?post=92656"}],"curies":[{"name":"wp","href":"https:\/\/api.w.org\/{rel}","templated":true}]}}