{"id":92664,"date":"2026-01-02T14:46:07","date_gmt":"2026-01-02T14:46:07","guid":{"rendered":"https:\/\/www.europesays.com\/lv\/92664\/"},"modified":"2026-01-02T14:46:07","modified_gmt":"2026-01-02T14:46:07","slug":"aktrises-guna-zarina-maija-doveika-un-rezisore-inese-micule-pardomas-par-sievietem-un-tragedijam-lente-lv","status":"publish","type":"post","link":"https:\/\/www.europesays.com\/lv\/92664\/","title":{"rendered":"Aktrises Guna Zari\u0146a, Maija Doveika un re\u017eisore Inese Mi\u010dule p\u0101rdom\u0101s par sieviet\u0113m un tra\u0123\u0113dij\u0101m\u00a0\u2014\u00a0Lente.lv"},"content":{"rendered":"<p>Saruna par liel\u0101ko par dz\u012bvi<\/p>\n<p>Aktrises Guna Zari\u0146a un Maija Doveika kop\u0101 ar re\u017eisori Inesi Mi\u010duli Latvijas Radio 3 raid\u012bjum\u0101 &#8220;\u0160\u0146orb\u0113ni\u0146i&#8221; dal\u012bju\u0161\u0101s p\u0101rdom\u0101s par sieviet\u0113m, tra\u0123\u0113dij\u0101m un t\u0113m\u0101m, kas cilv\u0113ka dz\u012bv\u0113 un kult\u016br\u0101 ir noz\u012bm\u012bg\u0101kas par pa\u0161u cilv\u0113ku. K\u0101 inform\u0113 Latvijas Sabiedriskie Mediji, sarunas pamat\u0101 ir vi\u0146u kop\u012bg\u0101 pieredze darb\u0101 ar ant\u012bkaj\u0101 kult\u016br\u0101 balst\u012btiem tra\u0123\u0113diju tekstiem, kas m\u016bsdienu te\u0101trim ir sam\u0113r\u0101 ekskluz\u012bva joma. Raid\u012bjuma vad\u012bt\u0101ja ir te\u0101tra zin\u0101tniece Zane Radzobe.<\/p>\n<p>Tra\u0123\u0113dijas k\u0101 retums<\/p>\n<p>Inese Mi\u010dule uzsv\u0113ra, ka tra\u0123\u0113dijas m\u016bsdien\u0101s ir liels retums, jo t\u0101s nav vienk\u0101r\u0161i st\u0101sti par n\u0101vi, bet gan par neizb\u0113gam\u0101m beig\u0101m, kur varonis sastopas ar kaut ko sev\u012b liel\u0101ku. &#8220;Tra\u0123\u0113dijas dod iesp\u0113ju parun\u0101ties par to, kas ir liel\u0101ks par dz\u012bvi,&#8221; atzina Mi\u010dule. Vi\u0146a piebilda, ka tra\u0123\u0113dijas varonim liek saskarties ar mor\u0101les v\u0113rt\u012bb\u0101m un izv\u0113l\u0113ties starp savu &#8220;mazumu&#8221; un &#8220;lielumu&#8221;, k\u0101 ar\u012b piedom\u0101t pie darba m\u0113roga un telpas rad\u012b\u0161anas.<\/p>\n<p>Personiskie m\u0113rogi<\/p>\n<p>Guna Zari\u0146a atzina, ka vi\u0146ai j\u0113dzieni &#8220;lielums&#8221; un &#8220;m\u0113rogs&#8221; vienm\u0113r izsaka visu, un, str\u0101d\u0101jot pie izr\u0101des, ir j\u0113gpiln\u0101k risin\u0101t lielus jaut\u0101jumus, nevis &#8220;skrumzin\u0101ties&#8221; pa s\u012bkumiem. Maija Doveika piebilda, ka \u0161ie v\u0101rdi varb\u016bt ne vienm\u0113r prec\u012bzi izsaka to, ko tie noz\u012bm\u0113, ta\u010du ikdien\u0101 par tiem n\u0101kas dom\u0101t. Sarunas laik\u0101 tika skarts ar\u012b jaut\u0101jums par to, k\u0101 tra\u0123\u0113dija &#8220;iz\u0123\u0113rbj&#8221; aktieri, pieprasot \u012bpa\u0161u drosmi.<\/p>\n<p>Ant\u012bk\u0101s tra\u0123\u0113dijas m\u016bsdienu kontekst\u0101<\/p>\n<p>Diskusija rais\u012bja jaut\u0101jumu par to, k\u0101p\u0113c tie\u0161i tra\u0123\u0113diju t\u0113mas tiek aktualiz\u0113tas. Te\u0101tra zin\u0101tniece Zane Radzobe nor\u0101d\u012bja, ka tra\u0123\u0113dijas ir st\u0101sti, kur beigas ir neizb\u0113gamas, un tam, ar ko varonis sastopas, j\u0101b\u016bt liel\u0101kam par vi\u0146u pa\u0161u. Lai gan teor\u0113tiski kop\u0161 20. gadsimta vidus Rietumos uzskata, ka nekas nav liel\u0101ks par cilv\u0113ku, 21. gadsimt\u0101 \u0161\u012b dom\u0101\u0161ana arvien main\u0101s.<\/p>\n","protected":false},"excerpt":{"rendered":"Saruna par liel\u0101ko par dz\u012bvi Aktrises Guna Zari\u0146a un Maija Doveika kop\u0101 ar re\u017eisori Inesi Mi\u010duli Latvijas Radio&hellip;\n","protected":false},"author":2,"featured_media":92665,"comment_status":"","ping_status":"","sticky":false,"template":"","format":"standard","meta":{"footnotes":""},"categories":[19],"tags":[89,12651,3348,90,35,39,38,36,37,34,18362,40,6568,23249],"class_list":{"0":"post-92664","1":"post","2":"type-post","3":"status-publish","4":"format-standard","5":"has-post-thumbnail","7":"category-izklaide","8":"tag-entertainment","9":"tag-guna-zarina","10":"tag-inese-micule","11":"tag-izklaide","12":"tag-latvia","13":"tag-latvian","14":"tag-latviesu","15":"tag-latviesu-valoda","16":"tag-latviesuvaloda","17":"tag-latvija","18":"tag-latvijas-radio-3-klasika","19":"tag-lv","20":"tag-maija-doveika","21":"tag-tragedijas"},"share_on_mastodon":{"url":"https:\/\/pubeurope.com\/@lv\/115826051264717008","error":""},"_links":{"self":[{"href":"https:\/\/www.europesays.com\/lv\/wp-json\/wp\/v2\/posts\/92664","targetHints":{"allow":["GET"]}}],"collection":[{"href":"https:\/\/www.europesays.com\/lv\/wp-json\/wp\/v2\/posts"}],"about":[{"href":"https:\/\/www.europesays.com\/lv\/wp-json\/wp\/v2\/types\/post"}],"author":[{"embeddable":true,"href":"https:\/\/www.europesays.com\/lv\/wp-json\/wp\/v2\/users\/2"}],"replies":[{"embeddable":true,"href":"https:\/\/www.europesays.com\/lv\/wp-json\/wp\/v2\/comments?post=92664"}],"version-history":[{"count":0,"href":"https:\/\/www.europesays.com\/lv\/wp-json\/wp\/v2\/posts\/92664\/revisions"}],"wp:featuredmedia":[{"embeddable":true,"href":"https:\/\/www.europesays.com\/lv\/wp-json\/wp\/v2\/media\/92665"}],"wp:attachment":[{"href":"https:\/\/www.europesays.com\/lv\/wp-json\/wp\/v2\/media?parent=92664"}],"wp:term":[{"taxonomy":"category","embeddable":true,"href":"https:\/\/www.europesays.com\/lv\/wp-json\/wp\/v2\/categories?post=92664"},{"taxonomy":"post_tag","embeddable":true,"href":"https:\/\/www.europesays.com\/lv\/wp-json\/wp\/v2\/tags?post=92664"}],"curies":[{"name":"wp","href":"https:\/\/api.w.org\/{rel}","templated":true}]}}