{"id":92670,"date":"2026-01-02T14:49:08","date_gmt":"2026-01-02T14:49:08","guid":{"rendered":"https:\/\/www.europesays.com\/lv\/92670\/"},"modified":"2026-01-02T14:49:08","modified_gmt":"2026-01-02T14:49:08","slug":"tramps-arvien-biezak-publiskas-sapulces-iemieg-vinam-pasam-gan-ir-alibi","status":"publish","type":"post","link":"https:\/\/www.europesays.com\/lv\/92670\/","title":{"rendered":"Tramps arvien bie\u017e\u0101k publisk\u0101s sapulc\u0113s iemieg \u2013 vi\u0146am pa\u0161am gan ir \u201calibi\u201d"},"content":{"rendered":"<p>    <img decoding=\"async\" src=\"https:\/\/www.europesays.com\/lv\/wp-content\/uploads\/2026\/01\/Ekranuznemums-2026-01-02-163309-1024x700.jpg\" alt=\"&#10;\"\/><\/p>\n<p>FOTO: Chip Somodevilla\/Getty Images\/Scanpix\/LETA\n<\/p>\n<p>\u013baudis paman\u012bju\u0161i, ka ASV prezidents arvien bie\u017e\u0101k sapulc\u0113s tiek nofilm\u0113ts un nofotograf\u0113ts ar ac\u012bm ciet, t\u0101d\u0113j\u0101di izskat\u0101s iemidzis. Tas raisa ba\u017eas par vi\u0146a vesel\u012bbas st\u0101vokli.<\/p>\n<p>        Las\u012bt\u0101kie<br \/>\n        <a data-imagesrc=\"{&quot;300&quot;:&quot;https:\\\/\\\/lastatic.ams3.cdn.digitaloceanspaces.com\\\/2015\\\/01\\\/VWPassatB6_11-300x200.jpg&quot;,&quot;80&quot;:&quot;https:\\\/\\\/lastatic.ams3.cdn.digitaloceanspaces.com\\\/2015\\\/01\\\/VWPassatB6_11-80x48.jpg&quot;,&quot;112&quot;:&quot;https:\\\/\\\/lastatic.ams3.cdn.digitaloceanspaces.com\\\/2015\\\/01\\\/VWPassatB6_11-112x64.jpg&quot;,&quot;664&quot;:&quot;https:\\\/\\\/lastatic.ams3.cdn.digitaloceanspaces.com\\\/2015\\\/01\\\/VWPassatB6_11-664x443.jpg&quot;,&quot;239&quot;:&quot;https:\\\/\\\/lastatic.ams3.cdn.digitaloceanspaces.com\\\/2015\\\/01\\\/VWPassatB6_11-239x160.jpg&quot;,&quot;263&quot;:&quot;https:\\\/\\\/lastatic.ams3.cdn.digitaloceanspaces.com\\\/2015\\\/01\\\/VWPassatB6_11-263x175.jpg&quot;,&quot;506&quot;:&quot;https:\\\/\\\/lastatic.ams3.cdn.digitaloceanspaces.com\\\/2015\\\/01\\\/VWPassatB6_11-506x338.jpg&quot;,&quot;118&quot;:&quot;https:\\\/\\\/lastatic.ams3.cdn.digitaloceanspaces.com\\\/2015\\\/01\\\/VWPassatB6_11-118x70.jpg&quot;,&quot;348&quot;:&quot;https:\\\/\\\/lastatic.ams3.cdn.digitaloceanspaces.com\\\/2015\\\/01\\\/VWPassatB6_11-348x225.jpg&quot;,&quot;640&quot;:&quot;https:\\\/\\\/lastatic.ams3.cdn.digitaloceanspaces.com\\\/2015\\\/01\\\/VWPassatB6_11-640x534.jpg&quot;,&quot;90&quot;:&quot;https:\\\/\\\/lastatic.ams3.cdn.digitaloceanspaces.com\\\/2015\\\/01\\\/VWPassatB6_11-90x58.jpg&quot;,&quot;800&quot;:&quot;https:\\\/\\\/lastatic.ams3.cdn.digitaloceanspaces.com\\\/2015\\\/01\\\/VWPassatB6_11.jpg&quot;}\" data-focuspoint=\"&quot;&quot;\" data-p=\"2485867\" href=\"https:\/\/www.la.lv\/ja-tev-pieder-kada-no-sim-7-automasinam-iespejams-ir-istais-bridis-sakt-domat-par-pardosanu\" class=\"content-item lazy-load\" wp_automatic_readability=\"27.5\" rel=\"nofollow noopener\" target=\"_blank\"><\/p>\n<p>                                <img decoding=\"async\" src=\"\" alt=\"\" style=\"\" data-imageid=\"\"\/><\/p>\n<p>\n                                                Ja tev pieder k\u0101da no \u0161\u012bm 7 automa\u0161\u012bn\u0101m, iesp\u0113jams, ir \u012bstais br\u012bdis s\u0101kt dom\u0101t par p\u0101rdo\u0161anu\n                            <\/p>\n<p><\/a><a data-imagesrc=\"{&quot;300&quot;:&quot;https:\\\/\\\/lastatic.ams3.cdn.digitaloceanspaces.com\\\/2025\\\/03\\\/dc4788e1-e9bf-40c2-8010-3feb8dc0fd1c-300x200.jpg&quot;,&quot;1024&quot;:&quot;https:\\\/\\\/lastatic.ams3.cdn.digitaloceanspaces.com\\\/2025\\\/03\\\/dc4788e1-e9bf-40c2-8010-3feb8dc0fd1c-1024x683.jpg&quot;,&quot;768&quot;:&quot;https:\\\/\\\/lastatic.ams3.cdn.digitaloceanspaces.com\\\/2025\\\/03\\\/dc4788e1-e9bf-40c2-8010-3feb8dc0fd1c-768x512.jpg&quot;,&quot;1536&quot;:&quot;https:\\\/\\\/lastatic.ams3.cdn.digitaloceanspaces.com\\\/2025\\\/03\\\/dc4788e1-e9bf-40c2-8010-3feb8dc0fd1c-1536x1024.jpg&quot;,&quot;200&quot;:&quot;https:\\\/\\\/lastatic.ams3.cdn.digitaloceanspaces.com\\\/2025\\\/03\\\/dc4788e1-e9bf-40c2-8010-3feb8dc0fd1c-200x133.jpg&quot;,&quot;400&quot;:&quot;https:\\\/\\\/lastatic.ams3.cdn.digitaloceanspaces.com\\\/2025\\\/03\\\/dc4788e1-e9bf-40c2-8010-3feb8dc0fd1c-400x267.jpg&quot;,&quot;500&quot;:&quot;https:\\\/\\\/lastatic.ams3.cdn.digitaloceanspaces.com\\\/2025\\\/03\\\/dc4788e1-e9bf-40c2-8010-3feb8dc0fd1c-500x333.jpg&quot;,&quot;800&quot;:&quot;https:\\\/\\\/lastatic.ams3.cdn.digitaloceanspaces.com\\\/2025\\\/03\\\/dc4788e1-e9bf-40c2-8010-3feb8dc0fd1c-800x533.jpg&quot;,&quot;1000&quot;:&quot;https:\\\/\\\/lastatic.ams3.cdn.digitaloceanspaces.com\\\/2025\\\/03\\\/dc4788e1-e9bf-40c2-8010-3feb8dc0fd1c-1000x667.jpg&quot;,&quot;1800&quot;:&quot;https:\\\/\\\/lastatic.ams3.cdn.digitaloceanspaces.com\\\/2025\\\/03\\\/dc4788e1-e9bf-40c2-8010-3feb8dc0fd1c.jpg&quot;}\" data-focuspoint=\"&quot;&quot;\" data-p=\"2478778\" href=\"https:\/\/www.la.lv\/visa-pasaule-skatisies-uz-viniem-ka-uz-zvaigznem-tikai-cetras-zodiaka-zimes-2026-gada-mirdzes-spozi-jo-spozi\" class=\"content-item lazy-load\" wp_automatic_readability=\"26.5\" rel=\"nofollow noopener\" target=\"_blank\"><\/p>\n<p>                                <img decoding=\"async\" src=\"\" alt=\"\" style=\"\" data-imageid=\"\"\/><\/p>\n<p>                                Kokteilis<\/p>\n<p>\n                                                Visa pasaule skat\u012bsies uz vi\u0146iem k\u0101 uz zvaigzn\u0113m! \u010cetras zodiaka z\u012bmes 2026. gad\u0101 mirdz\u0113s spo\u017ei jo spo\u017ei\n                            <\/p>\n<p><\/a><a data-imagesrc=\"{&quot;300&quot;:&quot;https:\\\/\\\/lastatic.ams3.cdn.digitaloceanspaces.com\\\/2014\\\/08\\\/avokado-300x199.jpg&quot;,&quot;80&quot;:&quot;https:\\\/\\\/lastatic.ams3.cdn.digitaloceanspaces.com\\\/2014\\\/08\\\/avokado-80x48.jpg&quot;,&quot;112&quot;:&quot;https:\\\/\\\/lastatic.ams3.cdn.digitaloceanspaces.com\\\/2014\\\/08\\\/avokado-112x64.jpg&quot;,&quot;664&quot;:&quot;https:\\\/\\\/lastatic.ams3.cdn.digitaloceanspaces.com\\\/2014\\\/08\\\/avokado-664x440.jpg&quot;,&quot;241&quot;:&quot;https:\\\/\\\/lastatic.ams3.cdn.digitaloceanspaces.com\\\/2014\\\/08\\\/avokado-241x160.jpg&quot;,&quot;263&quot;:&quot;https:\\\/\\\/lastatic.ams3.cdn.digitaloceanspaces.com\\\/2014\\\/08\\\/avokado-263x174.jpg&quot;,&quot;509&quot;:&quot;https:\\\/\\\/lastatic.ams3.cdn.digitaloceanspaces.com\\\/2014\\\/08\\\/avokado-509x338.jpg&quot;,&quot;118&quot;:&quot;https:\\\/\\\/lastatic.ams3.cdn.digitaloceanspaces.com\\\/2014\\\/08\\\/avokado-118x70.jpg&quot;,&quot;348&quot;:&quot;https:\\\/\\\/lastatic.ams3.cdn.digitaloceanspaces.com\\\/2014\\\/08\\\/avokado-348x225.jpg&quot;,&quot;90&quot;:&quot;https:\\\/\\\/lastatic.ams3.cdn.digitaloceanspaces.com\\\/2014\\\/08\\\/avokado-90x58.jpg&quot;,&quot;800&quot;:&quot;https:\\\/\\\/lastatic.ams3.cdn.digitaloceanspaces.com\\\/2014\\\/08\\\/avokado.jpg&quot;}\" data-focuspoint=\"&quot;&quot;\" data-p=\"2486324\" href=\"https:\/\/www.la.lv\/ir-5-cilveku-grupas-kam-vajadzetu-izvairities-no-avokado-lietosanas-uztura\" class=\"content-item lazy-load\" wp_automatic_readability=\"26.5\" rel=\"nofollow noopener\" target=\"_blank\"><\/p>\n<p>                                <img decoding=\"async\" src=\"\" alt=\"\" style=\"\" data-imageid=\"\"\/><\/p>\n<p>                                Veselam<\/p>\n<p>\n                                                Ir 5 cilv\u0113ku grupas, kam vajadz\u0113tu izvair\u012bties no avokado lieto\u0161anas uztur\u0101\n                            <\/p>\n<p><\/a><br \/>\n        <a class=\"read-more\" href=\"https:\/\/www.la.lv\/top\" rel=\"nofollow noopener\" target=\"_blank\">Las\u012bt citas zi\u0146as<\/a><\/p>\n<p>ASV prezidents Donalds Tramps noliedz, ka b\u016btu aizmidzis publisku sapul\u010du laik\u0101, un stingri aizst\u0101v savu labo vesel\u012bbu p\u0113c pirm\u0101 gada otraj\u0101 prezidenta termi\u0146\u0101, kad arvien bie\u017e\u0101k par\u0101d\u0101s jaut\u0101jumi par vi\u0146a labsaj\u016btu.<\/p>\n<p>79 gadus vecais Tramps ir vec\u0101kais cilv\u0113ks, kur\u0161 jebkad ir ie\u0146\u0113mis ASV prezidenta amatu. Intervij\u0101 ar Wall Street Journal vi\u0146\u0161 sac\u012bja: \u201cMana vesel\u012bba ir perfekta,\u201d izsakot neapmierin\u0101t\u012bbu par nep\u0101rtrauktu uzman\u012bbu savai labsaj\u016btai.<\/p>\n<p>    CITI \u0160OBR\u012aD LASA<\/p>\n<p>Prezidents noliedza, ka b\u016btu aizmidzis Balt\u0101 nama sapulc\u0113s, kur kamer\u0101s da\u017ek\u0101rt vi\u0146\u0161 tika redz\u0113ts ar aizv\u0113rt\u0101m ac\u012bm, uzsverot, ka vienk\u0101r\u0161i atp\u016b\u0161 acis vai mirk\u0161\u0137ina.<\/p>\n<p>\u201cEs tikai aizveru acis. Tas man ir \u013coti relaks\u0113jo\u0161i,\u201d sac\u012bja Tramps. \u201cDa\u017ereiz vi\u0146i nofotograf\u0113 mani mirk\u0161\u0137in\u0101m, un tad tas izskat\u0101s, ka es s\u0113\u017eu ar aizv\u0113rt\u0101m ac\u012bm.\u201d<\/p>\n<p>ASV prezidents Donalds Tramps atzinis, ka regul\u0101ri lieto liel\u0101kas aspir\u012bna devas, nek\u0101 iesaka \u0101rsti, lai gan tas rada vesel\u012bbas riskus. Intervij\u0101 The Wall Street Journal Tramps sac\u012bja, ka dien\u0101 lieto 325 miligramus aspir\u012bna jau aptuveni 25 gadus, jo esot \u201cnedaudz m\u0101\u0146tic\u012bgs\u201d un v\u0113loties, lai asinis b\u016btu \u201c\u0161\u0137idr\u0101kas\u201d, raksta CNN. <\/p>\n<p>\u0100rsti prezidentam ieteiku\u0161i samazin\u0101t devu l\u012bdz ierastajiem 81 miligramam, jo liel\u0101kas aspir\u012bna devas palielina iek\u0161\u0113jas asi\u0146o\u0161anas risku, \u012bpa\u0161i gados vec\u0101kiem cilv\u0113kiem. Tramps gan nor\u0101d\u012bjis, ka pa\u013caujas uz saviem \u201clabajiem g\u0113niem\u201d un \u0101rstu ieteikumus neiev\u0113ro.<\/p>\n<p>Prezidenta rokas bie\u017ei redzamas ar kosm\u0113tiku, kas, p\u0113c Balt\u0101 nama preses sekret\u0101res teikt\u0101, tiek izmantota, lai nosl\u0113ptu zilumus. Tie it k\u0101 rodas no bie\u017eas roku spie\u0161anas, tom\u0113r medijos izskan\u0113ju\u0161as ar\u012b spekul\u0101cijas par Trampa vesel\u012bbas st\u0101vokli, tostarp dzirdes un redzes pasliktin\u0101\u0161anos.<\/p>\n<p>Tramps atzinis, ka no\u017e\u0113lo padzi\u013cin\u0101tu medic\u012bnisko izmekl\u0113jumu veik\u0161anu 2025. gad\u0101, jo tas, vi\u0146apr\u0101t, devis kriti\u0137iem papildu iemeslus ap\u0161aub\u012bt vi\u0146a vesel\u012bbu. \u201cNekas man nekait,\u201d uzsv\u0113ris prezidents.<\/p>\n<p>Donalds Tramps, kur\u0161, nosl\u0113dzot otro prezident\u016bras termi\u0146u, b\u016bs vec\u0101kais ASV prezidents v\u0113stur\u0113, jau iepriek\u0161 centies mazin\u0101t sabiedr\u012bbas uzman\u012bbu savai vesel\u012bbai, ta\u010du redzam\u0101s paz\u012bmes arvien bie\u017e\u0101k raisa diskusijas par vi\u0146a fizisko st\u0101vokli.<\/p>\n<p>T\u0113mas<\/p>\n<p>    SAIST\u012aTIE RAKSTI<\/p>\n","protected":false},"excerpt":{"rendered":"FOTO: Chip Somodevilla\/Getty Images\/Scanpix\/LETA \u013baudis paman\u012bju\u0161i, ka ASV prezidents arvien bie\u017e\u0101k sapulc\u0113s tiek nofilm\u0113ts un nofotograf\u0113ts ar ac\u012bm&hellip;\n","protected":false},"author":2,"featured_media":92671,"comment_status":"","ping_status":"","sticky":false,"template":"","format":"standard","meta":{"footnotes":""},"categories":[14],"tags":[23,57,28,29,32,33,22,30,31,35,39,38,36,37,34,40,20,26,27,24,25,54,55,56,21,58],"class_list":{"0":"post-92670","1":"post","2":"type-post","3":"status-publish","4":"format-standard","5":"has-post-thumbnail","7":"category-zinas-no-arvalstim","8":"tag-aktualitates","9":"tag-arvalstim","10":"tag-breaking-news","11":"tag-breakingnews","12":"tag-featured-news","13":"tag-featurednews","14":"tag-headlines","15":"tag-latest-news","16":"tag-latestnews","17":"tag-latvia","18":"tag-latvian","19":"tag-latviesu","20":"tag-latviesu-valoda","21":"tag-latviesuvaloda","22":"tag-latvija","23":"tag-lv","24":"tag-news","25":"tag-popularakas-zinas","26":"tag-popularakaszinas","27":"tag-top-stories","28":"tag-topstories","29":"tag-world","30":"tag-world-news","31":"tag-worldnews","32":"tag-zinas","33":"tag-zinas-no-arvalstim"},"share_on_mastodon":{"url":"https:\/\/pubeurope.com\/@lv\/115826063031540421","error":""},"_links":{"self":[{"href":"https:\/\/www.europesays.com\/lv\/wp-json\/wp\/v2\/posts\/92670","targetHints":{"allow":["GET"]}}],"collection":[{"href":"https:\/\/www.europesays.com\/lv\/wp-json\/wp\/v2\/posts"}],"about":[{"href":"https:\/\/www.europesays.com\/lv\/wp-json\/wp\/v2\/types\/post"}],"author":[{"embeddable":true,"href":"https:\/\/www.europesays.com\/lv\/wp-json\/wp\/v2\/users\/2"}],"replies":[{"embeddable":true,"href":"https:\/\/www.europesays.com\/lv\/wp-json\/wp\/v2\/comments?post=92670"}],"version-history":[{"count":0,"href":"https:\/\/www.europesays.com\/lv\/wp-json\/wp\/v2\/posts\/92670\/revisions"}],"wp:featuredmedia":[{"embeddable":true,"href":"https:\/\/www.europesays.com\/lv\/wp-json\/wp\/v2\/media\/92671"}],"wp:attachment":[{"href":"https:\/\/www.europesays.com\/lv\/wp-json\/wp\/v2\/media?parent=92670"}],"wp:term":[{"taxonomy":"category","embeddable":true,"href":"https:\/\/www.europesays.com\/lv\/wp-json\/wp\/v2\/categories?post=92670"},{"taxonomy":"post_tag","embeddable":true,"href":"https:\/\/www.europesays.com\/lv\/wp-json\/wp\/v2\/tags?post=92670"}],"curies":[{"name":"wp","href":"https:\/\/api.w.org\/{rel}","templated":true}]}}