{"id":92672,"date":"2026-01-02T14:50:08","date_gmt":"2026-01-02T14:50:08","guid":{"rendered":"https:\/\/www.europesays.com\/lv\/92672\/"},"modified":"2026-01-02T14:50:08","modified_gmt":"2026-01-02T14:50:08","slug":"daudzstavu-eka-tornkalna-iegruvis-jumts-aculiecinieki-zino-par-spradzienu","status":"publish","type":"post","link":"https:\/\/www.europesays.com\/lv\/92672\/","title":{"rendered":"Daudzst\u0101vu \u0113k\u0101 Tor\u0146kaln\u0101 iegruvis jumts. Aculiecinieki zi\u0146o par spr\u0101dzienu"},"content":{"rendered":"<p>Valsts ugunsdz\u0113s\u012bbas un gl\u0101b\u0161anas dienest\u0101 (<a href=\"https:\/\/www.tvnet.lv\/term\/555464\/vugd\" class=\"topicLink\" target=\"_blank\" rel=\"nofollow noopener\">VUGD<\/a>) a\u0123ent\u016brai LETA apstiprin\u0101ja, ka p\u0113cpusdien\u0101, plkst. 15.20 tika sa\u0146emts izsaukums uz Bauskas ielu un pa\u0161laik gl\u0101b\u0113ji str\u0101d\u0101 notikuma viet\u0101.<\/p>\n<p>VUGD nor\u0101da, ka p\u0113c s\u0101kotn\u0113j\u0101s inform\u0101cijas noticis konstrukciju sabrukums daudzdz\u012bvok\u013cu \u0113kas aug\u0161\u0113jos st\u0101vos. Patlaban no \u0113kas tiek evaku\u0113ti cilv\u0113ki.<\/p>\n<p>Notikuma viet\u0101 str\u0101d\u0101 ar\u012b \u010detras Neatliekam\u0101s medic\u012bnisk\u0101s pal\u012bdz\u012bbas dienesta (NMPD) brig\u0101des un viena specializ\u0113t\u0101 \u0101rstu brig\u0101de. Negad\u012bjum\u0101 ir cietu\u0161ie, bet pa\u0161laik dienests pla\u0161\u0101kus koment\u0101rus nesniedz, jo notiek darbs notikuma viet\u0101, v\u0113sta LSM.LV<\/p>\n<p>\u013baudis soci\u0101lajos t\u012bklos, k\u0101 ar\u012b LETA las\u012bt\u0101ji zi\u0146o, ka troksnis l\u012bdzin\u0101jies spr\u0101dzienam, ta\u010du atbild\u012bgie dienesti pagaid\u0101m \u0161o inform\u0101ciju neapstiprina.<\/p>\n<p>Notiku\u0161\u0101 aculiecinieki zi\u0146o, ka spr\u0101dzienam l\u012bdz\u012bgais troksnis bijis dzirdams un j\u016btams diezgan pla\u0161\u0101 apk\u0101rtn\u0113 vis\u0101 Tor\u0146kaln\u0101 un pat M\u0101rupes iel\u0101. Tuv\u0101kaj\u0101 apkaim\u0113 da\u017e\u0101m m\u0101j\u0101m ir trauc\u0113ti telekomunik\u0101ciju sakari.<\/p>\n<p>Inform\u0101cija tiks papildin\u0101ta<\/p>\n","protected":false},"excerpt":{"rendered":"Valsts ugunsdz\u0113s\u012bbas un gl\u0101b\u0161anas dienest\u0101 (VUGD) a\u0123ent\u016brai LETA apstiprin\u0101ja, ka p\u0113cpusdien\u0101, plkst. 15.20 tika sa\u0146emts izsaukums uz Bauskas&hellip;\n","protected":false},"author":2,"featured_media":92673,"comment_status":"","ping_status":"","sticky":false,"template":"","format":"standard","meta":{"footnotes":""},"categories":[12],"tags":[23,28,29,32,33,22,30,31,35,39,38,36,37,34,40,20,26,27,172,24,25,4908,21],"class_list":{"0":"post-92672","1":"post","2":"type-post","3":"status-publish","4":"format-standard","5":"has-post-thumbnail","7":"category-latvija","8":"tag-aktualitates","9":"tag-breaking-news","10":"tag-breakingnews","11":"tag-featured-news","12":"tag-featurednews","13":"tag-headlines","14":"tag-latest-news","15":"tag-latestnews","16":"tag-latvia","17":"tag-latvian","18":"tag-latviesu","19":"tag-latviesu-valoda","20":"tag-latviesuvaloda","21":"tag-latvija","22":"tag-lv","23":"tag-news","24":"tag-popularakas-zinas","25":"tag-popularakaszinas","26":"tag-riga","27":"tag-top-stories","28":"tag-topstories","29":"tag-vugd","30":"tag-zinas"},"share_on_mastodon":{"url":"https:\/\/pubeurope.com\/@lv\/115826066874006104","error":""},"_links":{"self":[{"href":"https:\/\/www.europesays.com\/lv\/wp-json\/wp\/v2\/posts\/92672","targetHints":{"allow":["GET"]}}],"collection":[{"href":"https:\/\/www.europesays.com\/lv\/wp-json\/wp\/v2\/posts"}],"about":[{"href":"https:\/\/www.europesays.com\/lv\/wp-json\/wp\/v2\/types\/post"}],"author":[{"embeddable":true,"href":"https:\/\/www.europesays.com\/lv\/wp-json\/wp\/v2\/users\/2"}],"replies":[{"embeddable":true,"href":"https:\/\/www.europesays.com\/lv\/wp-json\/wp\/v2\/comments?post=92672"}],"version-history":[{"count":0,"href":"https:\/\/www.europesays.com\/lv\/wp-json\/wp\/v2\/posts\/92672\/revisions"}],"wp:featuredmedia":[{"embeddable":true,"href":"https:\/\/www.europesays.com\/lv\/wp-json\/wp\/v2\/media\/92673"}],"wp:attachment":[{"href":"https:\/\/www.europesays.com\/lv\/wp-json\/wp\/v2\/media?parent=92672"}],"wp:term":[{"taxonomy":"category","embeddable":true,"href":"https:\/\/www.europesays.com\/lv\/wp-json\/wp\/v2\/categories?post=92672"},{"taxonomy":"post_tag","embeddable":true,"href":"https:\/\/www.europesays.com\/lv\/wp-json\/wp\/v2\/tags?post=92672"}],"curies":[{"name":"wp","href":"https:\/\/api.w.org\/{rel}","templated":true}]}}