{"id":92689,"date":"2026-01-02T15:05:07","date_gmt":"2026-01-02T15:05:07","guid":{"rendered":"https:\/\/www.europesays.com\/lv\/92689\/"},"modified":"2026-01-02T15:05:07","modified_gmt":"2026-01-02T15:05:07","slug":"savainojumu-vilnis-nuggets-rindas-uz-vairakam-nedelam-izkrit-ari-lietuviesu-centrs","status":"publish","type":"post","link":"https:\/\/www.europesays.com\/lv\/92689\/","title":{"rendered":"Savainojumu vilnis &#8220;Nuggets&#8221; rind\u0101s &#8211; uz vair\u0101k\u0101m ned\u0113\u013c\u0101m izkr\u012bt ar\u012b lietuvie\u0161u centrs"},"content":{"rendered":"<p>                                <img decoding=\"async\" src=\"https:\/\/www.europesays.com\/lv\/wp-content\/uploads\/2026\/01\/jons-valancuns-sportazinas-com-5-750x450.jpg\"   alt=\"Jons Valan\u010d\u016bns\" class=\"post-featured-image\"\/><\/p>\n<p>Jons Valan\u010d\u016bns | Foto: Denveras &#8220;Nuggets&#8221;<\/p>\n<p>Nacion\u0101l\u0101s basketbola asoci\u0101cijas (NBA) komandai Denveras \u201cNuggets\u201d aptuveni m\u0113nesi traumas d\u0113\u013c nevar\u0113s pal\u012bdz\u0113t lietuvie\u0161u centra sp\u0113l\u0113t\u0101js <a href=\"https:\/\/www.sportazinas.com\/atsl%C4%93gv%C4%81rdi\/jons-valancuns\" rel=\"nofollow noopener\" target=\"_blank\">Jons Valan\u010d\u016bns<\/a>, ceturtdien <a href=\"https:\/\/x.com\/nuggets\/status\/2006891086938255478\" target=\"_blank\" rel=\"noreferrer noopener nofollow\">pazi\u0146oja<\/a> klubs.<\/p>\n<p>Tiek v\u0113st\u012bts, ka 33 gadus vecais lietuvietis p\u0113d\u0113j\u0101 sp\u0113l\u0113 pret Toronto \u201cRaptors\u201d iedz\u012bvoj\u0101s lab\u0101s k\u0101jas ikra musku\u013ca savainojum\u0101. \u201cNuggets\u201d tre\u0161dienas ma\u010d\u0101 ar \u201cRaptors\u201d viesos uzvar\u0113ja papildlaik\u0101 ar 106:103, bet lietuvietis laukumu pameta \u010detras min\u016btes pirms tre\u0161\u0101s ceturtda\u013cas beig\u0101m. L\u012bdz tam Valan\u010d\u016bns izc\u0113l\u0101s ar 17 punktiem un devi\u0146\u0101m izc\u012bn\u012bt\u0101m atl\u0113ku\u0161aj\u0101m bumb\u0101m.<\/p>\n<p>Valan\u010d\u016bns \u0161osezon laukum\u0101 devies 33 ma\u010dos, vid\u0113ji sp\u0113l\u0113 guvis 8,3 punktus, izc\u012bn\u012bjis 4,7 bumbas zem groziem un atdevis 1,2 rezultat\u012bvas piesp\u0113les.<\/p>\n<p>Lietuvie\u0161u centrs \u201cNuggets\u201d komand\u0101 ir liel\u0101k\u0101s zvaigznes Nikolas Joki\u010da aizvietot\u0101js, kad serbs nav laukum\u0101. Jau zi\u0146ots, ka ar\u012b Joki\u010ds ir guvis traumu un nesp\u0113l\u0113s aptuveni \u010detras ned\u0113\u013cas. T\u0101pat savainoti ir \u0100rons Gordons, Kristians Brauns un Kems D\u017eonsons.<\/p>\n<p>\u201cNuggets\u201d ar 23 uzvar\u0101m 33 sp\u0113l\u0113s ie\u0146em tre\u0161o vietu Rietumu konferenc\u0113.<\/p>\n","protected":false},"excerpt":{"rendered":"Jons Valan\u010d\u016bns | Foto: Denveras &#8220;Nuggets&#8221; Nacion\u0101l\u0101s basketbola asoci\u0101cijas (NBA) komandai Denveras \u201cNuggets\u201d aptuveni m\u0113nesi traumas d\u0113\u013c nevar\u0113s&hellip;\n","protected":false},"author":2,"featured_media":92690,"comment_status":"","ping_status":"","sticky":false,"template":"","format":"standard","meta":{"footnotes":""},"categories":[17],"tags":[35,39,38,36,37,34,40,67],"class_list":{"0":"post-92689","1":"post","2":"type-post","3":"status-publish","4":"format-standard","5":"has-post-thumbnail","7":"category-sports","8":"tag-latvia","9":"tag-latvian","10":"tag-latviesu","11":"tag-latviesu-valoda","12":"tag-latviesuvaloda","13":"tag-latvija","14":"tag-lv","15":"tag-sports"},"share_on_mastodon":{"url":"https:\/\/pubeurope.com\/@lv\/115826125855994729","error":""},"_links":{"self":[{"href":"https:\/\/www.europesays.com\/lv\/wp-json\/wp\/v2\/posts\/92689","targetHints":{"allow":["GET"]}}],"collection":[{"href":"https:\/\/www.europesays.com\/lv\/wp-json\/wp\/v2\/posts"}],"about":[{"href":"https:\/\/www.europesays.com\/lv\/wp-json\/wp\/v2\/types\/post"}],"author":[{"embeddable":true,"href":"https:\/\/www.europesays.com\/lv\/wp-json\/wp\/v2\/users\/2"}],"replies":[{"embeddable":true,"href":"https:\/\/www.europesays.com\/lv\/wp-json\/wp\/v2\/comments?post=92689"}],"version-history":[{"count":0,"href":"https:\/\/www.europesays.com\/lv\/wp-json\/wp\/v2\/posts\/92689\/revisions"}],"wp:featuredmedia":[{"embeddable":true,"href":"https:\/\/www.europesays.com\/lv\/wp-json\/wp\/v2\/media\/92690"}],"wp:attachment":[{"href":"https:\/\/www.europesays.com\/lv\/wp-json\/wp\/v2\/media?parent=92689"}],"wp:term":[{"taxonomy":"category","embeddable":true,"href":"https:\/\/www.europesays.com\/lv\/wp-json\/wp\/v2\/categories?post=92689"},{"taxonomy":"post_tag","embeddable":true,"href":"https:\/\/www.europesays.com\/lv\/wp-json\/wp\/v2\/tags?post=92689"}],"curies":[{"name":"wp","href":"https:\/\/api.w.org\/{rel}","templated":true}]}}