{"id":92695,"date":"2026-01-02T15:11:09","date_gmt":"2026-01-02T15:11:09","guid":{"rendered":"https:\/\/www.europesays.com\/lv\/92695\/"},"modified":"2026-01-02T15:11:09","modified_gmt":"2026-01-02T15:11:09","slug":"pasaules-kausa-sezona-skeletona-turpinas-ar-sacensibam-vinterberga-1188-lv","status":"publish","type":"post","link":"https:\/\/www.europesays.com\/lv\/92695\/","title":{"rendered":"Pasaules kausa sezona skeleton\u0101 turpin\u0101s ar sacens\u012bb\u0101m Vinterberg\u0101 &#8211; 1188.lv"},"content":{"rendered":"<ol>\n<li><a href=\"https:\/\/news.google.com\/rss\/articles\/CBMinwFBVV95cUxOS2haRFVmSEUyTG0zSkZxUWExREgwaDZGN0dTa1FkTFRuRThfa21rSW5SNmJBUXNaUGQtM0h6ZV84Tl8wSmg2amZrRERnTTJNODJYOHgxWGxHaEhSQXY5QkFfRWpXZUlaM09oQWtwTUdjcnNQRWVfRlBhSUdCNk5nc2c3SUpGbWM0eE91ZVNsZk9GbWFUQ3Y5eTY0b0hTX3M?oc=5\" target=\"_blank\" rel=\"nofollow noopener\">Pasaules kausa sezona skeleton\u0101 turpin\u0101s ar sacens\u012bb\u0101m Vinterberg\u0101<\/a>&nbsp;&nbsp;1188.lv<\/li>\n<li><a href=\"https:\/\/news.google.com\/rss\/articles\/CBMioAFBVV95cUxPcEdLckdyNWFpU0ZldTNJanNuYUlTNWN2YlIyaFFXOUpZTGQzRU5HZGktaUJqVnZ5aUJ0OW1ZNHNMVW1kWEFKeGU2a3BUTzRWQ0F1c1p4QWowV1pUYm96TDAtVHJiWnNtbTB1SGc2aW1rbEctNXF2dE9xQ0Q1NVdfYXJYa3NwWG1HZW1CVi14Si1Ea2p2TzVEZ2lLRUl5NHZ4?oc=5\" target=\"_blank\" rel=\"nofollow noopener\">Vinterberg\u0101 laikapst\u0101k\u013cu d\u0113\u013c p\u0101rcelts PK posma otrais brauciens v\u012brie\u0161iem, sievietes start\u0113s v\u0113l\u0101k<\/a>&nbsp;&nbsp;Sportacentrs.com<\/li>\n<li><a href=\"https:\/\/news.google.com\/rss\/articles\/CBMi7AFBVV95cUxQZzFIZjVZYnhZRTFuSDhhUEtKNHpCc0Zab3BWc3Y5RHlwSlg1Wms4T3g0Q2lNM2pWVXJlWkFscmdPVmFFaUZQT0tJdi1zY3Fqd2syTVE5OXNkdkJrQk5MYzRlaTZhQ05BSlNXYzNhZGt1VGUxQWtGTU03ZC1IR0JFMWFkNFdWb29TQzR6cWJ0MEdjTmlyZ0FMS1Z1WFV3UlFoREI5aG03bFhjcG00S09pdVViN0R2ZjYzQXVPMENVbHEzU0hKTUQ3NUljNENpanlOTjFpQTJaTHlvUEV2aE1tRXVBZVpnbEY0YUp0ag?oc=5\" target=\"_blank\" rel=\"nofollow noopener\">Latvijas skeletonistes Vinterberg\u0101 nekvalific\u0113jas otrajam braucienam; v\u012brie\u0161u sacens\u012bbas atce\u013c<\/a>&nbsp;&nbsp;LSM<\/li>\n<li><a href=\"https:\/\/news.google.com\/rss\/articles\/CBMirgFBVV95cUxOLVp3MURkZFVWOE9LS3FhTW1wa3R6Y2pDZXZRQi1FdHExUV9UNUJ0Ti1pb1l0c285QnhaSGpDUXV0QjZ5UG93OHJFSHlhZUdvNTRyUUxjSFQyeVJXVHRPRkI5ZmJpdEkzcEpEWHRQZC1YUk03TE5aY2V2U2ZoUlN1UzdtWUZ3NkxYaTBUU0o2YWZ4eVlFTEZZRXFZaXgzZ25aczJua3RrNE9LcWQyY1E?oc=5\" target=\"_blank\" rel=\"nofollow noopener\">Vinterberg\u0101 atcelts otrais brauciens Pasaules kausa posm\u0101 skeleton\u0101 v\u012brie\u0161iem<\/a>&nbsp;&nbsp;TVNET Sports<\/li>\n<li><a href=\"https:\/\/news.google.com\/rss\/articles\/CBMivgFBVV95cUxQMjF1c2ZJTjk2blZoeVp2M0pBangtZm81VS1Pb0htSDk2d3hUdFJwR2FUZTNUSFBrdWo0c3JlY1VMRC1nc0V3eUgzSzlwckUyVENkcGVIVU0xTWJBbTZGUk1uNVh2UXVURkMxYUhKZnNWdk5sdjFzTFBCMTRhdTdLdXVyVmtXblJlMEpJMVVjQlRwLW9CMWpTQUZLS0tOcGZKaTkxYVN4NlZnOHNUTk85NWh6YjBTTzlrMm1Eb29n?oc=5\" target=\"_blank\" rel=\"nofollow noopener\">Latvijas skeletonistes Vinterberg\u0101 nekvalific\u0113jas Pasaules kausa otrajam braucienam<\/a>&nbsp;&nbsp;Jauns.lv<\/li>\n<\/ol>\n","protected":false},"excerpt":{"rendered":"Pasaules kausa sezona skeleton\u0101 turpin\u0101s ar sacens\u012bb\u0101m Vinterberg\u0101&nbsp;&nbsp;1188.lv Vinterberg\u0101 laikapst\u0101k\u013cu d\u0113\u013c p\u0101rcelts PK posma otrais brauciens v\u012brie\u0161iem, sievietes&hellip;\n","protected":false},"author":2,"featured_media":92696,"comment_status":"","ping_status":"","sticky":false,"template":"","format":"standard","meta":{"footnotes":""},"categories":[17],"tags":[129,636,15733,35,39,38,36,37,34,40,15734,637,67,15735,638],"class_list":{"0":"post-92695","1":"post","2":"type-post","3":"status-publish","4":"format-standard","5":"has-post-thumbnail","7":"category-sports","8":"tag-__typenameadvicekeyword","9":"tag-id654","10":"tag-id762","11":"tag-latvia","12":"tag-latvian","13":"tag-latviesu","14":"tag-latviesu-valoda","15":"tag-latviesuvaloda","16":"tag-latvija","17":"tag-lv","18":"tag-slugskeletons","19":"tag-slugvacija","20":"tag-sports","21":"tag-titleskeletons","22":"tag-titlevacija"},"share_on_mastodon":{"url":"https:\/\/pubeurope.com\/@lv\/115826149426870018","error":""},"_links":{"self":[{"href":"https:\/\/www.europesays.com\/lv\/wp-json\/wp\/v2\/posts\/92695","targetHints":{"allow":["GET"]}}],"collection":[{"href":"https:\/\/www.europesays.com\/lv\/wp-json\/wp\/v2\/posts"}],"about":[{"href":"https:\/\/www.europesays.com\/lv\/wp-json\/wp\/v2\/types\/post"}],"author":[{"embeddable":true,"href":"https:\/\/www.europesays.com\/lv\/wp-json\/wp\/v2\/users\/2"}],"replies":[{"embeddable":true,"href":"https:\/\/www.europesays.com\/lv\/wp-json\/wp\/v2\/comments?post=92695"}],"version-history":[{"count":0,"href":"https:\/\/www.europesays.com\/lv\/wp-json\/wp\/v2\/posts\/92695\/revisions"}],"wp:featuredmedia":[{"embeddable":true,"href":"https:\/\/www.europesays.com\/lv\/wp-json\/wp\/v2\/media\/92696"}],"wp:attachment":[{"href":"https:\/\/www.europesays.com\/lv\/wp-json\/wp\/v2\/media?parent=92695"}],"wp:term":[{"taxonomy":"category","embeddable":true,"href":"https:\/\/www.europesays.com\/lv\/wp-json\/wp\/v2\/categories?post=92695"},{"taxonomy":"post_tag","embeddable":true,"href":"https:\/\/www.europesays.com\/lv\/wp-json\/wp\/v2\/tags?post=92695"}],"curies":[{"name":"wp","href":"https:\/\/api.w.org\/{rel}","templated":true}]}}