{"id":92701,"date":"2026-01-02T15:17:18","date_gmt":"2026-01-02T15:17:18","guid":{"rendered":"https:\/\/www.europesays.com\/lv\/92701\/"},"modified":"2026-01-02T15:17:18","modified_gmt":"2026-01-02T15:17:18","slug":"latvijas-skeletonistes-vinterberga-nekvalificejas-pasaules-kausa-otrajam-braucienam-jauns-lv","status":"publish","type":"post","link":"https:\/\/www.europesays.com\/lv\/92701\/","title":{"rendered":"Latvijas skeletonistes Vinterberg\u0101 nekvalific\u0113jas Pasaules kausa otrajam braucienam &#8211; Jauns.lv"},"content":{"rendered":"<ol>\n<li><a href=\"https:\/\/news.google.com\/rss\/articles\/CBMivgFBVV95cUxQMjF1c2ZJTjk2blZoeVp2M0pBangtZm81VS1Pb0htSDk2d3hUdFJwR2FUZTNUSFBrdWo0c3JlY1VMRC1nc0V3eUgzSzlwckUyVENkcGVIVU0xTWJBbTZGUk1uNVh2UXVURkMxYUhKZnNWdk5sdjFzTFBCMTRhdTdLdXVyVmtXblJlMEpJMVVjQlRwLW9CMWpTQUZLS0tOcGZKaTkxYVN4NlZnOHNUTk85NWh6YjBTTzlrMm1Eb29n?oc=5\" target=\"_blank\" rel=\"nofollow noopener\">Latvijas skeletonistes Vinterberg\u0101 nekvalific\u0113jas Pasaules kausa otrajam braucienam<\/a>&nbsp;&nbsp;Jauns.lv<\/li>\n<li><a href=\"https:\/\/news.google.com\/rss\/articles\/CBMi7AFBVV95cUxQZzFIZjVZYnhZRTFuSDhhUEtKNHpCc0Zab3BWc3Y5RHlwSlg1Wms4T3g0Q2lNM2pWVXJlWkFscmdPVmFFaUZQT0tJdi1zY3Fqd2syTVE5OXNkdkJrQk5MYzRlaTZhQ05BSlNXYzNhZGt1VGUxQWtGTU03ZC1IR0JFMWFkNFdWb29TQzR6cWJ0MEdjTmlyZ0FMS1Z1WFV3UlFoREI5aG03bFhjcG00S09pdVViN0R2ZjYzQXVPMENVbHEzU0hKTUQ3NUljNENpanlOTjFpQTJaTHlvUEV2aE1tRXVBZVpnbEY0YUp0ag?oc=5\" target=\"_blank\" rel=\"nofollow noopener\">Latvijas skeletonistes Vinterberg\u0101 nekvalific\u0113jas otrajam braucienam; v\u012brie\u0161u sacens\u012bbas atce\u013c<\/a>&nbsp;&nbsp;LSM<\/li>\n<li><a href=\"https:\/\/news.google.com\/rss\/articles\/CBMioAFBVV95cUxPcEdLckdyNWFpU0ZldTNJanNuYUlTNWN2YlIyaFFXOUpZTGQzRU5HZGktaUJqVnZ5aUJ0OW1ZNHNMVW1kWEFKeGU2a3BUTzRWQ0F1c1p4QWowV1pUYm96TDAtVHJiWnNtbTB1SGc2aW1rbEctNXF2dE9xQ0Q1NVdfYXJYa3NwWG1HZW1CVi14Si1Ea2p2TzVEZ2lLRUl5NHZ4?oc=5\" target=\"_blank\" rel=\"nofollow noopener\">Vinterberg\u0101 laikapst\u0101k\u013cu d\u0113\u013c p\u0101rcelts PK posma otrais brauciens v\u012brie\u0161iem, sievietes start\u0113s v\u0113l\u0101k<\/a>&nbsp;&nbsp;Sportacentrs.com<\/li>\n<li><a href=\"https:\/\/news.google.com\/rss\/articles\/CBMiqwFBVV95cUxPTEtVUi1haGxvVnFIZE1SdzBoS1RQYzJ2VFktZl8xT3RlQldqSXc2bl8tWF9mRFBWdmRPVXJDS0NuZjE2VFZYMmpEcW1ldWJpd2lBS3R4UnZQMGJCVG4zVjdLRDBJeUtXdkd6OWtFNV9HbmREamRYWFBua1JGOExLQmtUQmQ1dS1uSlZfQzdIOVVmdG5OMFFHekJOMmVyN1kyRk1pM09RN2pMUkU?oc=5\" target=\"_blank\" rel=\"nofollow noopener\">Vinterberg\u0101 atcelts otrais brauciens Pasaules kausa posm\u0101 skeleton\u0101 v\u012brie\u0161iem<\/a>&nbsp;&nbsp;Apollo.lv<\/li>\n<li><a href=\"https:\/\/news.google.com\/rss\/articles\/CBMihAFBVV95cUxQMUdWc0tUWEJNcG5rZjM0ZDZSVVpGcmtaMHFkbGEzWUVuZThmbWJYcHpCbTJzeDJwdzBiLWV1MlBoZTdyd01BaUJxQ1hrSmhWVHNkc3ZpZzZOVHJQeVJ1LVJsc05PRWxfcDRuaW5uNFo0VTFEMWxoMnVfdkMyZ3R5dHBxREc?oc=5\" target=\"_blank\" rel=\"nofollow noopener\">PK skeleton\u0101 Vinterberg\u0101 atcelts otrais brauciens<\/a>&nbsp;&nbsp;Sportazinas.com<\/li>\n<\/ol>\n","protected":false},"excerpt":{"rendered":"Latvijas skeletonistes Vinterberg\u0101 nekvalific\u0113jas Pasaules kausa otrajam braucienam&nbsp;&nbsp;Jauns.lv Latvijas skeletonistes Vinterberg\u0101 nekvalific\u0113jas otrajam braucienam; v\u012brie\u0161u sacens\u012bbas atce\u013c&nbsp;&nbsp;LSM Vinterberg\u0101&hellip;\n","protected":false},"author":2,"featured_media":92702,"comment_status":"","ping_status":"","sticky":false,"template":"","format":"standard","meta":{"footnotes":""},"categories":[17],"tags":[35,39,38,36,37,34,40,67],"class_list":{"0":"post-92701","1":"post","2":"type-post","3":"status-publish","4":"format-standard","5":"has-post-thumbnail","7":"category-sports","8":"tag-latvia","9":"tag-latvian","10":"tag-latviesu","11":"tag-latviesu-valoda","12":"tag-latviesuvaloda","13":"tag-latvija","14":"tag-lv","15":"tag-sports"},"share_on_mastodon":{"url":"https:\/\/pubeurope.com\/@lv\/115826173072064738","error":""},"_links":{"self":[{"href":"https:\/\/www.europesays.com\/lv\/wp-json\/wp\/v2\/posts\/92701","targetHints":{"allow":["GET"]}}],"collection":[{"href":"https:\/\/www.europesays.com\/lv\/wp-json\/wp\/v2\/posts"}],"about":[{"href":"https:\/\/www.europesays.com\/lv\/wp-json\/wp\/v2\/types\/post"}],"author":[{"embeddable":true,"href":"https:\/\/www.europesays.com\/lv\/wp-json\/wp\/v2\/users\/2"}],"replies":[{"embeddable":true,"href":"https:\/\/www.europesays.com\/lv\/wp-json\/wp\/v2\/comments?post=92701"}],"version-history":[{"count":0,"href":"https:\/\/www.europesays.com\/lv\/wp-json\/wp\/v2\/posts\/92701\/revisions"}],"wp:featuredmedia":[{"embeddable":true,"href":"https:\/\/www.europesays.com\/lv\/wp-json\/wp\/v2\/media\/92702"}],"wp:attachment":[{"href":"https:\/\/www.europesays.com\/lv\/wp-json\/wp\/v2\/media?parent=92701"}],"wp:term":[{"taxonomy":"category","embeddable":true,"href":"https:\/\/www.europesays.com\/lv\/wp-json\/wp\/v2\/categories?post=92701"},{"taxonomy":"post_tag","embeddable":true,"href":"https:\/\/www.europesays.com\/lv\/wp-json\/wp\/v2\/tags?post=92701"}],"curies":[{"name":"wp","href":"https:\/\/api.w.org\/{rel}","templated":true}]}}