{"id":92705,"date":"2026-01-02T15:21:12","date_gmt":"2026-01-02T15:21:12","guid":{"rendered":"https:\/\/www.europesays.com\/lv\/92705\/"},"modified":"2026-01-02T15:21:12","modified_gmt":"2026-01-02T15:21:12","slug":"ventspils-slimnica-sagaidits-2026-gada-pirmais-bernins","status":"publish","type":"post","link":"https:\/\/www.europesays.com\/lv\/92705\/","title":{"rendered":"Ventspils slimn\u012bc\u0101 sagaid\u012bts 2026. gada pirmais b\u0113rni\u0146\u0161"},"content":{"rendered":"<p>Ceturtdien, 1. janv\u0101r\u012b, Ventspils slimn\u012bcas Dzemd\u012bbu noda\u013c\u0101 tika sagaid\u012bts \u0161\u012b gada pirmais mazul\u012btis \u2013 meiten\u012bte Margarita.<\/p>\n<p>Ventspilnieku \u0123imenei \u0161is ir jau ceturtais b\u0113rni\u0146\u0161. M\u0101j\u0101s Margaritu gaida br\u0101lis un divas m\u0101sas, un visi \u0123imenes b\u0113rni ir n\u0101ku\u0161i pasaul\u0113 tie\u0161i Ventspils slimn\u012bc\u0101. M\u0101mi\u0146a Marija ar uztic\u012bbu izv\u0113las m\u016bsu slimn\u012bcu, kur j\u016btas dro\u0161i un apr\u016bp\u0113ta. <\/p>\n<p>Meiten\u012btes n\u0101k\u0161anu pasaul\u0113 pal\u012bdz\u0113ja sagaid\u012bt pieredz\u0113jus\u012b vecm\u0101te Aija Ziemele un ginekolo\u0123e, dzemd\u012bbu speci\u0101liste Dr. Inese Gra\u010dova.<\/p>\n<p>Ventspils slimn\u012bcu k\u0101 vietu, kur sagaid\u012bt savu atvas\u012bti, izv\u0113las ne tikai topo\u0161ie vec\u0101ki no Ventspils un novada, bet ar\u012b no cit\u0101m tuv\u0101k\u0101m un t\u0101l\u0101k\u0101m Latvijas pils\u0113t\u0101m.<\/p>\n<p>Ventspils Dzemd\u012bbu noda\u013ca lepojas ar modern\u0101m, labiek\u0101rtot\u0101m pal\u0101t\u0101m ar ziedu mot\u012bviem, k\u0101 ar\u012b \u0123imenes un paaugstin\u0101ta komforta pal\u0101t\u0101m ar divgu\u013cam\u0101m gult\u0101m un cit\u0101m \u0113rt\u012bb\u0101m. \u0122imen\u0113m, kur\u0101s aug vismaz divi b\u0113rni\u0146i, n\u0101kamo b\u0113rni\u0146u slimn\u012bca pied\u0101v\u0101 sagaid\u012bt paaugstin\u0101ta komforta pal\u0101t\u0101 bez maksas.<\/p>\n<p>Nov\u0113lam kuplajai \u0123imenei stipru vesel\u012bbu, iztur\u012bbu un daudz m\u012blest\u012bbas!<\/p>\n","protected":false},"excerpt":{"rendered":"Ceturtdien, 1. janv\u0101r\u012b, Ventspils slimn\u012bcas Dzemd\u012bbu noda\u013c\u0101 tika sagaid\u012bts \u0161\u012b gada pirmais mazul\u012btis \u2013 meiten\u012bte Margarita. Ventspilnieku \u0123imenei&hellip;\n","protected":false},"author":2,"featured_media":92706,"comment_status":"","ping_status":"","sticky":false,"template":"","format":"standard","meta":{"footnotes":""},"categories":[5],"tags":[23,28,29,32,33,22,30,31,35,39,38,36,37,34,40,20,26,27,24,25,21],"class_list":{"0":"post-92705","1":"post","2":"type-post","3":"status-publish","4":"format-standard","5":"has-post-thumbnail","7":"category-aktualitates","8":"tag-aktualitates","9":"tag-breaking-news","10":"tag-breakingnews","11":"tag-featured-news","12":"tag-featurednews","13":"tag-headlines","14":"tag-latest-news","15":"tag-latestnews","16":"tag-latvia","17":"tag-latvian","18":"tag-latviesu","19":"tag-latviesu-valoda","20":"tag-latviesuvaloda","21":"tag-latvija","22":"tag-lv","23":"tag-news","24":"tag-popularakas-zinas","25":"tag-popularakaszinas","26":"tag-top-stories","27":"tag-topstories","28":"tag-zinas"},"share_on_mastodon":{"url":"https:\/\/pubeurope.com\/@lv\/115826188884666697","error":""},"_links":{"self":[{"href":"https:\/\/www.europesays.com\/lv\/wp-json\/wp\/v2\/posts\/92705","targetHints":{"allow":["GET"]}}],"collection":[{"href":"https:\/\/www.europesays.com\/lv\/wp-json\/wp\/v2\/posts"}],"about":[{"href":"https:\/\/www.europesays.com\/lv\/wp-json\/wp\/v2\/types\/post"}],"author":[{"embeddable":true,"href":"https:\/\/www.europesays.com\/lv\/wp-json\/wp\/v2\/users\/2"}],"replies":[{"embeddable":true,"href":"https:\/\/www.europesays.com\/lv\/wp-json\/wp\/v2\/comments?post=92705"}],"version-history":[{"count":0,"href":"https:\/\/www.europesays.com\/lv\/wp-json\/wp\/v2\/posts\/92705\/revisions"}],"wp:featuredmedia":[{"embeddable":true,"href":"https:\/\/www.europesays.com\/lv\/wp-json\/wp\/v2\/media\/92706"}],"wp:attachment":[{"href":"https:\/\/www.europesays.com\/lv\/wp-json\/wp\/v2\/media?parent=92705"}],"wp:term":[{"taxonomy":"category","embeddable":true,"href":"https:\/\/www.europesays.com\/lv\/wp-json\/wp\/v2\/categories?post=92705"},{"taxonomy":"post_tag","embeddable":true,"href":"https:\/\/www.europesays.com\/lv\/wp-json\/wp\/v2\/tags?post=92705"}],"curies":[{"name":"wp","href":"https:\/\/api.w.org\/{rel}","templated":true}]}}