{"id":92713,"date":"2026-01-02T15:27:08","date_gmt":"2026-01-02T15:27:08","guid":{"rendered":"https:\/\/www.europesays.com\/lv\/92713\/"},"modified":"2026-01-02T15:27:08","modified_gmt":"2026-01-02T15:27:08","slug":"riga-jauno-gadu-sagaidis-uz-sesiem-laukumiem-ar-muzikaliem-prieksnesumiem-un-vizualam-projekcijam-lente-lv","status":"publish","type":"post","link":"https:\/\/www.europesays.com\/lv\/92713\/","title":{"rendered":"R\u012bg\u0101 Jauno gadu sagaid\u012bs uz se\u0161iem laukumiem ar muzik\u0101liem priek\u0161nesumiem un vizu\u0101l\u0101m projekcij\u0101m\u00a0\u2014\u00a0Lente.lv"},"content":{"rendered":"<p>R\u012bg\u0101 aicina sagaid\u012bt 2026. gadu uz se\u0161iem sv\u0113tku laukumiem<\/p>\n<p>R\u012bg\u0101 Jaun\u0101 2026. gada sagaid\u012b\u0161ana notiks v\u0113rien\u012bgi, pied\u0101v\u0101jot svin\u012bbas se\u0161os da\u017e\u0101dos laukumos Vecr\u012bg\u0101. K\u0101 zi\u0146o Latvijas Av\u012bze, \u0161ie pas\u0101kumi pulc\u0113s gan viet\u0113jos iedz\u012bvot\u0101jus, gan pils\u0113tas viesus, lai kop\u012bgi izdz\u012bvotu sv\u0113tku mirk\u013cus ar m\u016bziku, dej\u0101m un vizu\u0101l\u0101m performanc\u0113m. Svin\u012bbas norisin\u0101sies 31. decembr\u012b no plkst. 21.00 l\u012bdz 1. janv\u0101ra plkst. 02.00. Apmekl\u0113t\u0101jiem tiks pied\u0101v\u0101ti dz\u0113rieni un uzkodas pas\u0101kuma norises viet\u0101s.<\/p>\n<p>Pas\u0101kumu norises vietas un programma<\/p>\n<p>Jaun\u0101 gada sagaid\u012b\u0161ana notiks \u0161\u0101dos Vecr\u012bgas laukumos: R\u0101tslaukum\u0101, L\u012bvu laukum\u0101, Pils laukum\u0101, laukum\u0101 pie Pulvertor\u0146a, Ka\u013c\u0137u ielas posm\u0101 starp Va\u013c\u0146u ielu un Aspazijas bulv\u0101ri, k\u0101 ar\u012b 11. novembra krastmalai paral\u0113laj\u0101 iel\u0101, posm\u0101 no Po\u013cu g\u0101tes l\u012bdz B\u012bskapa g\u0101tei. Katr\u0101 laukum\u0101 paredz\u0113ta vienota audiovizu\u0101la performance, kur\u0101 DJ muzik\u0101lais sniegums tiks sinhroniz\u0113ts ar VJ vizu\u0101laj\u0101m projekcij\u0101m uz \u0113ku fas\u0101d\u0113m, radot unik\u0101lu multimedi\u0101lu pieredzi. 11. novembra krastmalas paral\u0113laj\u0101 iel\u0101 vizu\u0101l\u0101 m\u0101ksla b\u016bs skat\u0101ma uz LED ekr\u0101niem.<\/p>\n<p>M\u016bzi\u0137i un moderators<\/p>\n<p>Par l\u012bksm\u012bbu un deju ritmiem laukumos r\u016bp\u0113sies vair\u0101ki popul\u0101ri d\u012bd\u017eeji, tostarp DJ Sets, DJ Gustavito, DJ Linda Samsonova, DJ Aspirins, DJ All-Viss un MC Valters Krauze. K\u0101 ikvien\u0101 norises viet\u0101, publiku uzrun\u0101s moderators, kur\u0161 pal\u012bdz\u0113s rad\u012bt sv\u0113tku noska\u0146u, daloties ar st\u0101stiem par Jaun\u0101 gada sagaid\u012b\u0161anas noris\u0113m pils\u0113t\u0101 un atg\u0101dinot par aizvad\u012bt\u0101 gada spilgt\u0101kajiem notikumiem.<\/p>\n<p>Pas\u0101kumu dro\u0161\u012bba un satiksme<\/p>\n<p>R\u012bgas pa\u0161vald\u012bbas policija str\u0101d\u0101s pastiprin\u0101t\u0101 re\u017e\u012bm\u0101, lai nodro\u0161in\u0101tu k\u0101rt\u012bbu un nov\u0113rstu p\u0101rk\u0101pumus, tostarp nelikum\u012bgu pirotehnikas lieto\u0161anu. Apmekl\u0113t\u0101jiem ir stingri aizliegts \u0146emt l\u012bdzi pirotehniku uz pas\u0101kumu norises viet\u0101m. Lai nodro\u0161in\u0101tu \u0113rtu nok\u013c\u016b\u0161anu uz un no sv\u0113tku pas\u0101kumiem, 31. decembr\u012b un 1. janv\u0101r\u012b R\u012bgas sabiedriskais transports b\u016bs bez maksas, k\u0101 ar\u012b paredz\u0113ti papildu reisi Jaungada nakt\u012b. Saist\u012bb\u0101 ar pas\u0101kumu norisi Vecr\u012bg\u0101 jau no 28. decembra b\u016bs sp\u0113k\u0101 satiksmes ierobe\u017eojumi, piln\u012bb\u0101 sl\u0113dzot atsevi\u0161\u0137as ielas un laukumus transportl\u012bdzek\u013cu, velosip\u0113du un elektroskrejrite\u0146u satiksmei.<\/p>\n<p>Alternat\u012bvas Jaungada sagaid\u012b\u0161anai<\/p>\n<p>Papildus publiskajiem pas\u0101kumiem R\u012bg\u0101 ir pieejami ar\u012b citi svin\u012bbu varianti. Piem\u0113ram, Doma laukum\u0101 notiks Vecr\u012bgas Ziemassv\u0113tku tirdzi\u0146\u0161, kur\u0101 no plkst. 18.00 par atmosf\u0113ru g\u0101d\u0101s DJ Artis Volfs, bet plkst. 21.00 uzst\u0101sies grupa \u201cFocus 5\u201d. Pusnakt\u012b Doma laukum\u0101 Jauno gadu var\u0113s sagaid\u012bt DJ Toma Gr\u0113vi\u0146a vad\u012bb\u0101. T\u0101pat da\u017e\u0101di restor\u0101ni un viesn\u012bcas pied\u0101v\u0101 speci\u0101las Jaungada programmas un banketus, nodro\u0161inot izsmalcin\u0101tas vakari\u0146as un izklaides. Tie, kas mekl\u0113 mier\u012bg\u0101ku svin\u0113\u0161anu, var baud\u012bt pastaigu pa Vecr\u012bgas iel\u0101m un skatu uz Daugavu pirms pusnakts, vai ar\u012b izv\u0113l\u0113ties k\u0101du no mazajiem b\u0101riem ar m\u0101j\u012bgu atmosf\u0113ru.<\/p>\n","protected":false},"excerpt":{"rendered":"R\u012bg\u0101 aicina sagaid\u012bt 2026. gadu uz se\u0161iem sv\u0113tku laukumiem R\u012bg\u0101 Jaun\u0101 2026. gada sagaid\u012b\u0161ana notiks v\u0113rien\u012bgi, pied\u0101v\u0101jot svin\u012bbas&hellip;\n","protected":false},"author":2,"featured_media":92714,"comment_status":"","ping_status":"","sticky":false,"template":"","format":"standard","meta":{"footnotes":""},"categories":[5],"tags":[23,28,29,32,33,22,20645,23259,30,31,35,39,38,36,37,34,40,20,26,27,23261,24,25,23260,23262,21],"class_list":{"0":"post-92713","1":"post","2":"type-post","3":"status-publish","4":"format-standard","5":"has-post-thumbnail","7":"category-aktualitates","8":"tag-aktualitates","9":"tag-breaking-news","10":"tag-breakingnews","11":"tag-featured-news","12":"tag-featurednews","13":"tag-headlines","14":"tag-jaunais-gads-riga","15":"tag-jaungada-sagaidisana-2026","16":"tag-latest-news","17":"tag-latestnews","18":"tag-latvia","19":"tag-latvian","20":"tag-latviesu","21":"tag-latviesu-valoda","22":"tag-latviesuvaloda","23":"tag-latvija","24":"tag-lv","25":"tag-news","26":"tag-popularakas-zinas","27":"tag-popularakaszinas","28":"tag-rigas-domes-pasakumi","29":"tag-top-stories","30":"tag-topstories","31":"tag-vecrigas-pasakumi","32":"tag-ziemassvetku-tirdzins-doma-laukuma","33":"tag-zinas"},"share_on_mastodon":{"url":"https:\/\/pubeurope.com\/@lv\/115826212397660488","error":""},"_links":{"self":[{"href":"https:\/\/www.europesays.com\/lv\/wp-json\/wp\/v2\/posts\/92713","targetHints":{"allow":["GET"]}}],"collection":[{"href":"https:\/\/www.europesays.com\/lv\/wp-json\/wp\/v2\/posts"}],"about":[{"href":"https:\/\/www.europesays.com\/lv\/wp-json\/wp\/v2\/types\/post"}],"author":[{"embeddable":true,"href":"https:\/\/www.europesays.com\/lv\/wp-json\/wp\/v2\/users\/2"}],"replies":[{"embeddable":true,"href":"https:\/\/www.europesays.com\/lv\/wp-json\/wp\/v2\/comments?post=92713"}],"version-history":[{"count":0,"href":"https:\/\/www.europesays.com\/lv\/wp-json\/wp\/v2\/posts\/92713\/revisions"}],"wp:featuredmedia":[{"embeddable":true,"href":"https:\/\/www.europesays.com\/lv\/wp-json\/wp\/v2\/media\/92714"}],"wp:attachment":[{"href":"https:\/\/www.europesays.com\/lv\/wp-json\/wp\/v2\/media?parent=92713"}],"wp:term":[{"taxonomy":"category","embeddable":true,"href":"https:\/\/www.europesays.com\/lv\/wp-json\/wp\/v2\/categories?post=92713"},{"taxonomy":"post_tag","embeddable":true,"href":"https:\/\/www.europesays.com\/lv\/wp-json\/wp\/v2\/tags?post=92713"}],"curies":[{"name":"wp","href":"https:\/\/api.w.org\/{rel}","templated":true}]}}