{"id":92715,"date":"2026-01-02T15:31:08","date_gmt":"2026-01-02T15:31:08","guid":{"rendered":"https:\/\/www.europesays.com\/lv\/92715\/"},"modified":"2026-01-02T15:31:08","modified_gmt":"2026-01-02T15:31:08","slug":"vacija-pec-jaungada-uzbrukumiem-policistiem-ar-pirotehniku-prasa-atrakus-tiesu-procesus-lente-lv","status":"publish","type":"post","link":"https:\/\/www.europesays.com\/lv\/92715\/","title":{"rendered":"V\u0101cij\u0101 p\u0113c Jaungada uzbrukumiem policistiem ar pirotehniku prasa \u0101tr\u0101kus tiesu procesus\u00a0\u2014\u00a0Lente.lv"},"content":{"rendered":"<p>Uzbrukumi un aicin\u0101jums uz stingr\u0101ku sodu<\/p>\n<p>P\u0113c Jaungada svin\u012bbu nakt\u012b V\u0101cij\u0101 notiku\u0161ajiem uzbrukumiem neatliekam\u0101s pal\u012bdz\u012bbas dienestu darbiniekiem, \u012bpa\u0161i policistiem, kuri cieta no pirotehnikas, V\u0101cijas Krist\u012bgi demokr\u0101tisk\u0101s savien\u012bbas (CDU) un policijas arodbiedr\u012bbas p\u0101rst\u0101vji aicina pa\u0101trin\u0101t tiesu procesus \u0161\u0101dos gad\u012bjumos.<\/p>\n<p>CDU \u0123ener\u0101lsekret\u0101rs Karstens Linnemans (Carsten Linnemann) uzskata, ka aps\u016bdz\u0113tajiem par \u0161\u0101diem noziegumiem spriedumi b\u016btu j\u0101izcie\u0161 da\u017eu dienu laik\u0101. \u0160o viedokli atbalsta ar\u012b V\u0101cijas policijas arodbiedr\u012bbas vad\u012bt\u0101js Andreass Roskofs (Andreas Ro\u00dfkopf).<\/p>\n<blockquote>\n<p>&#8220;\u0160ajos gad\u012bjumos m\u0113s sagaid\u0101m \u0101trus tiesu procesus ar attiec\u012bgiem sodiem. To sagaida m\u016bsu kol\u0113\u0123i, kuri risk\u0113 ar savu dz\u012bv\u012bbu. \u0160eit vairs nav runa tikai par ugu\u0146o\u0161anas aizliegumu, bet par nopietnu uzbrukumu m\u016bsu tiesiskajai valstij,&#8221; skaidroja Roskofs.<\/p>\n<\/blockquote>\n<p>P\u0113c vi\u0146a teikt\u0101, pa\u0161laik \u0161\u0101du lietu izskat\u012b\u0161ana bie\u017ei ieilgst daudzus m\u0113ne\u0161us un beidzas ar \u013coti m\u012bkstiem spriedumiem. Piem\u0113ram, l\u012bdz 2025. gada novembra beig\u0101m Berl\u012bn\u0113 v\u0113l nebija izskat\u012btas aptuveni 230 lietas, kas ierosin\u0101tas p\u0113c iepriek\u0161\u0113j\u0101m Jaungada svin\u012bb\u0101m.<\/p>\n<p>Uzbrukumi neatliekam\u0101s pal\u012bdz\u012bbas dienestiem<\/p>\n<p>Jaungada nakt\u012b uzbrukumi neatliekam\u0101s pal\u012bdz\u012bbas dienestu darbiniekiem notika vair\u0101k\u0101s liel\u0101s V\u0101cijas pils\u0113t\u0101s. Berl\u012bn\u0113 policisti tika vair\u0101kk\u0101rt ap\u0161aud\u012bti ar petard\u0113m un pirotehnisk\u0101m ra\u0137et\u0113m, k\u0101 rezult\u0101t\u0101 tika savainoti 24 policisti. Hamburg\u0101 ievainoti 10 policisti, kuri nevar\u0113ja turpin\u0101t dienestu. Ar pirotehniku uzbruka ar\u012b Leipcigas ties\u012bbsargiem.<\/p>\n<p>B\u012blefeld\u0113 Jaungada nakt\u012b pa\u0161tais\u012btu ugu\u0146o\u0161anas ier\u012b\u010du izrais\u012btu incidentu rezult\u0101t\u0101 g\u0101ja boj\u0101 divi 18 gadus veci pusaud\u017ei. Savuk\u0101rt Berl\u012bn\u0113, Leipcig\u0101 un Rostok\u0101 no neuzman\u012bgas pirotehnikas lieto\u0161anas traumas guva vair\u0101ki iedz\u012bvot\u0101ji.<\/p>\n","protected":false},"excerpt":{"rendered":"Uzbrukumi un aicin\u0101jums uz stingr\u0101ku sodu P\u0113c Jaungada svin\u012bbu nakt\u012b V\u0101cij\u0101 notiku\u0161ajiem uzbrukumiem neatliekam\u0101s pal\u012bdz\u012bbas dienestu darbiniekiem, \u012bpa\u0161i&hellip;\n","protected":false},"author":2,"featured_media":92716,"comment_status":"","ping_status":"","sticky":false,"template":"","format":"standard","meta":{"footnotes":""},"categories":[14],"tags":[23,57,28,29,334,32,33,22,30,31,35,39,38,36,37,34,40,20,19673,22652,26,27,23263,24,25,299,54,55,56,21,58],"class_list":{"0":"post-92715","1":"post","2":"type-post","3":"status-publish","4":"format-standard","5":"has-post-thumbnail","7":"category-zinas-no-arvalstim","8":"tag-aktualitates","9":"tag-arvalstim","10":"tag-breaking-news","11":"tag-breakingnews","12":"tag-drosiba","13":"tag-featured-news","14":"tag-featurednews","15":"tag-headlines","16":"tag-latest-news","17":"tag-latestnews","18":"tag-latvia","19":"tag-latvian","20":"tag-latviesu","21":"tag-latviesu-valoda","22":"tag-latviesuvaloda","23":"tag-latvija","24":"tag-lv","25":"tag-news","26":"tag-pirotehnika","27":"tag-policisti","28":"tag-popularakas-zinas","29":"tag-popularakaszinas","30":"tag-tiesu-procesi","31":"tag-top-stories","32":"tag-topstories","33":"tag-vacija","34":"tag-world","35":"tag-world-news","36":"tag-worldnews","37":"tag-zinas","38":"tag-zinas-no-arvalstim"},"share_on_mastodon":{"url":"https:\/\/pubeurope.com\/@lv\/115826228124873470","error":""},"_links":{"self":[{"href":"https:\/\/www.europesays.com\/lv\/wp-json\/wp\/v2\/posts\/92715","targetHints":{"allow":["GET"]}}],"collection":[{"href":"https:\/\/www.europesays.com\/lv\/wp-json\/wp\/v2\/posts"}],"about":[{"href":"https:\/\/www.europesays.com\/lv\/wp-json\/wp\/v2\/types\/post"}],"author":[{"embeddable":true,"href":"https:\/\/www.europesays.com\/lv\/wp-json\/wp\/v2\/users\/2"}],"replies":[{"embeddable":true,"href":"https:\/\/www.europesays.com\/lv\/wp-json\/wp\/v2\/comments?post=92715"}],"version-history":[{"count":0,"href":"https:\/\/www.europesays.com\/lv\/wp-json\/wp\/v2\/posts\/92715\/revisions"}],"wp:featuredmedia":[{"embeddable":true,"href":"https:\/\/www.europesays.com\/lv\/wp-json\/wp\/v2\/media\/92716"}],"wp:attachment":[{"href":"https:\/\/www.europesays.com\/lv\/wp-json\/wp\/v2\/media?parent=92715"}],"wp:term":[{"taxonomy":"category","embeddable":true,"href":"https:\/\/www.europesays.com\/lv\/wp-json\/wp\/v2\/categories?post=92715"},{"taxonomy":"post_tag","embeddable":true,"href":"https:\/\/www.europesays.com\/lv\/wp-json\/wp\/v2\/tags?post=92715"}],"curies":[{"name":"wp","href":"https:\/\/api.w.org\/{rel}","templated":true}]}}