{"id":92725,"date":"2026-01-02T15:45:22","date_gmt":"2026-01-02T15:45:22","guid":{"rendered":"https:\/\/www.europesays.com\/lv\/92725\/"},"modified":"2026-01-02T15:45:22","modified_gmt":"2026-01-02T15:45:22","slug":"krievija-decembri-okupejusi-445-kvadratkilometrus-ukrainas-teritorijas-liecina-deepstate-aprekini-tvnet","status":"publish","type":"post","link":"https:\/\/www.europesays.com\/lv\/92725\/","title":{"rendered":"Krievija decembr\u012b okup\u0113jusi 445 kvadr\u0101tkilometrus Ukrainas teritorijas, liecina &quot;DeepState&quot; apr\u0113\u0137ini &#8211; TVNET"},"content":{"rendered":"<ol>\n<li><a href=\"https:\/\/news.google.com\/rss\/articles\/CBMixAFBVV95cUxPWUYxc3drSm9IRmV4VkRRaG9uaEg1T2pBMmJBUzRhcnBqcmVZM1pOLXkzU3FOeG80TW52TWtkVUktamNUR041STY1a0pfUThFWVQwbFJXeHhNQy13M1UtT0NfdnBBWG9UVWpsN3Y0QXdHRTV0c3Y5cWx6N241NmJhRlcwWmRmRk9hMFp0blNvV3FMVHRlN0tPMXJmSHNWWEpJcXYweFlNbjJ5alltdmVUT1poZEt4V19oN0JmeDk2cTJ4cUlT?oc=5\" target=\"_blank\" rel=\"nofollow noopener\">Krievija decembr\u012b okup\u0113jusi 445 kvadr\u0101tkilometrus Ukrainas teritorijas, liecina &#8220;DeepState&#8221; apr\u0113\u0137ini<\/a>&nbsp;&nbsp;TVNET<\/li>\n<li><a href=\"https:\/\/news.google.com\/rss\/articles\/CBMiwAFBVV95cUxOX0tlZWh4R0g2QlhBNW9kMzZ4ckFuWjBZc1BXRHJZNHYzdHc5aFAxTXVudy1RWDVDRTVxek5iRF96M3QtTjg5SzRuUkRILUZOUW92aWoxRmFDZ3hWS1BFNkdqeU5vQ0J2UmRDclJnbUpvZEI3TmN0UTBQRTVuclVkTS1DYlNMb2RjUUpjRTBGRkRxSFdUcllBSXZNeDEycU5QUnZvV3pyeWZxU2FlcjBTNGsyZ0lGUEFaVXFOSEVKUW4?oc=5\" target=\"_blank\" rel=\"nofollow noopener\">Vai krievi tie\u0161\u0101m mostas? Propagandas TV izskan paties\u012bba par notieko\u0161o Ukrain\u0101 un klaja Putina izsmie\u0161ana<\/a>&nbsp;&nbsp;LA.LV<\/li>\n<li><a href=\"https:\/\/news.google.com\/rss\/articles\/CBMimAFBVV95cUxOdFAxWkdMZnpTOFV2MVh1a1lGYmVXR1JKRzZtbFhZZFJhbzR5cVBFYXB3SjdUWGRlVWxIRi1Sa0RiVThzUnFwZFhjQTI4MjFYMUNQWEZITXF3OUxFcG5VRmJGd1VWVzJhaG1WNzAtNHA2ZjdHS1FlWGdNTVFwZFJsU19VX2pHcGs0b1JrakFjVHFBdy15LWRROA?oc=5\" target=\"_blank\" rel=\"nofollow noopener\">Anal\u012bti\u0137i apkopoju\u0161i, cik liela Ukrainas teritorija tika okup\u0113ta p\u0113rn<\/a>&nbsp;&nbsp;NRA<\/li>\n<li><a href=\"https:\/\/news.google.com\/rss\/articles\/CBMiugFBVV95cUxOS0lkbnR4dEYzTUxOZHo1NWJaUHZXcGYxX3pYMzJLZ016M2JJOWlHbHdaX0ZQTWhQdENLcV8xUVJ2eGpxSzUtNWFFT2dkQlYxYWZNYVExNUdfNFZIUW1TUXowMEd0ZlZYNWFfT2NUc3ZhOWMtRWZaVC0zMEtnTVNEZkpOMXRNcGk1eTRZQUlkajk0ZTN1Y2ZfdmtuYUJ0MUx0QW9BMzJ5OEJoc05nMTZybjNtekxrczNuRVE?oc=5\" target=\"_blank\" rel=\"nofollow noopener\">VIDEO | \u201cUkrai\u0146i v\u0113l neko nav zaud\u0113ju\u0161i!\u201d\u2013 Krievijas telev\u012bzij\u0101 s\u0101k atkl\u0101ti run\u0101t par neveiksm\u0113m front\u0113<\/a>&nbsp;&nbsp;bnn.lv<\/li>\n<li><a href=\"https:\/\/news.google.com\/rss\/articles\/CBMitAFBVV95cUxQSmxSS3J0UHY4U25qTDJzWG5hT0FLTXVKLXVRZmM2Qmw0SWFEQ3ZjNmRhcmN4VlhidXdEZU0wOFE2bjZMYkp0Wkp3NjUwaWlpUzFCbVJWcFJMTWJic1BCdm11V2ozUjRPUlQyTlJlWFRnczd5MG5MR0M1NS1kRy1qMGc4b0lmOGs5QnRhaFR5eGhZLVlVNmY4SEVPRTIycDJOUnJCVWstYzFDQ2NjYTNFcVlpTEs?oc=5\" target=\"_blank\" rel=\"nofollow noopener\">Krievija 2025. gad\u0101 sagr\u0101busi 1% Ukrainas teritorijas. &#8220;Bild&#8221; atkl\u0101j Krem\u013ca &#8220;pan\u0101kumu&#8221; cenu<\/a>&nbsp;&nbsp;Apollo.lv<\/li>\n<\/ol>\n","protected":false},"excerpt":{"rendered":"Krievija decembr\u012b okup\u0113jusi 445 kvadr\u0101tkilometrus Ukrainas teritorijas, liecina &#8220;DeepState&#8221; apr\u0113\u0137ini&nbsp;&nbsp;TVNET Vai krievi tie\u0161\u0101m mostas? Propagandas TV izskan paties\u012bba&hellip;\n","protected":false},"author":2,"featured_media":92726,"comment_status":"","ping_status":"","sticky":false,"template":"","format":"standard","meta":{"footnotes":""},"categories":[5],"tags":[23,28,29,32,33,22,74,30,31,35,39,38,36,37,34,40,20,26,27,24,25,21],"class_list":{"0":"post-92725","1":"post","2":"type-post","3":"status-publish","4":"format-standard","5":"has-post-thumbnail","7":"category-aktualitates","8":"tag-aktualitates","9":"tag-breaking-news","10":"tag-breakingnews","11":"tag-featured-news","12":"tag-featurednews","13":"tag-headlines","14":"tag-krievijas-iebrukums-ukraina","15":"tag-latest-news","16":"tag-latestnews","17":"tag-latvia","18":"tag-latvian","19":"tag-latviesu","20":"tag-latviesu-valoda","21":"tag-latviesuvaloda","22":"tag-latvija","23":"tag-lv","24":"tag-news","25":"tag-popularakas-zinas","26":"tag-popularakaszinas","27":"tag-top-stories","28":"tag-topstories","29":"tag-zinas"},"share_on_mastodon":{"url":"https:\/\/pubeurope.com\/@lv\/115826283228676046","error":""},"_links":{"self":[{"href":"https:\/\/www.europesays.com\/lv\/wp-json\/wp\/v2\/posts\/92725","targetHints":{"allow":["GET"]}}],"collection":[{"href":"https:\/\/www.europesays.com\/lv\/wp-json\/wp\/v2\/posts"}],"about":[{"href":"https:\/\/www.europesays.com\/lv\/wp-json\/wp\/v2\/types\/post"}],"author":[{"embeddable":true,"href":"https:\/\/www.europesays.com\/lv\/wp-json\/wp\/v2\/users\/2"}],"replies":[{"embeddable":true,"href":"https:\/\/www.europesays.com\/lv\/wp-json\/wp\/v2\/comments?post=92725"}],"version-history":[{"count":0,"href":"https:\/\/www.europesays.com\/lv\/wp-json\/wp\/v2\/posts\/92725\/revisions"}],"wp:featuredmedia":[{"embeddable":true,"href":"https:\/\/www.europesays.com\/lv\/wp-json\/wp\/v2\/media\/92726"}],"wp:attachment":[{"href":"https:\/\/www.europesays.com\/lv\/wp-json\/wp\/v2\/media?parent=92725"}],"wp:term":[{"taxonomy":"category","embeddable":true,"href":"https:\/\/www.europesays.com\/lv\/wp-json\/wp\/v2\/categories?post=92725"},{"taxonomy":"post_tag","embeddable":true,"href":"https:\/\/www.europesays.com\/lv\/wp-json\/wp\/v2\/tags?post=92725"}],"curies":[{"name":"wp","href":"https:\/\/api.w.org\/{rel}","templated":true}]}}