{"id":92729,"date":"2026-01-02T15:55:09","date_gmt":"2026-01-02T15:55:09","guid":{"rendered":"https:\/\/www.europesays.com\/lv\/92729\/"},"modified":"2026-01-02T15:55:09","modified_gmt":"2026-01-02T15:55:09","slug":"zelenskis-prezidenta-kancelejas-vaditaja-amata-iecel-budanovu","status":"publish","type":"post","link":"https:\/\/www.europesays.com\/lv\/92729\/","title":{"rendered":"Zelenskis prezidenta kancelejas vad\u012bt\u0101ja amat\u0101 iece\u013c Budanovu"},"content":{"rendered":"<p class=\"lead\">\n                                Ukrainas prezidents Volodimirs Zelenskis piektdien soci\u0101lajos medijos pav\u0113st\u012bja, ka prezidenta kancelejas vad\u012bt\u0101ja amat\u0101 iec\u0113lis l\u012bdz\u0161in\u0113jo Galven\u0101s izl\u016bko\u0161anas p\u0101rvaldes (HUR) priek\u0161nieku Kirilo Budanovu.\n                            <\/p>\n<p style=\"margin-left:0px;\">&#8220;Es tikos ar Kirilo Budanovu un pied\u0101v\u0101ju vi\u0146am vad\u012bt Ukrainas prezidenta kanceleju,&#8221; pav\u0113st\u012bja Zelenskis.<\/p>\n<p style=\"margin-left:0px;\">&#8220;Tagad Ukrainai ir nepiecie\u0161ams vair\u0101k koncentr\u0113ties uz dro\u0161\u012bbas jaut\u0101jumiem, Ukrainas Aizsardz\u012bbas un dro\u0161\u012bbas sp\u0113ku att\u012bst\u012bbu, k\u0101 ar\u012b uz diplom\u0101tisko ce\u013cu sarun\u0101s, un prezidenta kanceleja kalpos galvenok\u0101rt \u0161\u0101du m\u016bsu valsts uzdevumu izpildei,&#8221; kl\u0101st\u012bja prezidents.<\/p>\n<p style=\"margin-left:0px;\">&#8220;Kirilo ir \u012bpa\u0161a pieredze \u0161ajos virzienos un pietiekams sp\u0113ks, lai sasniegtu rezult\u0101tus,&#8221; pauda Zelenskis.<\/p>\n<p style=\"margin-left:0px;\">K\u0101 nor\u0101d\u012bja prezidents, vi\u0146\u0161 ar\u012b uzdevis prezidenta kancelejas jaunajam vad\u012bt\u0101jam sadarb\u012bb\u0101 ar Nacion\u0101l\u0101s dro\u0161\u012bbas un aizsardz\u012bbas padomes sekret\u0101ru Rustemu Umerovu, citiem vad\u012bt\u0101jiem un instit\u016bcij\u0101m atjaunin\u0101t un iesniegt apstiprin\u0101\u0161anai Ukrainas aizsardz\u012bbas un att\u012bst\u012bbas strat\u0113\u0123isko ietvaru un turpm\u0101kos so\u013cus.<\/p>\n<p style=\"margin-left:0px;\">Budanovs apliecin\u0101ja, ka ir pie\u0146\u0113mis Zelenska pied\u0101v\u0101jumu vad\u012bt prezidenta kanceleju.<\/p>\n<p style=\"margin-left:0px;\">&#8220;Turpinu kalpot Ukrainai. Prezidenta kancelejas vad\u012bt\u0101ja amatu uzskatu par v\u0113l vienu robe\u017eu atbild\u012bb\u0101 valsts priek\u0161\u0101,&#8221; platform\u0101 &#8220;Telegram&#8221; pauda Budanovs.<\/p>\n<p style=\"margin-left:0px;\">&#8220;Man tas ir gods un atbild\u012bba &#8211; Ukrainai v\u0113sturiski svar\u012bg\u0101 laik\u0101 piev\u0113rsties m\u016bsu valsts strat\u0113\u0123isk\u0101s dro\u0161\u012bbas kritiskajiem jaut\u0101jumiem,&#8221; nor\u0101d\u012bja l\u012bdz\u0161in\u0113jais HUR vad\u012bt\u0101js.<\/p>\n<p style=\"margin-left:0px;\">Budanovs pateic\u0101s Ukrainas prezidentam par izr\u0101d\u012bto uztic\u012bbu un visai HUR komandai par kop\u012bgo darbu.<\/p>\n<blockquote>\n<p style=\"margin-left:0px;\">&#8220;M\u0113s turpin\u0101m dar\u012bt savu &#8211; sakaut ienaidnieku, aizsarg\u0101t Ukrainu un str\u0101d\u0101t, lai pan\u0101ktu taisn\u012bgu mieru. M\u0113s turpin\u0101m kop\u0101 c\u012bn\u012bties par br\u012bvu un dro\u0161u Ukrainas n\u0101kotni! M\u0113s iztur\u0113sim,&#8221;\u00a0<\/p>\n<\/blockquote>\n<p style=\"margin-left:0px;\">pauda Budanovs.<\/p>\n<p style=\"margin-left:0px;\">L\u012bdz\u0161in\u0113jais prezidenta kancelejas vad\u012bt\u0101js Andrijs Jermaks novembra beig\u0101s no amata atk\u0101p\u0101s, p\u0113c tam kad vi\u0146a dz\u012bvesviet\u0101 likumsargi bija veiku\u0161i krat\u012b\u0161anu.<\/p>\n<p style=\"margin-left:0px;\">K\u0101 t\u012bmek\u013ca izdevumam &#8220;Ukrainska pravda&#8221; piektdien past\u0101st\u012bja avots Zelenska komand\u0101, par jauno HUR vad\u012bt\u0101ju, visticam\u0101k, var\u0113tu k\u013c\u016bt patlaban\u0113jais \u0100r\u0113j\u0101s izl\u016bko\u0161anas dienesta priek\u0161nieks Olehs Iva\u0161\u010denko.<\/p>\n<p class=\"paragraph-muted\">Izv\u0113lies savu soct\u012bklu platformu, lai sekotu LASI.LV: <a href=\"https:\/\/www.facebook.com\/portals.lasi.lv\" target=\"_blank\" rel=\"noopener noreferrer nofollow\">Facebook<\/a>, <a href=\"https:\/\/twitter.com\/lasilvportals\" target=\"_blank\" rel=\"noopener noreferrer nofollow\">X<\/a>, <a href=\"https:\/\/bsky.app\/profile\/lasilv.bsky.social\" target=\"_blank\" rel=\"noopener noreferrer nofollow\">Bluesky<\/a>, <a href=\"https:\/\/www.draugiem.lv\/lasilv\/?pg=4\" target=\"_blank\" rel=\"noopener noreferrer nofollow\">Draugiem<\/a>, <a href=\"https:\/\/www.threads.com\/@lasilv_zinas\" rel=\"nofollow noopener\" target=\"_blank\">Threads<\/a> vai ar\u012b <a href=\"https:\/\/www.instagram.com\/lasilv_zinas\/\" target=\"_blank\" rel=\"noopener noreferrer nofollow\">Instagram<\/a>. Pievienojies m\u016bsu las\u012bt\u0101ju pulkam, lai sa\u0146emtu \u012bpa\u0161i tev atlas\u012btu noder\u012bgu, praktisku un aktu\u0101lu saturu.\u00a0<\/p>\n<p style=\"margin-left:auto;\">Pieraksties LASI.LV redaktora v\u0113stkopai <a href=\"https:\/\/lasi.lv\/vestkopa\/lasi-lv-galvena-redaktora-vestkopa\" rel=\"nofollow noopener\" target=\"_blank\">\u0161eit<\/a>.<\/p>\n<p>Pieraksties v\u0113stkopai un divas reizes ned\u0113\u013c\u0101 sa\u0146em padzi\u013cin\u0101tu LASI.LV galven\u0101 redaktora aktu\u0101lo zi\u0146u, kompetentu viedok\u013cu un interesant\u0101ko interviju apkopojumu.<\/p>\n<p>Ko tu sa\u0146emsi:<\/p>\n<ul>\n<li>Daudzveid\u012bgus koment\u0101rus un kompetentus Latvijas Mediju \u017eurn\u0101listu un autoru viedok\u013cus par aktu\u0101lo<\/li>\n<li>Ekspertu koment\u0101rus par da\u017e\u0101diem praktiskiem, noder\u012bgiem tematiem<\/li>\n<li>Aizraujo\u0161us materi\u0101lus par v\u0113sturi, psiholo\u0123iju, kult\u016bru<\/li>\n<li>Gata \u0160\u013c\u016bkas karikat\u016bru<\/li>\n<li>Tav\u0101 e-pasta kast\u012bt\u0113 katru ceturtdienu<\/li>\n<\/ul>\n<p style=\"margin-left:auto;\">\u00a0<\/p>\n<p><script async src=\"https:\/\/platform.twitter.com\/widgets.js\" charset=\"utf-8\"><\/script><script async src=\"\/\/www.instagram.com\/embed.js\"><\/script><\/p>\n","protected":false},"excerpt":{"rendered":"Ukrainas prezidents Volodimirs Zelenskis piektdien soci\u0101lajos medijos pav\u0113st\u012bja, ka prezidenta kancelejas vad\u012bt\u0101ja amat\u0101 iec\u0113lis l\u012bdz\u0161in\u0113jo Galven\u0101s izl\u016bko\u0161anas p\u0101rvaldes&hellip;\n","protected":false},"author":2,"featured_media":81401,"comment_status":"","ping_status":"","sticky":false,"template":"","format":"standard","meta":{"footnotes":""},"categories":[14],"tags":[23,57,28,29,32,33,22,30,31,35,39,38,36,37,34,40,20,26,27,24,25,54,55,56,21,58],"class_list":{"0":"post-92729","1":"post","2":"type-post","3":"status-publish","4":"format-standard","5":"has-post-thumbnail","7":"category-zinas-no-arvalstim","8":"tag-aktualitates","9":"tag-arvalstim","10":"tag-breaking-news","11":"tag-breakingnews","12":"tag-featured-news","13":"tag-featurednews","14":"tag-headlines","15":"tag-latest-news","16":"tag-latestnews","17":"tag-latvia","18":"tag-latvian","19":"tag-latviesu","20":"tag-latviesu-valoda","21":"tag-latviesuvaloda","22":"tag-latvija","23":"tag-lv","24":"tag-news","25":"tag-popularakas-zinas","26":"tag-popularakaszinas","27":"tag-top-stories","28":"tag-topstories","29":"tag-world","30":"tag-world-news","31":"tag-worldnews","32":"tag-zinas","33":"tag-zinas-no-arvalstim"},"share_on_mastodon":{"url":"https:\/\/pubeurope.com\/@lv\/115826322475761615","error":""},"_links":{"self":[{"href":"https:\/\/www.europesays.com\/lv\/wp-json\/wp\/v2\/posts\/92729","targetHints":{"allow":["GET"]}}],"collection":[{"href":"https:\/\/www.europesays.com\/lv\/wp-json\/wp\/v2\/posts"}],"about":[{"href":"https:\/\/www.europesays.com\/lv\/wp-json\/wp\/v2\/types\/post"}],"author":[{"embeddable":true,"href":"https:\/\/www.europesays.com\/lv\/wp-json\/wp\/v2\/users\/2"}],"replies":[{"embeddable":true,"href":"https:\/\/www.europesays.com\/lv\/wp-json\/wp\/v2\/comments?post=92729"}],"version-history":[{"count":0,"href":"https:\/\/www.europesays.com\/lv\/wp-json\/wp\/v2\/posts\/92729\/revisions"}],"wp:featuredmedia":[{"embeddable":true,"href":"https:\/\/www.europesays.com\/lv\/wp-json\/wp\/v2\/media\/81401"}],"wp:attachment":[{"href":"https:\/\/www.europesays.com\/lv\/wp-json\/wp\/v2\/media?parent=92729"}],"wp:term":[{"taxonomy":"category","embeddable":true,"href":"https:\/\/www.europesays.com\/lv\/wp-json\/wp\/v2\/categories?post=92729"},{"taxonomy":"post_tag","embeddable":true,"href":"https:\/\/www.europesays.com\/lv\/wp-json\/wp\/v2\/tags?post=92729"}],"curies":[{"name":"wp","href":"https:\/\/api.w.org\/{rel}","templated":true}]}}