{"id":92731,"date":"2026-01-02T16:02:07","date_gmt":"2026-01-02T16:02:07","guid":{"rendered":"https:\/\/www.europesays.com\/lv\/92731\/"},"modified":"2026-01-02T16:02:07","modified_gmt":"2026-01-02T16:02:07","slug":"ventspils-slimnica-1-janvari-pasaule-nacis-mazulis-meitenite-margarita","status":"publish","type":"post","link":"https:\/\/www.europesays.com\/lv\/92731\/","title":{"rendered":"Ventspils slimn\u012bc\u0101 1. janv\u0101r\u012b pasaul\u0113 n\u0101cis mazulis \u2013 meiten\u012bte Margarita"},"content":{"rendered":"<p>Ventspils slimn\u012bcu k\u0101 vietu, kur sagaid\u012bt savu atvas\u012bti, izv\u0113las ne tikai topo\u0161ie vec\u0101ki no Ventspils un novada, bet ar\u012b no cit\u0101m tuv\u0101k\u0101m un t\u0101l\u0101k\u0101m Latvijas pils\u0113t\u0101m.<\/p>\n<p>Dzemd\u012bbu noda\u013c\u0101 ir\u00a0 labiek\u0101rtotas pal\u0101tas ar ziedu mot\u012bviem, k\u0101 ar\u012b \u0123imenes un paaugstin\u0101ta komforta pal\u0101tas ar divgu\u013cam\u0101m gult\u0101m un cit\u0101m \u0113rt\u012bb\u0101m.<\/p>\n<p>\u0122imen\u0113m, kur\u0101s aug vismaz divi b\u0113rni\u0146i, mazuli slimn\u012bca pied\u0101v\u0101 sagaid\u012bt paaugstin\u0101ta komforta pal\u0101t\u0101 bez maksas.<\/p>\n<p class=\"tv3-fw-500\">Zi\u0146o par k\u013c\u016bdu rakst\u0101<\/p>\n<p class=\"d-md-block d-none\">Iez\u012bm\u0113 k\u013c\u016bdaino tekstu un spied Ctrl+Enter.<\/p>\n<p class=\"d-md-none d-block\">Iez\u012bm\u0113 k\u013c\u016bdaino tekstu un zi\u0146o par to!<\/p>\n","protected":false},"excerpt":{"rendered":"Ventspils slimn\u012bcu k\u0101 vietu, kur sagaid\u012bt savu atvas\u012bti, izv\u0113las ne tikai topo\u0161ie vec\u0101ki no Ventspils un novada, bet&hellip;\n","protected":false},"author":2,"featured_media":92732,"comment_status":"","ping_status":"","sticky":false,"template":"","format":"standard","meta":{"footnotes":""},"categories":[12],"tags":[23,28,29,23268,32,33,22,30,31,35,39,38,36,37,34,40,20,26,27,24,25,21],"class_list":{"0":"post-92731","1":"post","2":"type-post","3":"status-publish","4":"format-standard","5":"has-post-thumbnail","7":"category-latvija","8":"tag-aktualitates","9":"tag-breaking-news","10":"tag-breakingnews","11":"tag-dzemdibasventspilsventspils-slimnica","12":"tag-featured-news","13":"tag-featurednews","14":"tag-headlines","15":"tag-latest-news","16":"tag-latestnews","17":"tag-latvia","18":"tag-latvian","19":"tag-latviesu","20":"tag-latviesu-valoda","21":"tag-latviesuvaloda","22":"tag-latvija","23":"tag-lv","24":"tag-news","25":"tag-popularakas-zinas","26":"tag-popularakaszinas","27":"tag-top-stories","28":"tag-topstories","29":"tag-zinas"},"share_on_mastodon":{"url":"https:\/\/pubeurope.com\/@lv\/115826350134057041","error":""},"_links":{"self":[{"href":"https:\/\/www.europesays.com\/lv\/wp-json\/wp\/v2\/posts\/92731","targetHints":{"allow":["GET"]}}],"collection":[{"href":"https:\/\/www.europesays.com\/lv\/wp-json\/wp\/v2\/posts"}],"about":[{"href":"https:\/\/www.europesays.com\/lv\/wp-json\/wp\/v2\/types\/post"}],"author":[{"embeddable":true,"href":"https:\/\/www.europesays.com\/lv\/wp-json\/wp\/v2\/users\/2"}],"replies":[{"embeddable":true,"href":"https:\/\/www.europesays.com\/lv\/wp-json\/wp\/v2\/comments?post=92731"}],"version-history":[{"count":0,"href":"https:\/\/www.europesays.com\/lv\/wp-json\/wp\/v2\/posts\/92731\/revisions"}],"wp:featuredmedia":[{"embeddable":true,"href":"https:\/\/www.europesays.com\/lv\/wp-json\/wp\/v2\/media\/92732"}],"wp:attachment":[{"href":"https:\/\/www.europesays.com\/lv\/wp-json\/wp\/v2\/media?parent=92731"}],"wp:term":[{"taxonomy":"category","embeddable":true,"href":"https:\/\/www.europesays.com\/lv\/wp-json\/wp\/v2\/categories?post=92731"},{"taxonomy":"post_tag","embeddable":true,"href":"https:\/\/www.europesays.com\/lv\/wp-json\/wp\/v2\/tags?post=92731"}],"curies":[{"name":"wp","href":"https:\/\/api.w.org\/{rel}","templated":true}]}}