{"id":92733,"date":"2026-01-02T16:03:14","date_gmt":"2026-01-02T16:03:14","guid":{"rendered":"https:\/\/www.europesays.com\/lv\/92733\/"},"modified":"2026-01-02T16:03:14","modified_gmt":"2026-01-02T16:03:14","slug":"pec-spradziena-tornakalna-iebrucis-piecstavu-ekas-jumts","status":"publish","type":"post","link":"https:\/\/www.europesays.com\/lv\/92733\/","title":{"rendered":"P\u0113c spr\u0101dziena Tor\u0146akaln\u0101 iebrucis piecst\u0101vu \u0113kas jumts"},"content":{"rendered":"<p class=\"descr\">R\u012bg\u0101, Tor\u0146akaln\u0101, p\u0113c iesp\u0113jama spr\u0101dziena da\u013c\u0113ji sagruvusi daudzst\u0101vu \u0113ka, liecina aculiecinieki un port\u0101lam nra.lv ies\u016bt\u012bt\u0101s fotogr\u0101fijas.<\/p>\n<p>Papildin\u0101ts plkst. 17.18:<\/p>\n<p>Par spr\u0101dzienu aculiecinieki raksta soci\u0101lajos t\u012bklos, un p\u0113c neofici\u0101las inform\u0101cijas ir cietis G\u0101zes av\u0101rijas dienesta darbinieks.<\/p>\n<p>K\u0101 redzams public\u0113taj\u0101s fotogr\u0101fij\u0101s, tie\u0161i pie ieejas k\u0101p\u0146u telp\u0101 ir novietots G\u0101zes av\u0101rijas dienesta operat\u012bvais transportl\u012bdzeklis.<\/p>\n<p>Saska\u0146\u0101 ar aculiecinieku liec\u012bb\u0101m, kaimi\u0146i bija izsauku\u0161i dienestu, rea\u0123\u0113jot uz g\u0101zes smaku un min\u0113tais spr\u0101dziens noticis tie\u0161i taj\u0101 br\u012bd\u012b, kad speci\u0101lists dev\u0101s uz notikuma vietu.<\/p>\n<p>Papildin\u0101ts plkst. 17.21:<\/p>\n<p>Neatliekam\u0101s medic\u012bnisk\u0101s pal\u012bdz\u012bbas dienest\u0101 a\u0123ent\u016brai LETA pav\u0113st\u012bja, ka, ierodoties notikuma viet\u0101, medi\u0137i konstat\u0113ja viena cilv\u0113ka n\u0101vi.<\/p>\n<p>V\u0113l medi\u0137u apskate un medic\u012bnisk\u0101 pal\u012bdz\u012bba sniegta tr\u012bs cilv\u0113kiem &#8211; vienam pal\u012bdz\u012bba sniegta uz vietas, divi nog\u0101d\u0101ti \u0101rstniec\u012bbas iest\u0101d\u0113 papildu izmekl\u0113jumu veik\u0161anai.<\/p>\n<p>Jau rakst\u012bj\u0101m, ka VUGD plkst. 15.20 sa\u0146\u0113ma izsaukums uz <a href=\"https:\/\/nra.lv\/birka\/bauskas-iela\/\" target=\"_blank\" rel=\"noopener nofollow\">Bauskas ielu<\/a> un pa\u0161laik gl\u0101b\u0113ji str\u0101d\u0101 notikuma viet\u0101.<\/p>\n<p><a href=\"https:\/\/nra.lv\/birka\/valsts-policija\/\" target=\"_blank\" rel=\"noopener nofollow\">Valsts policij\u0101<\/a> a\u0123ent\u016brai LETA nor\u0101d\u012bja, ka, balstoties uz s\u0101kotn\u0113jo inform\u0101ciju, nenoskaidrota persona, iesp\u0113jams, veikusi g\u0101zes vada demont\u0101\u017eu, kas izrais\u012bja spr\u0101dzienu. Patlaban tiek skaidroti notiku\u0161\u0101 apst\u0101k\u013ci.<\/p>\n<p>Papildin\u0101ts plkst. 17:06:<\/p>\n<p>K\u0101 a\u0123ent\u016brai LETA past\u0101st\u012bja viet\u0113jie iedz\u012bvot\u0101ji, tad spr\u0101dziens bijis tik sp\u0113c\u012bgs, ka atsevi\u0161\u0137iem dz\u012bvok\u013ciem no spr\u0101dziena saboj\u0101tas, izsistas durvis, logi. T\u0101pat pirms spr\u0101dziena esot bijis j\u016btams g\u0101zes arom\u0101ts.<\/p>\n<p>Vienlaikus pa\u0161laik iedz\u012bvot\u0101ji ir nezi\u0146\u0101 par to, kas notiks t\u0101l\u0101k, atsauc\u012bbu izr\u0101da ar\u012b apk\u0101rt\u0113jo namu iedz\u012bvot\u0101ji, pied\u0101v\u0101jot pa\u0113st, pajumti, a\u0123ent\u016brai LETA past\u0101st\u012bja viet\u0113jie iedz\u012bvot\u0101ji.<\/p>\n<p>K\u0101 inform\u0113ja R\u012bgas dom\u0113, pagaid\u0101m nenoskaidrotu apst\u0101k\u013cu d\u0113\u013c piecst\u0101vu daudzdz\u012bvok\u013cu \u0113k\u0101 boj\u0101ta <a href=\"https:\/\/nra.lv\/birka\/gazes-spradziens\/\" target=\"_blank\" rel=\"noopener nofollow\">g\u0101zes<\/a> vada d\u0113\u013c notika spr\u0101dziens, k\u0101 rezult\u0101t\u0101 sagruvis \u0113kas ceturtais un piektais st\u0101vs, k\u0101 ar\u012b jumts.<\/p>\n<p>Patlaban <a href=\"https:\/\/nra.lv\/birka\/evakuacija\/\" target=\"_blank\" rel=\"noopener nofollow\">evaku\u0113ti<\/a> vair\u0101k nek\u0101 40 iedz\u012bvot\u0101ji, vi\u0146iem nodro\u0161in\u0101ta iesp\u0113ja uztur\u0113ties &#8220;R\u012bgas satiksmes&#8221; autobusos un tiek sniegta visa iesp\u0113jam\u0101 pal\u012bdz\u012bba. Tuv\u0101kaj\u0101 laik\u0101 \u0113ku apsekos b\u016bvinspektors, lai var\u0113tu lemt par t\u0101s t\u0101l\u0101ko ekspluat\u0101ciju.<\/p>\n<p>Ja \u0113ka p\u0113c ugunsgr\u0113ka vai citas nelaimes nav izmantojama, dz\u012bvok\u013cu \u012bpa\u0161niekiem R\u012bgas pa\u0161vald\u012bba pied\u0101v\u0101 sa\u0146emt gan <a href=\"https:\/\/nra.lv\/birka\/sociala-palidziba\/\" target=\"_blank\" rel=\"noopener nofollow\">soci\u0101lo pal\u012bdz\u012bbu<\/a>, gan iesp\u0113ju apmesties pagaidu izmitin\u0101\u0161anas viet\u0101.<\/p>\n<p>Evaku\u0113tajiem iedz\u012bvot\u0101jiem ir ties\u012bbas pa\u0161vald\u012bb\u0101 sa\u0146emt kr\u012bzes pabalstu, kuru var piepras\u012bt divu m\u0113ne\u0161u laik\u0101 no kr\u012bzes situ\u0101cijas ra\u0161an\u0101s dienas. Iedz\u012bvot\u0101ji var v\u0113rsties ar iesniegumu kr\u012bzes pabalsta sa\u0146em\u0161anai R\u012bgas Soci\u0101laj\u0101 dienest\u0101, sazinoties pa t\u0101lruni 80001201.<\/p>\n<p>T\u0101pat iedz\u012bvot\u0101ji aicin\u0101ti v\u0113rsties Soci\u0101laj\u0101 dienest\u0101, ja nepiecie\u0161ama k\u0101da cita pal\u012bdz\u012bba, piem\u0113ram, ap\u0123\u0113rbs, p\u0101rtikas pakas, dokumentu atjauno\u0161ana, vai v\u0113l k\u0101ds cits soci\u0101lais atbalsts. Pla\u0161\u0101ka inform\u0101cija par soci\u0101l\u0101s pal\u012bdz\u012bbas iesp\u0113j\u0101m pieejama pa t\u0101lruni 80001201.<\/p>\n<p>Iedz\u012bvot\u0101jiem, kam nepiecie\u0161ama pagaidu dz\u012bvojam\u0101 telpa, patlaban tiek pied\u0101v\u0101ta istaba pa\u0161vald\u012bbas viesn\u012bc\u0101 l\u012bdz piec\u0101m dien\u0101m. Par izmitin\u0101\u0161anas iesp\u0113j\u0101m viesn\u012bc\u0101 aicin\u0101m sazin\u0101ties ar pa\u0161vald\u012bbas policiju pa t\u0101lruni 112.<\/p>\n<p>Cietu\u0161aj\u0101m un apdraud\u0113taj\u0101m person\u0101m ir ties\u012bbas pieteikties pagaidu dz\u012bvojamai telpai un vienreiz\u0113jam pabalstam remontam gad\u012bjum\u0101, ja dz\u012bvojam\u0101 telpa vai dz\u012bvojam\u0101 m\u0101ja ir cietusi terora akta, stihiskas nelaimes, av\u0101rijas vai citas katastrofas rezult\u0101t\u0101 un Pils\u0113tas att\u012bst\u012bbas departaments pie\u0146\u0113mis l\u0113mumu aizliegt dz\u012bvojam\u0101s m\u0101jas ekspluat\u0101ciju l\u012bdz b\u012bstam\u012bbas nov\u0113r\u0161anai.<\/p>\n<p>Lai sa\u0146emtu pa\u0161vald\u012bbas iz\u012br\u0113tu dz\u012bvojamo telpu, kur var uztur\u0113ties l\u012bdz se\u0161iem m\u0113ne\u0161iem, bet ne ilg\u0101k par gadu, iedz\u012bvot\u0101jiem j\u0101v\u0113r\u0161as ar iesniegumu R\u012bgas domes M\u0101jok\u013cu un vides departament\u0101 Br\u012bv\u012bbas iel\u0101 49\/53. Savuk\u0101rt, ja telpas tiks atz\u012btas par atjaunojam\u0101m, dz\u012bvok\u013cu \u012bpa\u0161nieki var\u0113s pieteikties uz vienreiz\u0113ju pabalstu remontam &#8211; l\u012bdz 10 000 eiro.<\/p>\n<p>  <img decoding=\"async\" style=\"max-width: 600px;\" src=\"https:\/\/www.europesays.com\/lv\/wp-content\/uploads\/2026\/01\/782520_6f2d729b17.jpg\" alt=\"\"\/> <\/p>\n<p class=\"descr-author\">Aculiecinieka foto<\/p>\n<p>   <img decoding=\"async\" style=\"max-width: 600px;\" src=\"https:\/\/www.europesays.com\/lv\/wp-content\/uploads\/2026\/01\/782523_db2f7524f1.jpg\" alt=\"\"\/> <\/p>\n<p class=\"descr-author\">Aculiecinieka foto<\/p>\n<p>   <img decoding=\"async\" style=\"max-width: 600px;\" src=\"https:\/\/www.europesays.com\/lv\/wp-content\/uploads\/2026\/01\/782522_ef4822a365.jpg\" alt=\"\"\/> <\/p>\n<p class=\"descr-author\">Aculiecinieka foto<\/p>\n<p>   <img decoding=\"async\" style=\"max-width: 600px;\" src=\"https:\/\/www.europesays.com\/lv\/wp-content\/uploads\/2026\/01\/782521_35da58ab32.jpg\" alt=\"\"\/> <\/p>\n<p class=\"descr-author\">Aculiecinieka foto<\/p>\n<p>\t\t\t\t\t\tinfo<\/p>\n<p>Uzzini pirmais<br \/>kas interesants noticis Latvij\u0101 un pasaul\u0113,<br \/>pievienojoties mums <a href=\"https:\/\/t.me\/neatkariga\" rel=\"nofollow\">Telegram<\/a> vai <a href=\"https:\/\/whatsapp.com\/channel\/0029VaMLFUH5K3zLU5s4wm3y\" rel=\"nofollow noopener\" target=\"_blank\">Whatsapp<\/a> kan\u0101l\u0101<\/p>\n","protected":false},"excerpt":{"rendered":"R\u012bg\u0101, Tor\u0146akaln\u0101, p\u0113c iesp\u0113jama spr\u0101dziena da\u013c\u0113ji sagruvusi daudzst\u0101vu \u0113ka, liecina aculiecinieki un port\u0101lam nra.lv ies\u016bt\u012bt\u0101s fotogr\u0101fijas. Papildin\u0101ts plkst.&hellip;\n","protected":false},"author":2,"featured_media":92734,"comment_status":"","ping_status":"","sticky":false,"template":"","format":"standard","meta":{"footnotes":""},"categories":[5],"tags":[23,28,29,32,33,22,30,31,35,39,38,36,37,34,40,20,26,27,24,25,21],"class_list":{"0":"post-92733","1":"post","2":"type-post","3":"status-publish","4":"format-standard","5":"has-post-thumbnail","7":"category-aktualitates","8":"tag-aktualitates","9":"tag-breaking-news","10":"tag-breakingnews","11":"tag-featured-news","12":"tag-featurednews","13":"tag-headlines","14":"tag-latest-news","15":"tag-latestnews","16":"tag-latvia","17":"tag-latvian","18":"tag-latviesu","19":"tag-latviesu-valoda","20":"tag-latviesuvaloda","21":"tag-latvija","22":"tag-lv","23":"tag-news","24":"tag-popularakas-zinas","25":"tag-popularakaszinas","26":"tag-top-stories","27":"tag-topstories","28":"tag-zinas"},"share_on_mastodon":{"url":"https:\/\/pubeurope.com\/@lv\/115826353955033889","error":""},"_links":{"self":[{"href":"https:\/\/www.europesays.com\/lv\/wp-json\/wp\/v2\/posts\/92733","targetHints":{"allow":["GET"]}}],"collection":[{"href":"https:\/\/www.europesays.com\/lv\/wp-json\/wp\/v2\/posts"}],"about":[{"href":"https:\/\/www.europesays.com\/lv\/wp-json\/wp\/v2\/types\/post"}],"author":[{"embeddable":true,"href":"https:\/\/www.europesays.com\/lv\/wp-json\/wp\/v2\/users\/2"}],"replies":[{"embeddable":true,"href":"https:\/\/www.europesays.com\/lv\/wp-json\/wp\/v2\/comments?post=92733"}],"version-history":[{"count":0,"href":"https:\/\/www.europesays.com\/lv\/wp-json\/wp\/v2\/posts\/92733\/revisions"}],"wp:featuredmedia":[{"embeddable":true,"href":"https:\/\/www.europesays.com\/lv\/wp-json\/wp\/v2\/media\/92734"}],"wp:attachment":[{"href":"https:\/\/www.europesays.com\/lv\/wp-json\/wp\/v2\/media?parent=92733"}],"wp:term":[{"taxonomy":"category","embeddable":true,"href":"https:\/\/www.europesays.com\/lv\/wp-json\/wp\/v2\/categories?post=92733"},{"taxonomy":"post_tag","embeddable":true,"href":"https:\/\/www.europesays.com\/lv\/wp-json\/wp\/v2\/tags?post=92733"}],"curies":[{"name":"wp","href":"https:\/\/api.w.org\/{rel}","templated":true}]}}