{"id":92735,"date":"2026-01-02T16:08:06","date_gmt":"2026-01-02T16:08:06","guid":{"rendered":"https:\/\/www.europesays.com\/lv\/92735\/"},"modified":"2026-01-02T16:08:06","modified_gmt":"2026-01-02T16:08:06","slug":"riga-bauskas-iela-pec-spradziena-sagruvusas-konstrukcijas-daudzdzivoklu-nama-augsejos-stavos-gajis-boja-gaso-darbinieks-raksts","status":"publish","type":"post","link":"https:\/\/www.europesays.com\/lv\/92735\/","title":{"rendered":"R\u012bg\u0101, Bauskas iel\u0101, p\u0113c spr\u0101dziena sagruvu\u0161as konstrukcijas daudzdz\u012bvok\u013cu nama aug\u0161\u0113jos st\u0101vos; g\u0101jis boj\u0101 \u00abGaso\u00bb darbinieks \/ Raksts"},"content":{"rendered":"<p>\n                        \u0160odien, 16:25                    <\/p>\n<p>\n                            Papildin\u0101ts \u0161odien, 18:00                        <\/p>\n<p>R\u012bg\u0101, Bauskas iel\u0101, piektdien, 2. janv\u0101r\u012b, p\u0113cpusdien\u0101 p\u0113c spr\u0101dziena sagruvu\u0161as konstrukcijas piecst\u0101vu daudzdz\u012bvok\u013cu \u0113kas aug\u0161\u0113jos st\u0101vos. Negad\u012bjum\u0101 viens cilv\u0113ks g\u0101jis boj\u0101. &#8220;Gaso&#8221; apstiprin\u0101ja, ka tas ir uz\u0146\u0113muma darbinieks.<\/p>\n<p>Valsts ugunsdz\u0113s\u012bbas un gl\u0101b\u0161anas dienest\u0101 (VUGD)\u00a0port\u0101lu LSM.lv inform\u0113ja, ka gl\u0101b\u0113ji plkst. 15.20 sa\u0146\u0113mu\u0161i izsaukumu uz Bauskas ielu\u00a0R\u012bg\u0101, kur piecst\u0101vu daudzdz\u012bvok\u013cu \u0113k\u0101, p\u0113c s\u0101kotn\u0113jas inform\u0101cijas, sabruku\u0161as konstrukcijas \u0113kas aug\u0161\u0113jos st\u0101vos.\u00a0<\/p>\n<p>Notikuma viet\u0101 str\u0101d\u0101 ugunsdz\u0113s\u0113ji gl\u0101b\u0113ji. \u0160obr\u012bd no \u0113kas tiek evaku\u0113ti cilv\u0113ki. R\u012bgas m\u0113rs Viesturs Kleinbergs (&#8220;Progres\u012bvie&#8221;) zin\u0101ja sac\u012bt, ka l\u012bdz \u0161im ir evaku\u0113ti aptuveni 40 cilv\u0113ki, kas pagaid\u0101m izvietoti siltum\u0101 &#8220;R\u012bgas satiksmes&#8221; autobus\u0101.<\/p>\n<blockquote>\n<p>Ierodoties notikuma viet\u0101, Neatliekam\u0101s medic\u012bnisk\u0101s pal\u012bdz\u012bbas dienests (NMPD) konstat\u0113ja viena cilv\u0113ka n\u0101vi. Pal\u012bdz\u012bba sniegta trim cilv\u0113kiem, no kuriem divi nog\u0101d\u0101ti \u0101rstniec\u012bbas iest\u0101d\u0113.<\/p>\n<\/blockquote>\n<p>Kaimi\u0146i Latvijas Telev\u012bzijai zin\u0101ja teikt, ka k\u0101ds 5. st\u0101va dz\u012bvok\u013ca iem\u012btnieks pats veicis remontu. Kaimi\u0146i sajutu\u0161i g\u0101zi, izsauku\u0161i av\u0101rijas dienestu. Br\u012bd\u012b, kad dienests ieradies un darbinieki k\u0101pu\u0161i aug\u0161\u0101 pa k\u0101pn\u0113m, atskan\u0113jis spr\u0101dziens.<\/p>\n<p>Valsts policijas s\u0101kotn\u0113j\u0101 inform\u0101cija liecina, ka nenoskaidrota persona, iesp\u0113jams, veikusi g\u0101zes vada demont\u0101\u017eu, kas izrais\u012bja spr\u0101dzienu. \u0160obr\u012bd tiek skaidroti notiku\u0161\u0101 apst\u0101k\u013ci.<\/p>\n<p>                    Valodas k\u013c\u016bda rakst\u0101?<\/p>\n<p class=\"d-none d-md-block\">Iez\u012bm\u0113jiet tekstu un spiediet Ctrl+Enter, lai nos\u016bt\u012btu labojamo teksta fragmentu redaktoram! Par faktu k\u013c\u016bd\u0101m l\u016bdzam zi\u0146ot e-past\u0101 <a href=\"https:\/\/www.lsm.lv\/cdn-cgi\/l\/email-protection\" class=\"__cf_email__\" data-cfemail=\"97e5f2f3f6fcf4fefdf6d7fbe4fab9fbe1\" rel=\"nofollow noopener\" target=\"_blank\">[email\u00a0protected]<\/a>.<\/p>\n<p class=\"d-md-none\">Iez\u012bm\u0113jiet tekstu un spiediet uz Zi\u0146ot par k\u013c\u016bdu pogas, lai nos\u016bt\u012btu labojamo teksta fragmentu redaktoram!<\/p>\n<p>\n                    Zi\u0146ot par k\u013c\u016bdu\n                <\/p>\n","protected":false},"excerpt":{"rendered":"\u0160odien, 16:25 Papildin\u0101ts \u0161odien, 18:00 R\u012bg\u0101, Bauskas iel\u0101, piektdien, 2. janv\u0101r\u012b, p\u0113cpusdien\u0101 p\u0113c spr\u0101dziena sagruvu\u0161as konstrukcijas piecst\u0101vu daudzdz\u012bvok\u013cu&hellip;\n","protected":false},"author":2,"featured_media":92694,"comment_status":"","ping_status":"","sticky":false,"template":"","format":"standard","meta":{"footnotes":""},"categories":[12],"tags":[23,28,29,32,33,22,30,31,35,39,38,36,37,34,40,20,26,27,24,25,21],"class_list":{"0":"post-92735","1":"post","2":"type-post","3":"status-publish","4":"format-standard","5":"has-post-thumbnail","7":"category-latvija","8":"tag-aktualitates","9":"tag-breaking-news","10":"tag-breakingnews","11":"tag-featured-news","12":"tag-featurednews","13":"tag-headlines","14":"tag-latest-news","15":"tag-latestnews","16":"tag-latvia","17":"tag-latvian","18":"tag-latviesu","19":"tag-latviesu-valoda","20":"tag-latviesuvaloda","21":"tag-latvija","22":"tag-lv","23":"tag-news","24":"tag-popularakas-zinas","25":"tag-popularakaszinas","26":"tag-top-stories","27":"tag-topstories","28":"tag-zinas"},"share_on_mastodon":{"url":"https:\/\/pubeurope.com\/@lv\/115826373689653887","error":""},"_links":{"self":[{"href":"https:\/\/www.europesays.com\/lv\/wp-json\/wp\/v2\/posts\/92735","targetHints":{"allow":["GET"]}}],"collection":[{"href":"https:\/\/www.europesays.com\/lv\/wp-json\/wp\/v2\/posts"}],"about":[{"href":"https:\/\/www.europesays.com\/lv\/wp-json\/wp\/v2\/types\/post"}],"author":[{"embeddable":true,"href":"https:\/\/www.europesays.com\/lv\/wp-json\/wp\/v2\/users\/2"}],"replies":[{"embeddable":true,"href":"https:\/\/www.europesays.com\/lv\/wp-json\/wp\/v2\/comments?post=92735"}],"version-history":[{"count":0,"href":"https:\/\/www.europesays.com\/lv\/wp-json\/wp\/v2\/posts\/92735\/revisions"}],"wp:featuredmedia":[{"embeddable":true,"href":"https:\/\/www.europesays.com\/lv\/wp-json\/wp\/v2\/media\/92694"}],"wp:attachment":[{"href":"https:\/\/www.europesays.com\/lv\/wp-json\/wp\/v2\/media?parent=92735"}],"wp:term":[{"taxonomy":"category","embeddable":true,"href":"https:\/\/www.europesays.com\/lv\/wp-json\/wp\/v2\/categories?post=92735"},{"taxonomy":"post_tag","embeddable":true,"href":"https:\/\/www.europesays.com\/lv\/wp-json\/wp\/v2\/tags?post=92735"}],"curies":[{"name":"wp","href":"https:\/\/api.w.org\/{rel}","templated":true}]}}