{"id":92755,"date":"2026-01-02T16:43:08","date_gmt":"2026-01-02T16:43:08","guid":{"rendered":"https:\/\/www.europesays.com\/lv\/92755\/"},"modified":"2026-01-02T16:43:08","modified_gmt":"2026-01-02T16:43:08","slug":"amerikanu-kinoaktrise-andzelina-dzolija-apmeklejusi-egiptes-gazas-joslas-robezpunktu","status":"publish","type":"post","link":"https:\/\/www.europesays.com\/lv\/92755\/","title":{"rendered":"Amerik\u0101\u0146u kinoaktrise And\u017eel\u012bna D\u017eolija apmekl\u0113jusi \u0112\u0123iptes-Gazas joslas robe\u017epunktu"},"content":{"rendered":"<p>D\u017eoliju pavad\u012bja amerik\u0101\u0146u deleg\u0101cija un sveica amatpersonas.<\/p>\n<p>K\u0101 sac\u012bja aktrise, vi\u0146ai ir &#8220;liels gods&#8221; tikties ar pal\u012bdz\u012bbas misijas br\u012bvpr\u0101t\u012bgajiem.<\/p>\n<p>K\u0101ds Sarkan\u0101 Pusm\u0113ness br\u012bvpr\u0101t\u012bgais Oskara balvas laure\u0101tei past\u0101st\u012bja, ka pie robe\u017epunkta &#8220;gaida t\u016bksto\u0161iem pal\u012bdz\u012bbas kravas automa\u0161\u012bnu&#8221;.<\/p>\n<p>K\u0101 v\u0113sta viet\u0113jie mediji, aktrise un bijus\u012b ANO b\u0113g\u013cu a\u0123ent\u016bras \u012bpa\u0161\u0101 s\u016btne ieradusies viz\u012bt\u0113, lai iepaz\u012btos ar ievainoto palest\u012bnie\u0161u st\u0101vokli, kas ir p\u0101rvesti uz \u0112\u0123ipti, un lai iepaz\u012btos ar situ\u0101ciju ap Gazas joslas pal\u012bdz\u012bbas pieg\u0101d\u0113m.<\/p>\n<p>Saska\u0146\u0101 ar Gazas josl\u0101 kop\u0161 oktobra sp\u0113k\u0101 eso\u0161o pamieru Rafahas robe\u017epunkta darb\u012bba bija j\u0101ats\u0101k, ta\u010du tas joproj\u0101m ir sl\u0113gts.<\/p>\n<p>Piektdien kop\u012bg\u0101 pazi\u0146ojum\u0101 <a href=\"https:\/\/www.tvnet.lv\/term\/555451\/egipte\" class=\"topicLink\" target=\"_blank\" rel=\"nofollow noopener\">\u0112\u0123ipte<\/a> un v\u0113l se\u0161as valstis, ar\u012b Sa\u016bda Ar\u0101bija, &#8220;mudin\u0101ja starptautisko sabiedr\u012bbu v\u0113rst spiedienu uz Izra\u0113lu k\u0101 okup\u0101cijas varu, lai t\u0101 nekav\u0113joties atce\u013c ierobe\u017eojumus, kas attiecas uz svar\u012bg\u0101ko pre\u010du ieve\u0161anu un izplat\u012b\u0161anu&#8221; Gazas josl\u0101.<\/p>\n<p>Decembra s\u0101kum\u0101 Izra\u0113la pazi\u0146oja, ka Rafahas robe\u017epunkts tiks atv\u0113rts tikai tiem, kas v\u0113las Gazas joslu pamest.<\/p>\n<p>Kaira nekav\u0113joties noliedza, ka b\u016btu piekritusi \u0161im solim.<\/p>\n<p>D\u017eolija 2022. gada beig\u0101s atk\u0101p\u0101s no ANO b\u0113g\u013cu a\u0123ent\u016bras \u012bpa\u0161\u0101s s\u016btnes amata, sakot, ka v\u0113las str\u0101d\u0101t pie pla\u0161\u0101kiem hum\u0101n\u0101s pal\u012bdz\u012bbas centieniem.<\/p>\n","protected":false},"excerpt":{"rendered":"D\u017eoliju pavad\u012bja amerik\u0101\u0146u deleg\u0101cija un sveica amatpersonas. K\u0101 sac\u012bja aktrise, vi\u0146ai ir &#8220;liels gods&#8221; tikties ar pal\u012bdz\u012bbas misijas&hellip;\n","protected":false},"author":2,"featured_media":92756,"comment_status":"","ping_status":"","sticky":false,"template":"","format":"standard","meta":{"footnotes":""},"categories":[14],"tags":[23,1683,57,28,29,11476,32,33,1274,22,30,31,35,39,38,36,37,34,40,20,26,27,24,25,54,55,56,21,58],"class_list":{"0":"post-92755","1":"post","2":"type-post","3":"status-publish","4":"format-standard","5":"has-post-thumbnail","7":"category-zinas-no-arvalstim","8":"tag-aktualitates","9":"tag-andzelina-dzolija","10":"tag-arvalstim","11":"tag-breaking-news","12":"tag-breakingnews","13":"tag-egipte","14":"tag-featured-news","15":"tag-featurednews","16":"tag-gazas-josla","17":"tag-headlines","18":"tag-latest-news","19":"tag-latestnews","20":"tag-latvia","21":"tag-latvian","22":"tag-latviesu","23":"tag-latviesu-valoda","24":"tag-latviesuvaloda","25":"tag-latvija","26":"tag-lv","27":"tag-news","28":"tag-popularakas-zinas","29":"tag-popularakaszinas","30":"tag-top-stories","31":"tag-topstories","32":"tag-world","33":"tag-world-news","34":"tag-worldnews","35":"tag-zinas","36":"tag-zinas-no-arvalstim"},"share_on_mastodon":{"url":"https:\/\/pubeurope.com\/@lv\/115826511259677313","error":""},"_links":{"self":[{"href":"https:\/\/www.europesays.com\/lv\/wp-json\/wp\/v2\/posts\/92755","targetHints":{"allow":["GET"]}}],"collection":[{"href":"https:\/\/www.europesays.com\/lv\/wp-json\/wp\/v2\/posts"}],"about":[{"href":"https:\/\/www.europesays.com\/lv\/wp-json\/wp\/v2\/types\/post"}],"author":[{"embeddable":true,"href":"https:\/\/www.europesays.com\/lv\/wp-json\/wp\/v2\/users\/2"}],"replies":[{"embeddable":true,"href":"https:\/\/www.europesays.com\/lv\/wp-json\/wp\/v2\/comments?post=92755"}],"version-history":[{"count":0,"href":"https:\/\/www.europesays.com\/lv\/wp-json\/wp\/v2\/posts\/92755\/revisions"}],"wp:featuredmedia":[{"embeddable":true,"href":"https:\/\/www.europesays.com\/lv\/wp-json\/wp\/v2\/media\/92756"}],"wp:attachment":[{"href":"https:\/\/www.europesays.com\/lv\/wp-json\/wp\/v2\/media?parent=92755"}],"wp:term":[{"taxonomy":"category","embeddable":true,"href":"https:\/\/www.europesays.com\/lv\/wp-json\/wp\/v2\/categories?post=92755"},{"taxonomy":"post_tag","embeddable":true,"href":"https:\/\/www.europesays.com\/lv\/wp-json\/wp\/v2\/tags?post=92755"}],"curies":[{"name":"wp","href":"https:\/\/api.w.org\/{rel}","templated":true}]}}