{"id":92757,"date":"2026-01-02T16:45:15","date_gmt":"2026-01-02T16:45:15","guid":{"rendered":"https:\/\/www.europesays.com\/lv\/92757\/"},"modified":"2026-01-02T16:45:15","modified_gmt":"2026-01-02T16:45:15","slug":"krievija-gatavo-brunotu-provokaciju-ar-ieverojamiem-cilveku-upuriem-bridina-izlukdienests","status":"publish","type":"post","link":"https:\/\/www.europesays.com\/lv\/92757\/","title":{"rendered":"Krievija gatavo bru\u0146otu provok\u0101ciju ar iev\u0113rojamiem cilv\u0113ku upuriem, br\u012bdina izl\u016bkdienests"},"content":{"rendered":"<p>&#8220;Ukrainas \u0100r\u0113j\u0101s izl\u016bko\u0161anas dienests br\u012bdina par Krem\u013ca \u012bpa\u0161\u0101s oper\u0101cijas turpin\u0101\u0161anu, kuras m\u0113r\u0137is ir trauc\u0113t ASV starpniec\u012bbas vad\u012bt\u0101s miera sarunas. \u0160\u012b oper\u0101cija ir visaptvero\u0161a. P\u0113c t\u0101 saukt\u0101 &#8220;uzbrukuma Putina rezidencei&#8221; m\u0113s esam dokument\u0113ju\u0161i Krem\u013ca jaunas, sagroz\u012btas inform\u0101cijas izplat\u012b\u0161anu, lai sagatavotu Krievijas un \u0101rvalstu auditoriju t\u0101l\u0101kai eskal\u0101cijai,&#8221; teikts pazi\u0146ojum\u0101.<\/p>\n<p>A\u0123ent\u016bra ar &#8220;lielu varb\u016bt\u012bbu&#8221; prognoz\u0113 &#8220;p\u0101reju no manipulat\u012bvas ietekm\u0113\u0161anas uz bru\u0146otu provok\u0101ciju no Krievijas specdienestu puses ar iev\u0113rojamiem cilv\u0113ku upuriem&#8221;.<\/p>\n<p>&#8220;Paredzamais laiks ir Ziemassv\u0113tku priek\u0161vakars vai Ziemassv\u0113tku svin\u012bbu laik\u0101 saska\u0146\u0101 ar J\u016blija kalend\u0101ru. Provok\u0101cijas vieta var\u0113tu b\u016bt reli\u0123iska \u0113ka vai cita vieta ar augstu simbolisku noz\u012bmi gan Krievij\u0101, gan Ukrainas pagaidu okup\u0113taj\u0101s teritorij\u0101s,&#8221; zi\u0146oja izl\u016bkdienests.<\/p>\n<p>Tiek nor\u0101d\u012bts, ka, lai viltotu pier\u0101d\u012bjumus par Ukrainas iesaisti, krievi pl\u0101no izmantot Rietumos ra\u017eotu uzbrukuma bezpilota lidapar\u0101tu atl\u016bzas, kas tiks nog\u0101d\u0101tas provok\u0101cijas viet\u0101 no saskares l\u012bnijas.<\/p>\n<p>&#8220;Bai\u013cu izmanto\u0161ana un viltus teroristu uzbrukumu veik\u0161ana ar cilv\u0113ku upuriem piln\u012bb\u0101 atbilst Krievijas izl\u016bkdienestu darb\u012bbas stilam. Putina re\u017e\u012bms ir atk\u0101rtoti izmantojis \u0161o taktiku Krievijas iek\u0161ien\u0113, un tagad \u0161is pats modelis tiek eksport\u0113ts, ko netie\u0161i apstiprina augsta ranga Krievijas amatpersonu publiskie izteikumi,&#8221; atz\u012bm\u0113ja \u0100r\u0113j\u0101s izl\u016bko\u0161anas dienests.<\/p>\n","protected":false},"excerpt":{"rendered":"&#8220;Ukrainas \u0100r\u0113j\u0101s izl\u016bko\u0161anas dienests br\u012bdina par Krem\u013ca \u012bpa\u0161\u0101s oper\u0101cijas turpin\u0101\u0161anu, kuras m\u0113r\u0137is ir trauc\u0113t ASV starpniec\u012bbas vad\u012bt\u0101s miera&hellip;\n","protected":false},"author":2,"featured_media":92758,"comment_status":"","ping_status":"","sticky":false,"template":"","format":"standard","meta":{"footnotes":""},"categories":[5],"tags":[23,28,29,32,33,22,3131,234,74,30,31,35,39,38,36,37,34,40,20,26,27,24,25,276,21],"class_list":{"0":"post-92757","1":"post","2":"type-post","3":"status-publish","4":"format-standard","5":"has-post-thumbnail","7":"category-aktualitates","8":"tag-aktualitates","9":"tag-breaking-news","10":"tag-breakingnews","11":"tag-featured-news","12":"tag-featurednews","13":"tag-headlines","14":"tag-kars","15":"tag-krievija","16":"tag-krievijas-iebrukums-ukraina","17":"tag-latest-news","18":"tag-latestnews","19":"tag-latvia","20":"tag-latvian","21":"tag-latviesu","22":"tag-latviesu-valoda","23":"tag-latviesuvaloda","24":"tag-latvija","25":"tag-lv","26":"tag-news","27":"tag-popularakas-zinas","28":"tag-popularakaszinas","29":"tag-top-stories","30":"tag-topstories","31":"tag-ukraina","32":"tag-zinas"},"share_on_mastodon":{"url":"https:\/\/pubeurope.com\/@lv\/115826519086670898","error":""},"_links":{"self":[{"href":"https:\/\/www.europesays.com\/lv\/wp-json\/wp\/v2\/posts\/92757","targetHints":{"allow":["GET"]}}],"collection":[{"href":"https:\/\/www.europesays.com\/lv\/wp-json\/wp\/v2\/posts"}],"about":[{"href":"https:\/\/www.europesays.com\/lv\/wp-json\/wp\/v2\/types\/post"}],"author":[{"embeddable":true,"href":"https:\/\/www.europesays.com\/lv\/wp-json\/wp\/v2\/users\/2"}],"replies":[{"embeddable":true,"href":"https:\/\/www.europesays.com\/lv\/wp-json\/wp\/v2\/comments?post=92757"}],"version-history":[{"count":0,"href":"https:\/\/www.europesays.com\/lv\/wp-json\/wp\/v2\/posts\/92757\/revisions"}],"wp:featuredmedia":[{"embeddable":true,"href":"https:\/\/www.europesays.com\/lv\/wp-json\/wp\/v2\/media\/92758"}],"wp:attachment":[{"href":"https:\/\/www.europesays.com\/lv\/wp-json\/wp\/v2\/media?parent=92757"}],"wp:term":[{"taxonomy":"category","embeddable":true,"href":"https:\/\/www.europesays.com\/lv\/wp-json\/wp\/v2\/categories?post=92757"},{"taxonomy":"post_tag","embeddable":true,"href":"https:\/\/www.europesays.com\/lv\/wp-json\/wp\/v2\/tags?post=92757"}],"curies":[{"name":"wp","href":"https:\/\/api.w.org\/{rel}","templated":true}]}}