{"id":92785,"date":"2026-01-02T17:21:14","date_gmt":"2026-01-02T17:21:14","guid":{"rendered":"https:\/\/www.europesays.com\/lv\/92785\/"},"modified":"2026-01-02T17:21:14","modified_gmt":"2026-01-02T17:21:14","slug":"73-negadijumi-cetri-cietusie-tris-gajeji-lente-lv","status":"publish","type":"post","link":"https:\/\/www.europesays.com\/lv\/92785\/","title":{"rendered":"73 negad\u012bjumi, \u010detri cietu\u0161ie, tr\u012bs g\u0101j\u0113ji\u00a0\u2014\u00a0Lente.lv"},"content":{"rendered":"<p>Nelaimes gad\u012bjumu statistika gada pirmaj\u0101 dien\u0101<\/p>\n<p>\u0160\u012b gada 1. janv\u0101r\u012b Latvijas ce\u013cos re\u0123istr\u0113ti 73 ce\u013cu satiksmes negad\u012bjumi, kuros kopum\u0101 cietu\u0161i \u010detri cilv\u0113ki. K\u0101 zi\u0146o telekan\u0101ls TV3, \u012bpa\u0161i satrauco\u0161i ir fakti, ka no cietu\u0161ajiem tr\u012bs ir g\u0101j\u0113ji, kas uzsver nepiecie\u0161am\u012bbu p\u0113c pastiprin\u0101tas uzman\u012bbas un piesardz\u012bbas gan autovad\u012bt\u0101ju, gan g\u0101j\u0113ju vid\u016b. Valsts policijas apkopot\u0101 statistika liecina, ka negad\u012bjumi notiku\u0161i vis\u0101 Latvijas teritorij\u0101.<\/p>\n<p>Negad\u012bjumu sadal\u012bjums pa re\u0123ioniem<\/p>\n<p>Detaliz\u0113t\u0101ka statistika atkl\u0101j, ka visvair\u0101k ce\u013cu satiksmes negad\u012bjumu \u2013 40 \u2013 tika re\u0123istr\u0113ti R\u012bgas re\u0123ion\u0101. Savuk\u0101rt citos Latvijas re\u0123ionos negad\u012bjumu skaits bija iev\u0113rojami maz\u0101ks: Zemgal\u0113 tika fiks\u0113ti se\u0161i negad\u012bjumi, Latgal\u0113 \u2013 15, Vidzem\u0113 \u2013 pieci, bet Kurzem\u0113 \u2013 septi\u0146i. R\u012bgas re\u0123ion\u0101 negad\u012bjumos cieta viens cilv\u0113ks, kam\u0113r Kurzem\u0113 \u2013 ar\u012b viens. Zemgal\u0113 ce\u013cu satiksmes negad\u012bjumos cietu\u0161i divi g\u0101j\u0113ji, kas pastiprina ba\u017eas par dro\u0161\u012bbu \u0161aj\u0101 re\u0123ion\u0101.<\/p>\n<p>Valsts policijas uzraudz\u012bba un aicin\u0101jumi<\/p>\n<p>Valsts policija inform\u0113, ka gada pirmaj\u0101 dien\u0101 \u012bpa\u0161a uzman\u012bba tika piev\u0113rsta satiksmes dro\u0161\u012bbai. Lai gan kop\u0113jais negad\u012bjumu skaits nav uzskat\u0101ms par dramatisku, katrs cietu\u0161ais ir noz\u012bm\u012bgs un liecina par nepiecie\u0161am\u012bbu pastiprin\u0101t prevent\u012bvos pas\u0101kumus. Policija turpina uzraudz\u012bt satiksmi, \u012bpa\u0161u v\u0113r\u012bbu piev\u0113r\u0161ot autovad\u012bt\u0101jiem, kuri pie st\u016bres s\u0113\u017eas alkohola vai citu apreibino\u0161u vielu ietekm\u0113. Tiek uzsv\u0113rts, ka sv\u0113tku periodos, kad satiksmes intensit\u0101te var pieaugt un cilv\u0113ki var b\u016bt maz\u0101k v\u0113r\u012bgi, risks palielin\u0101s.<\/p>\n<p>Ce\u013cu st\u0101voklis un laikapst\u0101k\u013cu ietekme<\/p>\n<p>Lai gan prec\u012bzi 1. janv\u0101ra negad\u012bjumu c\u0113lo\u0146i nav publiskoti, ziemas period\u0101 Latvijas ce\u013cu st\u0101voklis bie\u017ei vien ir sare\u017e\u0123\u012bts. Snig\u0161ana, putenis un apledojums rada papildu izaicin\u0101jumus visiem satiksmes dal\u012bbniekiem. Uz\u0146\u0113mums \u201cLatvijas Valsts ce\u013ci\u201d inform\u0113 par nep\u0101rtrauktiem ce\u013cu uztur\u0113\u0161anas darbiem, ta\u010du autovad\u012bt\u0101ji tiek stingri aicin\u0101ti r\u0113\u0137in\u0101ties ar laikapst\u0101k\u013cu rad\u012btajiem apgr\u016btin\u0101jumiem. Tas noz\u012bm\u0113 pl\u0101not braucienus laic\u012bgi, atv\u0113l\u0113t papildu laiku un izv\u0113l\u0113ties brauk\u0161anas \u0101trumu, kas atbilst konkr\u0113t\u0101 ce\u013ca seguma st\u0101voklim. Ar\u012b Ce\u013cu satiksmes dro\u0161\u012bbas direkcija (CSDD) ir iepriek\u0161 br\u012bdin\u0101jusi par pastiprin\u0101tu uzman\u012bbu sv\u0113tku br\u012bvdien\u0101s, nor\u0101dot, ka \u0161\u0101dos periodos bie\u017e\u0101k tiek p\u0101rk\u0101pti satiksmes noteikumi, piem\u0113ram, p\u0101rsniegts at\u013cautais \u0101trums.<\/p>\n<p>Visp\u0101r\u0113j\u0101 satiksmes dro\u0161\u012bbas situ\u0101cija<\/p>\n<p>Kopum\u0101 Valsts policija gada mijas periodu raksturo k\u0101 saspringtu. Lai gan \u0161ogad nav zi\u0146u par tra\u0123iskiem zaud\u0113jumiem 1. janv\u0101r\u012b, kop\u0113j\u0101 statistika par ce\u013cu satiksmes dro\u0161\u012bbu Latvij\u0101 joproj\u0101m prasa pastiprin\u0101tu uzman\u012bbu. Aicin\u0101jums visiem satiksmes dal\u012bbniekiem ir b\u016bt maksim\u0101li atbild\u012bgiem un iev\u0113rot satiksmes noteikumus, lai nodro\u0161in\u0101tu gan savu, gan citu dro\u0161\u012bbu.<\/p>\n","protected":false},"excerpt":{"rendered":"Nelaimes gad\u012bjumu statistika gada pirmaj\u0101 dien\u0101 \u0160\u012b gada 1. janv\u0101r\u012b Latvijas ce\u013cos re\u0123istr\u0113ti 73 ce\u013cu satiksmes negad\u012bjumi, kuros&hellip;\n","protected":false},"author":2,"featured_media":92786,"comment_status":"","ping_status":"","sticky":false,"template":"","format":"standard","meta":{"footnotes":""},"categories":[5],"tags":[23,28,29,119,32,33,2670,22,30,31,35,39,38,36,37,34,11445,40,20,26,27,1528,24,25,138,21],"class_list":{"0":"post-92785","1":"post","2":"type-post","3":"status-publish","4":"format-standard","5":"has-post-thumbnail","7":"category-aktualitates","8":"tag-aktualitates","9":"tag-breaking-news","10":"tag-breakingnews","11":"tag-celu-satiksmes-negadijumi","12":"tag-featured-news","13":"tag-featurednews","14":"tag-gajeji","15":"tag-headlines","16":"tag-latest-news","17":"tag-latestnews","18":"tag-latvia","19":"tag-latvian","20":"tag-latviesu","21":"tag-latviesu-valoda","22":"tag-latviesuvaloda","23":"tag-latvija","24":"tag-latvijas-celi","25":"tag-lv","26":"tag-news","27":"tag-popularakas-zinas","28":"tag-popularakaszinas","29":"tag-satiksmes-drosiba","30":"tag-top-stories","31":"tag-topstories","32":"tag-valsts-policija","33":"tag-zinas"},"share_on_mastodon":{"url":"https:\/\/pubeurope.com\/@lv\/115826660671359426","error":""},"_links":{"self":[{"href":"https:\/\/www.europesays.com\/lv\/wp-json\/wp\/v2\/posts\/92785","targetHints":{"allow":["GET"]}}],"collection":[{"href":"https:\/\/www.europesays.com\/lv\/wp-json\/wp\/v2\/posts"}],"about":[{"href":"https:\/\/www.europesays.com\/lv\/wp-json\/wp\/v2\/types\/post"}],"author":[{"embeddable":true,"href":"https:\/\/www.europesays.com\/lv\/wp-json\/wp\/v2\/users\/2"}],"replies":[{"embeddable":true,"href":"https:\/\/www.europesays.com\/lv\/wp-json\/wp\/v2\/comments?post=92785"}],"version-history":[{"count":0,"href":"https:\/\/www.europesays.com\/lv\/wp-json\/wp\/v2\/posts\/92785\/revisions"}],"wp:featuredmedia":[{"embeddable":true,"href":"https:\/\/www.europesays.com\/lv\/wp-json\/wp\/v2\/media\/92786"}],"wp:attachment":[{"href":"https:\/\/www.europesays.com\/lv\/wp-json\/wp\/v2\/media?parent=92785"}],"wp:term":[{"taxonomy":"category","embeddable":true,"href":"https:\/\/www.europesays.com\/lv\/wp-json\/wp\/v2\/categories?post=92785"},{"taxonomy":"post_tag","embeddable":true,"href":"https:\/\/www.europesays.com\/lv\/wp-json\/wp\/v2\/tags?post=92785"}],"curies":[{"name":"wp","href":"https:\/\/api.w.org\/{rel}","templated":true}]}}