{"id":92817,"date":"2026-01-02T17:50:05","date_gmt":"2026-01-02T17:50:05","guid":{"rendered":"https:\/\/www.europesays.com\/lv\/92817\/"},"modified":"2026-01-02T17:50:05","modified_gmt":"2026-01-02T17:50:05","slug":"riga-bauskas-iela-pec-gazes-spradziena-sagruvusi-daudzdzivoklu-nama-augsejie-stavi-gajis-boja-viens-cilveks-lsm","status":"publish","type":"post","link":"https:\/\/www.europesays.com\/lv\/92817\/","title":{"rendered":"R\u012bg\u0101, Bauskas iel\u0101, p\u0113c g\u0101zes spr\u0101dziena sagruvu\u0161i daudzdz\u012bvok\u013cu nama aug\u0161\u0113jie st\u0101vi; g\u0101jis boj\u0101 viens cilv\u0113ks &#8211; LSM"},"content":{"rendered":"<ol>\n<li><a href=\"https:\/\/news.google.com\/rss\/articles\/CBMi-wFBVV95cUxNbFc3cng1dHZ3Qms0azhhZzZNM3dlWlJVREtUV2pxZnRiemlxckgyWHhQQl9PcEhmY0g4M2JhcjBHdkFDTDJvektNUndGQzVZMmtPZ2lKNDAyeE5TOFBYaFVsM0VqOVRnRzg4anJmN19QWmMwdWJtUHRZUHEyeEs4VDBQYkZSMXFKeWVaTWpLQWVpVEcyam5KV2FpRUlhY3pBZTRNalFqQ1NEM25ZREN6OU1NaDMtbTVHYko5UV9NUzdNOE9WdG0yd056YmxpUVRNaWJNV2pRUGdZZXJQTmpuRVN3OUV6UW1wR1NPay1SSF9aWkd3YjdKYjNscw?oc=5\" target=\"_blank\" rel=\"nofollow noopener\">R\u012bg\u0101, Bauskas iel\u0101, p\u0113c g\u0101zes spr\u0101dziena sagruvu\u0161i daudzdz\u012bvok\u013cu nama aug\u0161\u0113jie st\u0101vi; g\u0101jis boj\u0101 viens cilv\u0113ks<\/a>&nbsp;&nbsp;LSM<\/li>\n<li><a href=\"https:\/\/news.google.com\/rss\/articles\/CBMipgFBVV95cUxNTVQxUzZCSGNiTzNsenZDd09OYzNhUEI4bDF3VnZ3YnBnSVdmeDZMVDZPVVhhc1NNNnRYcW9SMzRZT1pXQ2xSdmN0bjRQcF9KZ19FSFM1aklpemxIY2FNNy1qa0U3ZndQc0UxaXJPWHYtYjFuVnpMX2NUcEpYMFdaeVpJS3J1WVhRT3NsZko4LVhjUDFGcklhQlhJMmpuVFJuMkliVFdR?oc=5\" target=\"_blank\" rel=\"nofollow noopener\">G\u0101zes spr\u0101dzien\u0101 Tor\u0146akaln\u0101 boj\u0101g\u0101ju\u0161ais ir &#8220;Gaso&#8221; darbinieks<\/a>&nbsp;&nbsp;Delfi<\/li>\n<li><a href=\"https:\/\/news.google.com\/rss\/articles\/CBMi0wFBVV95cUxPSVJibHdTV0Q0anNkZVpPLUFxeVRCUVRRb3ZJN2VUMEsyQWlXNjQyXzhtUTJMYXUwMnVmSWV3NjE4WXR1RVFQMHdES2twWEpkTUxxUkpMbmRIamZraUNzWVN0d0FURGM4ZXd1N3FhSWFBVFZJQWtKMDVnUGxYYTZtaW00cHpTNnIwcXF0U1FDU1V4UzBSTkFUSXpYaUJxY2ZtdEpXRXdsdDNZZHpzUU9PNGRuQ3ZKU0F2MVpFWWJtc1FGbjlFTHpEUlhtUG85R0lBMGpn?oc=5\" target=\"_blank\" rel=\"nofollow noopener\">VIDEO Tor\u0146akaln\u0101 p\u0113c spr\u0101dziena da\u013c\u0113ji iebrucis daudzdz\u012bvok\u013cu \u0113kas aug\u0161\u0113jais st\u0101vs. Viens cilv\u0113ks g\u0101jis boj\u0101<\/a>&nbsp;&nbsp;Apollo.lv<\/li>\n<li><a href=\"https:\/\/news.google.com\/rss\/articles\/CBMivgFBVV95cUxQVGJGRHhHRVVHbFExZFR5bGFuNjd6UHVaU3RFbzZkV013OFhvWlNucDduMFkyYU0zWGs4ZmdxM0RDcWtWZDBibHZRcDFSN3hYeFlocy1ISWtWRFcteno0bF9CTzJrQmhyeFFqWDJqejB0OWdZY2tZZUIwUndWRUtvczhCb19kRklnd0JDWm03dE84dnNpX01ybzNtSndiUU5pN2prR29EQUlSTDd5TVNDZnJKSHl1VmhUeWY3R3Fn?oc=5\" target=\"_blank\" rel=\"nofollow noopener\">\u201cK\u0101ds visp\u0101r izdz\u012bvoja?\u201d Tor\u0146akalnie\u0161i satraukti par spr\u0101dzienu Bauskas iel\u0101, dal\u0101s redz\u0113taj\u0101 un dzird\u0113taj\u0101<\/a>&nbsp;&nbsp;LA.LV<\/li>\n<li><a href=\"https:\/\/news.google.com\/rss\/articles\/CBMiogFBVV95cUxNZDVPX1A5aWpJLXhKajZoUHUyVTJISEl5bnZzY080V19JWVBoZjNULUlHSzhZem81eC10c1hWWGdmZjlpaXMtNVNYSUxyeVhRTmlGdENqMUJPVUx0RUNqSExjTjNnQllGUW1UUUdQYWRqNFVQdXlUdkFnWUdnbDQyTzl2NndDeEpkU3V4OXk0cERyWXdvb2xDVXZiUWt5azMxOEE?oc=5\" target=\"_blank\" rel=\"nofollow noopener\">R\u012bg\u0101, daudzst\u0101vu \u0113k\u0101 Bauskas iel\u0101 nograndis spr\u0101dziens un iegruvis jumts<\/a>&nbsp;&nbsp;TVNET<\/li>\n<\/ol>\n","protected":false},"excerpt":{"rendered":"R\u012bg\u0101, Bauskas iel\u0101, p\u0113c g\u0101zes spr\u0101dziena sagruvu\u0161i daudzdz\u012bvok\u013cu nama aug\u0161\u0113jie st\u0101vi; g\u0101jis boj\u0101 viens cilv\u0113ks&nbsp;&nbsp;LSM G\u0101zes spr\u0101dzien\u0101 Tor\u0146akaln\u0101&hellip;\n","protected":false},"author":2,"featured_media":80292,"comment_status":"","ping_status":"","sticky":false,"template":"","format":"standard","meta":{"footnotes":""},"categories":[12],"tags":[23,28,29,32,33,22,30,31,35,39,38,36,37,34,40,20,26,27,24,25,21],"class_list":{"0":"post-92817","1":"post","2":"type-post","3":"status-publish","4":"format-standard","5":"has-post-thumbnail","7":"category-latvija","8":"tag-aktualitates","9":"tag-breaking-news","10":"tag-breakingnews","11":"tag-featured-news","12":"tag-featurednews","13":"tag-headlines","14":"tag-latest-news","15":"tag-latestnews","16":"tag-latvia","17":"tag-latvian","18":"tag-latviesu","19":"tag-latviesu-valoda","20":"tag-latviesuvaloda","21":"tag-latvija","22":"tag-lv","23":"tag-news","24":"tag-popularakas-zinas","25":"tag-popularakaszinas","26":"tag-top-stories","27":"tag-topstories","28":"tag-zinas"},"share_on_mastodon":{"url":"https:\/\/pubeurope.com\/@lv\/115826774821044585","error":""},"_links":{"self":[{"href":"https:\/\/www.europesays.com\/lv\/wp-json\/wp\/v2\/posts\/92817","targetHints":{"allow":["GET"]}}],"collection":[{"href":"https:\/\/www.europesays.com\/lv\/wp-json\/wp\/v2\/posts"}],"about":[{"href":"https:\/\/www.europesays.com\/lv\/wp-json\/wp\/v2\/types\/post"}],"author":[{"embeddable":true,"href":"https:\/\/www.europesays.com\/lv\/wp-json\/wp\/v2\/users\/2"}],"replies":[{"embeddable":true,"href":"https:\/\/www.europesays.com\/lv\/wp-json\/wp\/v2\/comments?post=92817"}],"version-history":[{"count":0,"href":"https:\/\/www.europesays.com\/lv\/wp-json\/wp\/v2\/posts\/92817\/revisions"}],"wp:featuredmedia":[{"embeddable":true,"href":"https:\/\/www.europesays.com\/lv\/wp-json\/wp\/v2\/media\/80292"}],"wp:attachment":[{"href":"https:\/\/www.europesays.com\/lv\/wp-json\/wp\/v2\/media?parent=92817"}],"wp:term":[{"taxonomy":"category","embeddable":true,"href":"https:\/\/www.europesays.com\/lv\/wp-json\/wp\/v2\/categories?post=92817"},{"taxonomy":"post_tag","embeddable":true,"href":"https:\/\/www.europesays.com\/lv\/wp-json\/wp\/v2\/tags?post=92817"}],"curies":[{"name":"wp","href":"https:\/\/api.w.org\/{rel}","templated":true}]}}