{"id":92818,"date":"2026-01-02T17:51:27","date_gmt":"2026-01-02T17:51:27","guid":{"rendered":"https:\/\/www.europesays.com\/lv\/92818\/"},"modified":"2026-01-02T17:51:27","modified_gmt":"2026-01-02T17:51:27","slug":"putina-jaungada-apsveikums-bijis-pilns-ar-maksliga-intelekta-kludam","status":"publish","type":"post","link":"https:\/\/www.europesays.com\/lv\/92818\/","title":{"rendered":"Putina Jaungada apsveikums bijis pilns ar m\u0101ksl\u012bg\u0101 intelekta k\u013c\u016bd\u0101m"},"content":{"rendered":"<p class=\"descr\">Krievijas propaganda nesen ir s\u0101kusi akt\u012bvi izmantot m\u0101ksl\u012bgo intelektu, lai rad\u012btu da\u017e\u0101dus viltojumus par Ukrainu.<\/p>\n<p>Krievijas diktatora Vladimira Putina Jaungada apsveikums <a href=\"https:\/\/nra.lv\/birka\/krievijas-pilsoni\/\" target=\"_blank\" rel=\"noopener nofollow\">Krievijas pilso\u0146iem<\/a>, iesp\u0113jams, ir \u0123ener\u0113ts, izmantojot m\u0101ksl\u012bgo intelektu. \u0160\u012b iesp\u0113jam\u012bba pa\u0161laik tiek akt\u012bvi apspriesta soci\u0101lajos t\u012bklos un zi\u0146ojumapmai\u0146as lietotn\u0113s, v\u0113sta Dialog.UA.<\/p>\n<p>Interneta lietot\u0101ji nor\u0101da, ka sav\u0101 <a href=\"https:\/\/nra.lv\/birka\/jaungada-uzruna\/\" target=\"_blank\" rel=\"noopener nofollow\">Jaungada uzrun\u0101<\/a> krieviem 2025. gada 31. decembr\u012b Putins pirmo reizi daudzu gadu laik\u0101 neteica, ka &#8220;gads bija gr\u016bts&#8221;. Turkl\u0101t Krem\u013ca video izce\u013c Krievijas diktatora neparasto izskatu &#8211; vi\u0146a m\u0113te\u013ca piedurknes \u0161\u0137iet tuk\u0161as, un Putina galva, \u0161\u0137iet, kustas atsevi\u0161\u0137i no \u0137erme\u0146a.<\/p>\n<p>Tas viss kop\u0101 ar vair\u0101k\u0101m cit\u0101m nor\u0101d\u0113m ir licis daudziem soci\u0101lo t\u012bklu un zi\u0146ojumapmai\u0146as lietot\u0146u lietot\u0101jiem uzskat\u012bt, ka <a href=\"https:\/\/nra.lv\/birka\/vladimirs-putins\/\" target=\"_blank\" rel=\"noopener nofollow\">Putina<\/a> Jaungada apsveikums ir rad\u012bts, izmantojot m\u0101ksl\u012bgo intelektu. Daudzi krievi tam piekr\u012bt.<\/p>\n<blockquote class=\"twitter-tweet\" data-media-max-width=\"560\">\n<p lang=\"en\" dir=\"ltr\">Putin in his address wished \ufffd\ufffd prosperity, happiness &amp; &#8220;love that inspires,&#8221; calling \ufffd\ufffd one big &amp; strong family.<br \/>Separately, Putin addressed SMO fighters: &#8220;You\u2019ve taken on the responsibility of fighting for your native land, for truth &amp; justice. We believe in you &amp; your victory.&#8221; <a href=\"https:\/\/t.co\/YEFkucXUq4\" rel=\"nofollow\">pic.twitter.com\/YEFkucXUq4<\/a><\/p>\n<p>\u2014 Roberto (@UniqueMongolia) <a href=\"https:\/\/twitter.com\/UniqueMongolia\/status\/2006595830237806617?ref_src=twsrc%5Etfw\" rel=\"nofollow noopener\" target=\"_blank\">January 1, 2026<\/a><\/p><\/blockquote>\n<p>\t\t\t\t\t\tinfo<\/p>\n<p>Uzzini pirmais<br \/>kas interesants noticis Latvij\u0101 un pasaul\u0113,<br \/>pievienojoties mums <a href=\"https:\/\/t.me\/neatkariga\" rel=\"nofollow\">Telegram<\/a> vai <a href=\"https:\/\/whatsapp.com\/channel\/0029VaMLFUH5K3zLU5s4wm3y\" rel=\"nofollow noopener\" target=\"_blank\">Whatsapp<\/a> kan\u0101l\u0101<\/p>\n<p>\t\t\t\t\t\t\t\t\t<script async src=\"https:\/\/platform.twitter.com\/widgets.js\" charset=\"utf-8\"><\/script><\/p>\n","protected":false},"excerpt":{"rendered":"Krievijas propaganda nesen ir s\u0101kusi akt\u012bvi izmantot m\u0101ksl\u012bgo intelektu, lai rad\u012btu da\u017e\u0101dus viltojumus par Ukrainu. Krievijas diktatora Vladimira&hellip;\n","protected":false},"author":2,"featured_media":92819,"comment_status":"","ping_status":"","sticky":false,"template":"","format":"standard","meta":{"footnotes":""},"categories":[5],"tags":[23,28,29,32,33,22,30,31,35,39,38,36,37,34,40,20,26,27,24,25,21],"class_list":{"0":"post-92818","1":"post","2":"type-post","3":"status-publish","4":"format-standard","5":"has-post-thumbnail","7":"category-aktualitates","8":"tag-aktualitates","9":"tag-breaking-news","10":"tag-breakingnews","11":"tag-featured-news","12":"tag-featurednews","13":"tag-headlines","14":"tag-latest-news","15":"tag-latestnews","16":"tag-latvia","17":"tag-latvian","18":"tag-latviesu","19":"tag-latviesu-valoda","20":"tag-latviesuvaloda","21":"tag-latvija","22":"tag-lv","23":"tag-news","24":"tag-popularakas-zinas","25":"tag-popularakaszinas","26":"tag-top-stories","27":"tag-topstories","28":"tag-zinas"},"share_on_mastodon":{"url":"https:\/\/pubeurope.com\/@lv\/115826778654643606","error":""},"_links":{"self":[{"href":"https:\/\/www.europesays.com\/lv\/wp-json\/wp\/v2\/posts\/92818","targetHints":{"allow":["GET"]}}],"collection":[{"href":"https:\/\/www.europesays.com\/lv\/wp-json\/wp\/v2\/posts"}],"about":[{"href":"https:\/\/www.europesays.com\/lv\/wp-json\/wp\/v2\/types\/post"}],"author":[{"embeddable":true,"href":"https:\/\/www.europesays.com\/lv\/wp-json\/wp\/v2\/users\/2"}],"replies":[{"embeddable":true,"href":"https:\/\/www.europesays.com\/lv\/wp-json\/wp\/v2\/comments?post=92818"}],"version-history":[{"count":0,"href":"https:\/\/www.europesays.com\/lv\/wp-json\/wp\/v2\/posts\/92818\/revisions"}],"wp:featuredmedia":[{"embeddable":true,"href":"https:\/\/www.europesays.com\/lv\/wp-json\/wp\/v2\/media\/92819"}],"wp:attachment":[{"href":"https:\/\/www.europesays.com\/lv\/wp-json\/wp\/v2\/media?parent=92818"}],"wp:term":[{"taxonomy":"category","embeddable":true,"href":"https:\/\/www.europesays.com\/lv\/wp-json\/wp\/v2\/categories?post=92818"},{"taxonomy":"post_tag","embeddable":true,"href":"https:\/\/www.europesays.com\/lv\/wp-json\/wp\/v2\/tags?post=92818"}],"curies":[{"name":"wp","href":"https:\/\/api.w.org\/{rel}","templated":true}]}}