{"id":92821,"date":"2026-01-02T17:56:05","date_gmt":"2026-01-02T17:56:05","guid":{"rendered":"https:\/\/www.europesays.com\/lv\/92821\/"},"modified":"2026-01-02T17:56:05","modified_gmt":"2026-01-02T17:56:05","slug":"bulgarija-oficiali-pievienojas-eirozonai-ka-21-dalibvalsts-lente-lv","status":"publish","type":"post","link":"https:\/\/www.europesays.com\/lv\/92821\/","title":{"rendered":"Bulg\u0101rija ofici\u0101li pievienojas eirozonai k\u0101 21. dal\u012bbvalsts\u00a0\u2014\u00a0Lente.lv"},"content":{"rendered":"<p>Jauns s\u0101kums eirozon\u0101<\/p>\n<p>\u0160odien, 1. janv\u0101r\u012b, Bulg\u0101rija ofici\u0101li pievienojusies eirozonai, k\u013c\u016bstot par 21. dal\u012bbvalsti, kas izmanto vienoto Eiropas Savien\u012bbas val\u016btu. \u0160is v\u0113sturiskais solis nosl\u0113dz Bulg\u0101rijas ilggad\u0113jo ce\u013cu uz dzi\u013c\u0101ku integr\u0101ciju Eiropas ekonomiskaj\u0101 un politiskaj\u0101 telp\u0101, kop\u0161 valsts pievienoj\u0101s ES 2007. gad\u0101. Ofici\u0101lais mai\u0146as kurss ir noteikts 1,95583 Bulg\u0101rijas levas par vienu eiro.<\/p>\n<p>Ce\u013c\u0161 uz eiro: izaicin\u0101jumi un apstiprin\u0101jums<\/p>\n<p>Lai gan Bulg\u0101rija s\u0101kotn\u0113ji cer\u0113ja ieviest eiro jau 2024. gad\u0101, augst\u0101s infl\u0101cijas d\u0113\u013c tas tika atlikts. P\u0113c r\u016bp\u012bgas izv\u0113rt\u0113\u0161anas Eiropas Komisija un Eiropas Centr\u0101l\u0101 banka ir apstiprin\u0101ju\u0161as, ka valsts izpild\u012bjusi visus nepiecie\u0161amos konver\u0123ences krit\u0113rijus. \u0160o l\u0113mumu gal\u012bgi apstiprin\u0101ju\u0161i ES finan\u0161u ministri.<\/p>\n<p>Ieguvumi un sabiedr\u012bbas ba\u017eas<\/p>\n<p>Pievieno\u0161an\u0101s eirozonai tiek prognoz\u0113ta k\u0101 noz\u012bm\u012bgs impulss Bulg\u0101rijas ekonomikai, veicinot invest\u012bcijas, nodarbin\u0101t\u012bbu un tirdzniec\u012bbu. Tas ar\u012b palielin\u0101s valsts uzticam\u012bbu finan\u0161u tirgos. Tom\u0113r da\u013ca Bulg\u0101rijas sabiedr\u012bbas izsaka ba\u017eas par iesp\u0113jamu cenu k\u0101pumu un infl\u0101ciju, kas atspogu\u013co l\u012bdz\u012bgas ba\u017eas, k\u0101das bija Latvij\u0101 pirms eiro ievie\u0161anas. Politisk\u0101 nestabilit\u0101te valst\u012b ir pievienojusi papildu nenoteikt\u012bbas faktoru.<\/p>\n<p>Praktiskie aspekti un n\u0101kotnes perspekt\u012bvas<\/p>\n<p>Nacion\u0101l\u0101 val\u016bta Bulg\u0101rijas leva, kas bija apgroz\u012bb\u0101 kop\u0161 19. gadsimta beig\u0101m, tagad ir v\u0113sture. Lai nodro\u0161in\u0101tu raitu p\u0101reju, cenu dubult\u0101 nor\u0101d\u012b\u0161ana eiro un lev\u0101s tika nodro\u0161in\u0101ta noteiktu laika periodu, un leva tiks pie\u0146emta mai\u0146ai v\u0113l se\u0161us m\u0113ne\u0161us komercbank\u0101s. Bulg\u0101rijas pievieno\u0161an\u0101s eirozonai ir svar\u012bgs solis, kas stiprina eiro k\u0101 glob\u0101lu val\u016btu un Eiropas vienot\u012bbu.<\/p>\n","protected":false},"excerpt":{"rendered":"Jauns s\u0101kums eirozon\u0101 \u0160odien, 1. janv\u0101r\u012b, Bulg\u0101rija ofici\u0101li pievienojusies eirozonai, k\u013c\u016bstot par 21. dal\u012bbvalsti, kas izmanto vienoto Eiropas&hellip;\n","protected":false},"author":2,"featured_media":92822,"comment_status":"","ping_status":"","sticky":false,"template":"","format":"standard","meta":{"footnotes":""},"categories":[14],"tags":[23,57,28,29,3567,16028,552,47,32,33,22,30,31,35,39,38,36,37,34,40,20,26,27,24,25,54,55,56,21,58],"class_list":{"0":"post-92821","1":"post","2":"type-post","3":"status-publish","4":"format-standard","5":"has-post-thumbnail","7":"category-zinas-no-arvalstim","8":"tag-aktualitates","9":"tag-arvalstim","10":"tag-breaking-news","11":"tag-breakingnews","12":"tag-bulgarija","13":"tag-eiro","14":"tag-eirozona","15":"tag-ekonomika","16":"tag-featured-news","17":"tag-featurednews","18":"tag-headlines","19":"tag-latest-news","20":"tag-latestnews","21":"tag-latvia","22":"tag-latvian","23":"tag-latviesu","24":"tag-latviesu-valoda","25":"tag-latviesuvaloda","26":"tag-latvija","27":"tag-lv","28":"tag-news","29":"tag-popularakas-zinas","30":"tag-popularakaszinas","31":"tag-top-stories","32":"tag-topstories","33":"tag-world","34":"tag-world-news","35":"tag-worldnews","36":"tag-zinas","37":"tag-zinas-no-arvalstim"},"share_on_mastodon":{"url":"https:\/\/pubeurope.com\/@lv\/115826798367207805","error":""},"_links":{"self":[{"href":"https:\/\/www.europesays.com\/lv\/wp-json\/wp\/v2\/posts\/92821","targetHints":{"allow":["GET"]}}],"collection":[{"href":"https:\/\/www.europesays.com\/lv\/wp-json\/wp\/v2\/posts"}],"about":[{"href":"https:\/\/www.europesays.com\/lv\/wp-json\/wp\/v2\/types\/post"}],"author":[{"embeddable":true,"href":"https:\/\/www.europesays.com\/lv\/wp-json\/wp\/v2\/users\/2"}],"replies":[{"embeddable":true,"href":"https:\/\/www.europesays.com\/lv\/wp-json\/wp\/v2\/comments?post=92821"}],"version-history":[{"count":0,"href":"https:\/\/www.europesays.com\/lv\/wp-json\/wp\/v2\/posts\/92821\/revisions"}],"wp:featuredmedia":[{"embeddable":true,"href":"https:\/\/www.europesays.com\/lv\/wp-json\/wp\/v2\/media\/92822"}],"wp:attachment":[{"href":"https:\/\/www.europesays.com\/lv\/wp-json\/wp\/v2\/media?parent=92821"}],"wp:term":[{"taxonomy":"category","embeddable":true,"href":"https:\/\/www.europesays.com\/lv\/wp-json\/wp\/v2\/categories?post=92821"},{"taxonomy":"post_tag","embeddable":true,"href":"https:\/\/www.europesays.com\/lv\/wp-json\/wp\/v2\/tags?post=92821"}],"curies":[{"name":"wp","href":"https:\/\/api.w.org\/{rel}","templated":true}]}}