{"id":92823,"date":"2026-01-02T17:57:12","date_gmt":"2026-01-02T17:57:12","guid":{"rendered":"https:\/\/www.europesays.com\/lv\/92823\/"},"modified":"2026-01-02T17:57:12","modified_gmt":"2026-01-02T17:57:12","slug":"73-negadijumi-un-cetri-cietusie-1-janvara-statistika-uz-latvijas-celiem","status":"publish","type":"post","link":"https:\/\/www.europesays.com\/lv\/92823\/","title":{"rendered":"73 negad\u012bjumi un \u010detri cietu\u0161ie \u2013 1. janv\u0101ra statistika uz Latvijas ce\u013ciem"},"content":{"rendered":"<p>                        <img fetchpriority=\"high\" decoding=\"async\" width=\"1024\" height=\"576\" src=\"https:\/\/www.europesays.com\/lv\/wp-content\/uploads\/2026\/01\/valsts-policijas-ilustratvie-attli_54961087876_o-1024x576.jpg\" alt=\"\" class=\"wp-image-1088797\"  \/>Ilustrat\u012bvs foto, autors: Valsts policija.<\/p>\n<p>Pirmaj\u0101 \u0161\u012b gada dien\u0101, 1.janv\u0101r\u012b, Latvij\u0101 uz ce\u013ciem re\u0123istr\u0113ti 73 ce\u013cu satiksmes negad\u012bjumi. Cietu\u0161i \u010detri cilv\u0113ki, no tiem tr\u012bs biju\u0161i g\u0101j\u0113ji, t\u0101da ir Valsts policijas apkopot\u0101 statistika.<\/p>\n<p>Visvair\u0101k ce\u013cu satiksmes negad\u012bjumu re\u0123istr\u0113ts R\u012bgas re\u0123ion\u0101 \u2013 pavisam 40, savuk\u0101rt Zemgalers re\u0123ion\u0101 re\u0123istr\u0113ti se\u0161i ce\u013cu satiksmes negad\u012bjumi, Vidzemes re\u0123ion\u0101 \u2013 5, Kurzemes re\u0123ion\u0101 \u2013 7, bet Latgales re\u0123ion\u0101 \u2013 15.<\/p>\n<p>K\u0101 liecina Valsts policija apkopot\u0101 inform\u0101cija, tad ce\u013cu satiksmes negad\u012bjumos cietu\u0161i 3 g\u0101j\u0113ji, divi no vi\u0146iem Zemgales re\u0123ion\u0101 un viens \u2013 Kurzemes re\u0123ion\u0101.<\/p>\n<p>Ce\u013cu satiksmes jom\u0101 kopum\u0101 pie\u0146emti 285 administrat\u012bv\u0101 p\u0101rk\u0101puma l\u0113mumi. No tiem 58 par \u0101truma p\u0101rsnieg\u0161anu, 29 \u2013 par agres\u012bvu brauk\u0161anu.<\/p>\n<p>Par transportl\u012bdzek\u013ca vad\u012b\u0161anu alkohola reibum\u0101 uzs\u0101kti divi administrat\u012bv\u0101 p\u0101rk\u0101puma, un v\u0113l septi\u0146i krimin\u0101lprocesi.<\/p>\n","protected":false},"excerpt":{"rendered":"Ilustrat\u012bvs foto, autors: Valsts policija. Pirmaj\u0101 \u0161\u012b gada dien\u0101, 1.janv\u0101r\u012b, Latvij\u0101 uz ce\u013ciem re\u0123istr\u0113ti 73 ce\u013cu satiksmes negad\u012bjumi.&hellip;\n","protected":false},"author":2,"featured_media":92824,"comment_status":"","ping_status":"","sticky":false,"template":"","format":"standard","meta":{"footnotes":""},"categories":[12],"tags":[23,28,29,32,33,22,30,31,35,39,38,36,37,34,40,20,26,27,24,25,21],"class_list":{"0":"post-92823","1":"post","2":"type-post","3":"status-publish","4":"format-standard","5":"has-post-thumbnail","7":"category-latvija","8":"tag-aktualitates","9":"tag-breaking-news","10":"tag-breakingnews","11":"tag-featured-news","12":"tag-featurednews","13":"tag-headlines","14":"tag-latest-news","15":"tag-latestnews","16":"tag-latvia","17":"tag-latvian","18":"tag-latviesu","19":"tag-latviesu-valoda","20":"tag-latviesuvaloda","21":"tag-latvija","22":"tag-lv","23":"tag-news","24":"tag-popularakas-zinas","25":"tag-popularakaszinas","26":"tag-top-stories","27":"tag-topstories","28":"tag-zinas"},"share_on_mastodon":{"url":"https:\/\/pubeurope.com\/@lv\/115826802220620090","error":""},"_links":{"self":[{"href":"https:\/\/www.europesays.com\/lv\/wp-json\/wp\/v2\/posts\/92823","targetHints":{"allow":["GET"]}}],"collection":[{"href":"https:\/\/www.europesays.com\/lv\/wp-json\/wp\/v2\/posts"}],"about":[{"href":"https:\/\/www.europesays.com\/lv\/wp-json\/wp\/v2\/types\/post"}],"author":[{"embeddable":true,"href":"https:\/\/www.europesays.com\/lv\/wp-json\/wp\/v2\/users\/2"}],"replies":[{"embeddable":true,"href":"https:\/\/www.europesays.com\/lv\/wp-json\/wp\/v2\/comments?post=92823"}],"version-history":[{"count":0,"href":"https:\/\/www.europesays.com\/lv\/wp-json\/wp\/v2\/posts\/92823\/revisions"}],"wp:featuredmedia":[{"embeddable":true,"href":"https:\/\/www.europesays.com\/lv\/wp-json\/wp\/v2\/media\/92824"}],"wp:attachment":[{"href":"https:\/\/www.europesays.com\/lv\/wp-json\/wp\/v2\/media?parent=92823"}],"wp:term":[{"taxonomy":"category","embeddable":true,"href":"https:\/\/www.europesays.com\/lv\/wp-json\/wp\/v2\/categories?post=92823"},{"taxonomy":"post_tag","embeddable":true,"href":"https:\/\/www.europesays.com\/lv\/wp-json\/wp\/v2\/tags?post=92823"}],"curies":[{"name":"wp","href":"https:\/\/api.w.org\/{rel}","templated":true}]}}