{"id":92831,"date":"2026-01-02T18:44:36","date_gmt":"2026-01-02T18:44:36","guid":{"rendered":"https:\/\/www.europesays.com\/lv\/92831\/"},"modified":"2026-01-02T18:44:36","modified_gmt":"2026-01-02T18:44:36","slug":"bunkurvecis-velas-tikai-vienu-teritoriju-secina-zemessardzes-kapteinis-lente-lv","status":"publish","type":"post","link":"https:\/\/www.europesays.com\/lv\/92831\/","title":{"rendered":"&#8220;Bunkurvecis&#8221; v\u0113las tikai vienu \u2013 teritoriju, secina Zemessardzes kapteinis\u00a0\u2014\u00a0Lente.lv"},"content":{"rendered":"<p>Zemessardzes kaptei\u0146a skat\u012bjums uz Krievijas m\u0113r\u0137iem<\/p>\n<p>ASV nesp\u0113j piln\u012bb\u0101 aptvert Krievijas prezidenta Vladimira Putina galveno motiv\u0101ciju, kas ir teritoriju ieg\u016b\u0161ana, pau\u017e Zemessardzes kapteinis M\u0101ris Bru\u017ea raid\u012bjum\u0101 &#8220;Aktu\u0101lais par karadarb\u012bbu Ukrain\u0101&#8221; kan\u0101l\u0101 TV24. K\u0101 zi\u0146o Latvijas Av\u012bze, Bru\u017ea nor\u0101da, ka Putina, kuru vi\u0146\u0161 d\u0113v\u0113 par &#8220;bunkurveci&#8221;, vien\u012bg\u0101 v\u0113lme ir papla\u0161in\u0101t Krievijas Feder\u0101cijas kontrol\u0113t\u0101s teritorijas.<\/p>\n<p>\u0160is skat\u012bjums uz Putina amb\u012bcij\u0101m atspogu\u013co pla\u0161\u0101kas ba\u017eas par Krievijas teritori\u0101laj\u0101m pras\u012bb\u0101m, kas nav jaunas. Jau 1994. gad\u0101 Putins izteicis domu par atsevi\u0161\u0137u Ukrainas un Kazahst\u0101nas re\u0123ionu &#8220;apvieno\u0161anos&#8221; ar Krieviju, uzskatot tos par &#8220;s\u0101kotn\u0113j\u0101m krievu zem\u0113m&#8221;. \u0160\u012b nost\u0101ja skaidri par\u0101da, ka ideolo\u0123iskais pamats turpm\u0101kajai agresijai tika pl\u0101nots jau ilgu laiku pirms pilna m\u0113roga iebrukuma Ukrain\u0101.<\/p>\n<p>Putina teritori\u0101l\u0101s amb\u012bcijas un to sekas<\/p>\n<p>ASV izl\u016bkdienests ir atzinis, ka Putina tuv\u0101k\u0101s amb\u012bcijas saist\u0101s ar kontroles nostiprin\u0101\u0161anu p\u0101r okup\u0113taj\u0101m teritorij\u0101m Ukrainas austrumos un dienvidos, k\u0101 ar\u012b ar centieniem nepie\u013caut Ukrainas dal\u012bbu NATO. Tom\u0113r Krievija turpina uzst\u0101t uz sav\u0101m pras\u012bb\u0101m, tostarp pieprasot \u010detru Ukrainas apgabalu piln\u012bgu iek\u013cau\u0161anu Krievijas sast\u0101v\u0101, neatkar\u012bgi no t\u0101, vai t\u0101 tos piln\u012bb\u0101 kontrol\u0113.<\/p>\n<p>Somijas \u0101rlietu ministre El\u012bna Valtonena ir stingri noraid\u012bjusi ideju par Ukrainas teritoriju atdo\u0161anu Krievijai, uzsverot, ka tas noz\u012bm\u0113tu atgrie\u0161anos pie Otr\u0101 pasaules kara laika realit\u0101tes un ka \u0161\u0101ds solis rad\u012btu \u0161ausmino\u0161as sekas visai pasaulei. Vi\u0146a ar\u012b nor\u0101d\u012bja, ka Putins nav gatavs piekrist uguns p\u0101rtrauk\u0161anai vai sarun\u0101m, ja t\u0101s ietver Ukrainas teritoriju vai suverenit\u0101tes upur\u0113\u0161anu.<\/p>\n<p>Strat\u0113\u0123isk\u0101 situ\u0101cija Ukrain\u0101 un &#8220;bunkurve\u010da&#8221; taktika<\/p>\n<p>Bru\u017ea br\u012bdina par potenci\u0101liem Krievijas ofens\u012bvas riskiem, \u012bpa\u0161i attiec\u012bb\u0101 uz Pokrovskas ie\u0146em\u0161anu un Mirnogradas aplenkumu l\u012bdz 2025. gada beig\u0101m, atsaucoties uz Starptautisk\u0101 kara p\u0113tniec\u012bbas instit\u016bta (ISW) anal\u012bzi. Lai gan Ukrainas aizsardz\u012bbas sp\u0113ki sp\u0113j notur\u0113t poz\u012bcijas, pat Pokrovskas kri\u0161ana dotu Krievijai strat\u0113\u0123isku priek\u0161roc\u012bbu, \u013caujot p\u0101rvietot resursus uz citiem frontes sektoriem.<\/p>\n<p>Krievijas milit\u0101r\u0101 taktika, k\u0101da nov\u0113rota pret Ukrainas energosist\u0113mu, liecina par centieniem sadal\u012bt valsts energosist\u0113mu un padar\u012bt pla\u0161as teritorijas neapdz\u012bvojamas, lai provic\u0113tu masveida emigr\u0101ciju. \u0160\u0101da r\u012bc\u012bba atspogu\u013co &#8220;bunkurve\u010da&#8221; v\u0113lmi izmantot visus pieejamos l\u012bdzek\u013cus, lai pan\u0101ktu savus teritori\u0101los m\u0113r\u0137us, neraugoties uz humanit\u0101raj\u0101m sek\u0101m.<\/p>\n<p>Sankciju apie\u0161ana un Krievijas sp\u0113ja apiet ierobe\u017eojumus<\/p>\n<p>M\u0101ris Bru\u017ea ir nor\u0101d\u012bjis, ka Krievija veiksm\u012bgi apiet Rietumu noteikt\u0101s sankcijas. Piem\u0113ram, 2024. gad\u0101 Krievija import\u0113ja iev\u0113rojamu daudzumu ar sankcij\u0101m aplikt\u0101 stibija oks\u012bda no Be\u013c\u0123ijas, ko izmanto detonatoru ra\u017eo\u0161an\u0101. \u0160is gad\u012bjums ilustr\u0113, ka, ja sankciju kontrole nav pietiekami stingra, Krievija sp\u0113j atrast veidus, k\u0101 apiet noteiktos ierobe\u017eojumus un nodro\u0161in\u0101t sevi ar nepiecie\u0161amaj\u0101m milit\u0101raj\u0101m prec\u0113m.<\/p>\n","protected":false},"excerpt":{"rendered":"Zemessardzes kaptei\u0146a skat\u012bjums uz Krievijas m\u0113r\u0137iem ASV nesp\u0113j piln\u012bb\u0101 aptvert Krievijas prezidenta Vladimira Putina galveno motiv\u0101ciju, kas ir&hellip;\n","protected":false},"author":2,"featured_media":92832,"comment_status":"","ping_status":"","sticky":false,"template":"","format":"standard","meta":{"footnotes":""},"categories":[14],"tags":[23,57,28,29,32,33,22,3131,234,30,31,35,39,38,36,37,34,40,21887,20,26,27,24,25,276,235,54,55,56,21,58],"class_list":{"0":"post-92831","1":"post","2":"type-post","3":"status-publish","4":"format-standard","5":"has-post-thumbnail","7":"category-zinas-no-arvalstim","8":"tag-aktualitates","9":"tag-arvalstim","10":"tag-breaking-news","11":"tag-breakingnews","12":"tag-featured-news","13":"tag-featurednews","14":"tag-headlines","15":"tag-kars","16":"tag-krievija","17":"tag-latest-news","18":"tag-latestnews","19":"tag-latvia","20":"tag-latvian","21":"tag-latviesu","22":"tag-latviesu-valoda","23":"tag-latviesuvaloda","24":"tag-latvija","25":"tag-lv","26":"tag-maris-bruza","27":"tag-news","28":"tag-popularakas-zinas","29":"tag-popularakaszinas","30":"tag-top-stories","31":"tag-topstories","32":"tag-ukraina","33":"tag-vladimirs-putins","34":"tag-world","35":"tag-world-news","36":"tag-worldnews","37":"tag-zinas","38":"tag-zinas-no-arvalstim"},"share_on_mastodon":{"url":"https:\/\/pubeurope.com\/@lv\/115826987027261516","error":""},"_links":{"self":[{"href":"https:\/\/www.europesays.com\/lv\/wp-json\/wp\/v2\/posts\/92831","targetHints":{"allow":["GET"]}}],"collection":[{"href":"https:\/\/www.europesays.com\/lv\/wp-json\/wp\/v2\/posts"}],"about":[{"href":"https:\/\/www.europesays.com\/lv\/wp-json\/wp\/v2\/types\/post"}],"author":[{"embeddable":true,"href":"https:\/\/www.europesays.com\/lv\/wp-json\/wp\/v2\/users\/2"}],"replies":[{"embeddable":true,"href":"https:\/\/www.europesays.com\/lv\/wp-json\/wp\/v2\/comments?post=92831"}],"version-history":[{"count":0,"href":"https:\/\/www.europesays.com\/lv\/wp-json\/wp\/v2\/posts\/92831\/revisions"}],"wp:featuredmedia":[{"embeddable":true,"href":"https:\/\/www.europesays.com\/lv\/wp-json\/wp\/v2\/media\/92832"}],"wp:attachment":[{"href":"https:\/\/www.europesays.com\/lv\/wp-json\/wp\/v2\/media?parent=92831"}],"wp:term":[{"taxonomy":"category","embeddable":true,"href":"https:\/\/www.europesays.com\/lv\/wp-json\/wp\/v2\/categories?post=92831"},{"taxonomy":"post_tag","embeddable":true,"href":"https:\/\/www.europesays.com\/lv\/wp-json\/wp\/v2\/tags?post=92831"}],"curies":[{"name":"wp","href":"https:\/\/api.w.org\/{rel}","templated":true}]}}