{"id":92833,"date":"2026-01-02T18:46:18","date_gmt":"2026-01-02T18:46:18","guid":{"rendered":"https:\/\/www.europesays.com\/lv\/92833\/"},"modified":"2026-01-02T18:46:18","modified_gmt":"2026-01-02T18:46:18","slug":"pieskiriet-papildu-atlaidi-par-so-murgu-pasapkalposanas-kases-lielveikalos-ir-problema-kas-tracina-teju-visus-pircejus","status":"publish","type":"post","link":"https:\/\/www.europesays.com\/lv\/92833\/","title":{"rendered":"\u201cPie\u0161\u0137iriet papildu atlaidi par \u0161o murgu!\u201d Pa\u0161apkalpo\u0161an\u0101s kas\u0113s lielveikalos ir probl\u0113ma, kas tracina teju visus pirc\u0113jus"},"content":{"rendered":"<p>    <img decoding=\"async\" src=\"https:\/\/www.europesays.com\/lv\/wp-content\/uploads\/2026\/01\/555288184_24745000555139023_2270577178544964878_n-1024x576.jpg\" alt=\"&#10;\"\/><\/p>\n<p>FOTO: Rimi publicit\u0101tes att\u0113ls\n<\/p>\n<p>Teju visos lielveikalos arvien liel\u0101ku lomu ie\u0146em pa\u0161apkalpo\u0161an\u0101s kases. Pirc\u0113ji tiek aicin\u0101ti doties pie t\u0101m, lai \u0101tr\u0101k var\u0113tu nor\u0113\u0137in\u0101ties par pirkumiem. Ta\u010du ne vienm\u0113r viss norit gludi.<\/p>\n<p>        Las\u012bt\u0101kie<br \/>\n        <a data-imagesrc=\"{&quot;300&quot;:&quot;https:\\\/\\\/lastatic.ams3.cdn.digitaloceanspaces.com\\\/2015\\\/01\\\/VWPassatB6_11-300x200.jpg&quot;,&quot;80&quot;:&quot;https:\\\/\\\/lastatic.ams3.cdn.digitaloceanspaces.com\\\/2015\\\/01\\\/VWPassatB6_11-80x48.jpg&quot;,&quot;112&quot;:&quot;https:\\\/\\\/lastatic.ams3.cdn.digitaloceanspaces.com\\\/2015\\\/01\\\/VWPassatB6_11-112x64.jpg&quot;,&quot;664&quot;:&quot;https:\\\/\\\/lastatic.ams3.cdn.digitaloceanspaces.com\\\/2015\\\/01\\\/VWPassatB6_11-664x443.jpg&quot;,&quot;239&quot;:&quot;https:\\\/\\\/lastatic.ams3.cdn.digitaloceanspaces.com\\\/2015\\\/01\\\/VWPassatB6_11-239x160.jpg&quot;,&quot;263&quot;:&quot;https:\\\/\\\/lastatic.ams3.cdn.digitaloceanspaces.com\\\/2015\\\/01\\\/VWPassatB6_11-263x175.jpg&quot;,&quot;506&quot;:&quot;https:\\\/\\\/lastatic.ams3.cdn.digitaloceanspaces.com\\\/2015\\\/01\\\/VWPassatB6_11-506x338.jpg&quot;,&quot;118&quot;:&quot;https:\\\/\\\/lastatic.ams3.cdn.digitaloceanspaces.com\\\/2015\\\/01\\\/VWPassatB6_11-118x70.jpg&quot;,&quot;348&quot;:&quot;https:\\\/\\\/lastatic.ams3.cdn.digitaloceanspaces.com\\\/2015\\\/01\\\/VWPassatB6_11-348x225.jpg&quot;,&quot;640&quot;:&quot;https:\\\/\\\/lastatic.ams3.cdn.digitaloceanspaces.com\\\/2015\\\/01\\\/VWPassatB6_11-640x534.jpg&quot;,&quot;90&quot;:&quot;https:\\\/\\\/lastatic.ams3.cdn.digitaloceanspaces.com\\\/2015\\\/01\\\/VWPassatB6_11-90x58.jpg&quot;,&quot;800&quot;:&quot;https:\\\/\\\/lastatic.ams3.cdn.digitaloceanspaces.com\\\/2015\\\/01\\\/VWPassatB6_11.jpg&quot;}\" data-focuspoint=\"&quot;&quot;\" data-p=\"2485867\" href=\"https:\/\/www.la.lv\/ja-tev-pieder-kada-no-sim-7-automasinam-iespejams-ir-istais-bridis-sakt-domat-par-pardosanu\" class=\"content-item lazy-load\" wp_automatic_readability=\"27.5\" rel=\"nofollow noopener\" target=\"_blank\"><\/p>\n<p>                                <img decoding=\"async\" src=\"\" alt=\"\" style=\"\" data-imageid=\"\"\/><\/p>\n<p>\n                                                Ja tev pieder k\u0101da no \u0161\u012bm 7 automa\u0161\u012bn\u0101m, iesp\u0113jams, ir \u012bstais br\u012bdis s\u0101kt dom\u0101t par p\u0101rdo\u0161anu\n                            <\/p>\n<p><\/a><a data-imagesrc=\"{&quot;300&quot;:&quot;https:\\\/\\\/lastatic.ams3.cdn.digitaloceanspaces.com\\\/2014\\\/08\\\/avokado-300x199.jpg&quot;,&quot;80&quot;:&quot;https:\\\/\\\/lastatic.ams3.cdn.digitaloceanspaces.com\\\/2014\\\/08\\\/avokado-80x48.jpg&quot;,&quot;112&quot;:&quot;https:\\\/\\\/lastatic.ams3.cdn.digitaloceanspaces.com\\\/2014\\\/08\\\/avokado-112x64.jpg&quot;,&quot;664&quot;:&quot;https:\\\/\\\/lastatic.ams3.cdn.digitaloceanspaces.com\\\/2014\\\/08\\\/avokado-664x440.jpg&quot;,&quot;241&quot;:&quot;https:\\\/\\\/lastatic.ams3.cdn.digitaloceanspaces.com\\\/2014\\\/08\\\/avokado-241x160.jpg&quot;,&quot;263&quot;:&quot;https:\\\/\\\/lastatic.ams3.cdn.digitaloceanspaces.com\\\/2014\\\/08\\\/avokado-263x174.jpg&quot;,&quot;509&quot;:&quot;https:\\\/\\\/lastatic.ams3.cdn.digitaloceanspaces.com\\\/2014\\\/08\\\/avokado-509x338.jpg&quot;,&quot;118&quot;:&quot;https:\\\/\\\/lastatic.ams3.cdn.digitaloceanspaces.com\\\/2014\\\/08\\\/avokado-118x70.jpg&quot;,&quot;348&quot;:&quot;https:\\\/\\\/lastatic.ams3.cdn.digitaloceanspaces.com\\\/2014\\\/08\\\/avokado-348x225.jpg&quot;,&quot;90&quot;:&quot;https:\\\/\\\/lastatic.ams3.cdn.digitaloceanspaces.com\\\/2014\\\/08\\\/avokado-90x58.jpg&quot;,&quot;800&quot;:&quot;https:\\\/\\\/lastatic.ams3.cdn.digitaloceanspaces.com\\\/2014\\\/08\\\/avokado.jpg&quot;}\" data-focuspoint=\"&quot;&quot;\" data-p=\"2486324\" href=\"https:\/\/www.la.lv\/ir-5-cilveku-grupas-kam-vajadzetu-izvairities-no-avokado-lietosanas-uztura\" class=\"content-item lazy-load\" wp_automatic_readability=\"26.5\" rel=\"nofollow noopener\" target=\"_blank\"><\/p>\n<p>                                <img decoding=\"async\" src=\"\" alt=\"\" style=\"\" data-imageid=\"\"\/><\/p>\n<p>                                Veselam<\/p>\n<p>\n                                                Ir 5 cilv\u0113ku grupas, kam vajadz\u0113tu izvair\u012bties no avokado lieto\u0161anas uztur\u0101\n                            <\/p>\n<p><\/a><a data-imagesrc=\"{&quot;300&quot;:&quot;https:\\\/\\\/lastatic.ams3.cdn.digitaloceanspaces.com\\\/2025\\\/03\\\/dc4788e1-e9bf-40c2-8010-3feb8dc0fd1c-300x200.jpg&quot;,&quot;1024&quot;:&quot;https:\\\/\\\/lastatic.ams3.cdn.digitaloceanspaces.com\\\/2025\\\/03\\\/dc4788e1-e9bf-40c2-8010-3feb8dc0fd1c-1024x683.jpg&quot;,&quot;768&quot;:&quot;https:\\\/\\\/lastatic.ams3.cdn.digitaloceanspaces.com\\\/2025\\\/03\\\/dc4788e1-e9bf-40c2-8010-3feb8dc0fd1c-768x512.jpg&quot;,&quot;1536&quot;:&quot;https:\\\/\\\/lastatic.ams3.cdn.digitaloceanspaces.com\\\/2025\\\/03\\\/dc4788e1-e9bf-40c2-8010-3feb8dc0fd1c-1536x1024.jpg&quot;,&quot;200&quot;:&quot;https:\\\/\\\/lastatic.ams3.cdn.digitaloceanspaces.com\\\/2025\\\/03\\\/dc4788e1-e9bf-40c2-8010-3feb8dc0fd1c-200x133.jpg&quot;,&quot;400&quot;:&quot;https:\\\/\\\/lastatic.ams3.cdn.digitaloceanspaces.com\\\/2025\\\/03\\\/dc4788e1-e9bf-40c2-8010-3feb8dc0fd1c-400x267.jpg&quot;,&quot;500&quot;:&quot;https:\\\/\\\/lastatic.ams3.cdn.digitaloceanspaces.com\\\/2025\\\/03\\\/dc4788e1-e9bf-40c2-8010-3feb8dc0fd1c-500x333.jpg&quot;,&quot;800&quot;:&quot;https:\\\/\\\/lastatic.ams3.cdn.digitaloceanspaces.com\\\/2025\\\/03\\\/dc4788e1-e9bf-40c2-8010-3feb8dc0fd1c-800x533.jpg&quot;,&quot;1000&quot;:&quot;https:\\\/\\\/lastatic.ams3.cdn.digitaloceanspaces.com\\\/2025\\\/03\\\/dc4788e1-e9bf-40c2-8010-3feb8dc0fd1c-1000x667.jpg&quot;,&quot;1800&quot;:&quot;https:\\\/\\\/lastatic.ams3.cdn.digitaloceanspaces.com\\\/2025\\\/03\\\/dc4788e1-e9bf-40c2-8010-3feb8dc0fd1c.jpg&quot;}\" data-focuspoint=\"&quot;&quot;\" data-p=\"2478778\" href=\"https:\/\/www.la.lv\/visa-pasaule-skatisies-uz-viniem-ka-uz-zvaigznem-tikai-cetras-zodiaka-zimes-2026-gada-mirdzes-spozi-jo-spozi\" class=\"content-item lazy-load\" wp_automatic_readability=\"26.5\" rel=\"nofollow noopener\" target=\"_blank\"><\/p>\n<p>                                <img decoding=\"async\" src=\"\" alt=\"\" style=\"\" data-imageid=\"\"\/><\/p>\n<p>                                Kokteilis<\/p>\n<p>\n                                                Visa pasaule skat\u012bsies uz vi\u0146iem k\u0101 uz zvaigzn\u0113m! \u010cetras zodiaka z\u012bmes 2026. gad\u0101 mirdz\u0113s spo\u017ei jo spo\u017ei\n                            <\/p>\n<p><\/a><br \/>\n        <a class=\"read-more\" href=\"https:\/\/www.la.lv\/top\" rel=\"nofollow noopener\" target=\"_blank\">Las\u012bt citas zi\u0146as<\/a><\/p>\n<p>Konstant\u012bns soct\u012bkl\u0101 \u201cThreads\u201d aizs\u0101cis karstu diskusiju, kurai pievienoju\u0161ies ar\u012b daudzi citi pirc\u0113ji. Vi\u0146a uzman\u012bga velt\u012bta \u201cRimi\u201d pa\u0161akapkalpo\u0161an\u0101s kas\u0113m.<\/p>\n<p>\u201cRimi, vai nu sv\u0113tkos nodro\u0161iniet vair\u0101k p\u0101rdev\u0113ju pie pa\u0161apkalpo\u0161an\u0101s kas\u0113m, vai nu pie\u0161\u0137iriet papildus atlaidi par \u0161o murgu, ka apkalpoju sevi pats un gaidu. Man jau 4. reizi g\u013cuko kaut kas pie kases, un katru reizi man j\u0101gaida vair\u0101kas min\u016btes, kam\u0113r atn\u0101ks p\u0101rdev\u0113js ar savu \u010dipu!!! Un v\u0113l tikai pus\u0113!!! \u0100tr\u0101 pa\u0161apkalpo\u0161an\u0101s izv\u0113rt\u0101s 15 min!!! Kam\u0113r rakst\u012bju \u0161o \u2013 p\u0101rdev\u0113js bija aiz\u0146emts ar citu pirc\u0113ju g\u013cukiem!!!\u201d<\/p>\n<p>    CITI \u0160OBR\u012aD LASA<\/p>\n<p>Izr\u0101d\u0101s, ka Konstant\u012bns nav vien\u012bgais, kuru tas m\u0113dz uzvilkt. Un pie vainas liel\u0101koties ir tas, ka ekr\u0101n\u0101 par\u0101d\u0101s pazi\u0146ojums par neprec\u012bzu preces svaru. Ieskat\u0101mies ar\u012b citu pirc\u0113ju pieredz\u0113.<\/p>\n<p>Vair\u0101ki gan \u201csar\u0101j\u201d ieraksta autoru, nor\u0101dot, ka aiz\u0137er\u0161an\u0101s iemesli ir saprotami: \u201cKo raudi? Ej pie parastaj\u0101m kas\u0113m. Svari vienm\u0113r g\u013cukos, jo vi\u0146iem ir ievad\u012bts aptuvenais preces svara diapazons, ja biki piespiedies ar jaku kam\u0113r sver sveramo preci \u2013 viss \u2013 svara neatbilst\u012bba. Un k\u0101p\u0113c visp\u0101r iet uz s\u016b\u016b p\u012b\u012b skandin\u0101vu (D\u0101\u0146u) veikalu?\u201d<\/p>\n<p>Saprotams, ka mums visiem reiz\u0113m der tren\u0113t paciet\u012bbu: \u201cVakar redz\u0113ju, k\u0101 sieviete par \u0161o b\u013cauj uz p\u0101rdev\u0113ju, kad bija pagaid\u012bjusi burtiski 2 min\u016btes. Iedzeriet baldri\u0101\u0146us, j\u0113zi\u0146!\u201d<\/p>\n<p>Bet ir ar\u012b pavisam nepaciet\u012bgie: \u201cEs parasti pie pirm\u0101 g\u013cuka visu atst\u0101ju un vienk\u0101r\u0161i eju prom. Ja nav, tad nav\u2026\u201d<\/p>\n<p>Liene nor\u0101da, ka \u0161\u0101di notiek ar\u012b \u201cMaxima\u201d veikalos: \u201cRimi parasti viss ok, bet \u0161ad tad gad\u0101s b\u016bt Maxima un, goda v\u0101rds, es nesaprotu, kur\u0101 br\u012bd\u012b pirms pirkuma j\u0101liek uz virsmas l\u012bdzpa\u0146emtais maisi\u0146\u0161. Izv\u0113los ekr\u0101n\u0101 \u201csavs maisi\u0146\u0161\u201d un nevien\u0101 br\u012bd\u012b maisi\u0146i netiek akcept\u0113ti, tikai ar darbinieka p\u012bkstuli. Varb\u016bt manas auduma \u0137e\u0161as par smagu vi\u0146u standartiem, bet Rimi ar to nekad nav probl\u0113mas.\u201d<\/p>\n<p>Un ar\u012b \u201cLidl\u0101\u201d t\u0101 gadoties: \u201cMan Lidl\u0101 apar\u0101ts p\u0113c katras preces nosken\u0113\u0161anas uzk\u0101r\u0101s. Lieki teikt, ka biju piel\u0101d\u0113jis pilnu maisu ar k\u0101diem 50 produktiem. Vis\u0101diem sieri\u0146iem, prote\u012bna jogurti\u0146iem utt. P\u0101rdev\u0113js pie k\u0101das 7. lampi\u0146as iemirgo\u0161an\u0101s palika pie manis, lai pats sken\u0113tu preces un atblo\u0137\u0113tu apar\u0101tu.\u201d<\/p>\n<p>Vair\u0101ki viedok\u013ca paud\u0113ji aizst\u0101v p\u0101rdev\u0113jus, kas paties\u012bb\u0101 jau ar\u012b ir vien \u0161\u012bs situ\u0101cijas \u0137\u012blnieki: \u201cPalasot \u0161o visu, varu pateikt vienu. Beidziet \u010d\u012bkst\u0113t un ejiet str\u0101d\u0101t Rimi un par\u0101dat klasi. Vai v\u0113l lab\u0101k netus\u0113jiet pa veikaliem un tad visp\u0101r neb\u016bs probl\u0113mas nek\u0101das.\u201d<\/p>\n<p>Ir pirc\u0113ji, kuriem ir principi: \u201cEs principa p\u0113c eju uz parasto kasi pat ja man ir viena bulci\u0146a un tur ir gara rinda.\u201d<\/p>\n<p>Zaiga rosina vienk\u0101r\u0161i b\u016bt uzman\u012bg\u0101kiem: \u201cLielie skr\u0113j\u0113ji, tad iem\u0101caties apieties ar \u0161\u012bm kas\u0113m, tad neb\u016bs g\u013cuki un k\u0101ds j\u0101gaida.\u201d<\/p>\n<p>\n    LA.LV Aptauja<br \/>\n    Vai bie\u017ei izmantojat pa\u0161apkalpo\u0161an\u0101s kases?<\/p>\n<ul class=\"poll-options\">\n<li class=\"poll-option\" data-id=\"cfcd208495d565ef66e7dff9f98764da\">\n<p>J\u0101, liel\u0101koties<\/p>\n<\/li>\n<li class=\"poll-option\" data-id=\"c4ca4238a0b923820dcc509a6f75849b\">\n<p>J\u0101, bet ne vienm\u0113r<\/p>\n<\/li>\n<li class=\"poll-option\" data-id=\"c81e728d9d4c2f636f067f89cc14862c\">\n<p>\u013boti reti<\/p>\n<\/li>\n<li class=\"poll-option\" data-id=\"eccbc87e4b5ce2fe28308fd9f2a7baf3\">\n<p>Nekad<\/p>\n<\/li>\n<\/ul>\n<p>T\u0113mas<\/p>\n<p>    SAIST\u012aTIE RAKSTI<\/p>\n","protected":false},"excerpt":{"rendered":"FOTO: Rimi publicit\u0101tes att\u0113ls Teju visos lielveikalos arvien liel\u0101ku lomu ie\u0146em pa\u0161apkalpo\u0161an\u0101s kases. Pirc\u0113ji tiek aicin\u0101ti doties pie&hellip;\n","protected":false},"author":2,"featured_media":92834,"comment_status":"","ping_status":"","sticky":false,"template":"","format":"standard","meta":{"footnotes":""},"categories":[5],"tags":[23,28,29,32,33,22,30,31,35,39,38,36,37,34,40,20,26,27,24,25,21],"class_list":{"0":"post-92833","1":"post","2":"type-post","3":"status-publish","4":"format-standard","5":"has-post-thumbnail","7":"category-aktualitates","8":"tag-aktualitates","9":"tag-breaking-news","10":"tag-breakingnews","11":"tag-featured-news","12":"tag-featurednews","13":"tag-headlines","14":"tag-latest-news","15":"tag-latestnews","16":"tag-latvia","17":"tag-latvian","18":"tag-latviesu","19":"tag-latviesu-valoda","20":"tag-latviesuvaloda","21":"tag-latvija","22":"tag-lv","23":"tag-news","24":"tag-popularakas-zinas","25":"tag-popularakaszinas","26":"tag-top-stories","27":"tag-topstories","28":"tag-zinas"},"share_on_mastodon":{"url":"https:\/\/pubeurope.com\/@lv\/115826994879651723","error":""},"_links":{"self":[{"href":"https:\/\/www.europesays.com\/lv\/wp-json\/wp\/v2\/posts\/92833","targetHints":{"allow":["GET"]}}],"collection":[{"href":"https:\/\/www.europesays.com\/lv\/wp-json\/wp\/v2\/posts"}],"about":[{"href":"https:\/\/www.europesays.com\/lv\/wp-json\/wp\/v2\/types\/post"}],"author":[{"embeddable":true,"href":"https:\/\/www.europesays.com\/lv\/wp-json\/wp\/v2\/users\/2"}],"replies":[{"embeddable":true,"href":"https:\/\/www.europesays.com\/lv\/wp-json\/wp\/v2\/comments?post=92833"}],"version-history":[{"count":0,"href":"https:\/\/www.europesays.com\/lv\/wp-json\/wp\/v2\/posts\/92833\/revisions"}],"wp:featuredmedia":[{"embeddable":true,"href":"https:\/\/www.europesays.com\/lv\/wp-json\/wp\/v2\/media\/92834"}],"wp:attachment":[{"href":"https:\/\/www.europesays.com\/lv\/wp-json\/wp\/v2\/media?parent=92833"}],"wp:term":[{"taxonomy":"category","embeddable":true,"href":"https:\/\/www.europesays.com\/lv\/wp-json\/wp\/v2\/categories?post=92833"},{"taxonomy":"post_tag","embeddable":true,"href":"https:\/\/www.europesays.com\/lv\/wp-json\/wp\/v2\/tags?post=92833"}],"curies":[{"name":"wp","href":"https:\/\/api.w.org\/{rel}","templated":true}]}}