{"id":92835,"date":"2026-01-02T18:50:09","date_gmt":"2026-01-02T18:50:09","guid":{"rendered":"https:\/\/www.europesays.com\/lv\/92835\/"},"modified":"2026-01-02T18:50:09","modified_gmt":"2026-01-02T18:50:09","slug":"kina-sakusi-parveidot-beramkravu-kugus-par-bezpilota-lidaparatu-parvadatajiem","status":"publish","type":"post","link":"https:\/\/www.europesays.com\/lv\/92835\/","title":{"rendered":"\u0136\u012bna s\u0101kusi p\u0101rveidot beramkravu ku\u0123us par \u201cbezpilota lidapar\u0101tu p\u0101rvad\u0101t\u0101jiem\u201d"},"content":{"rendered":"<p>Agr\u0101k tas pats ku\u0123is bija redzams t\u0101 saukt\u0101 arsen\u0101la ku\u0123a konfigur\u0101cij\u0101: taj\u0101 atrad\u0101s aptuveni 60 konteineru ra\u0137e\u0161u palai\u0161anas iek\u0101rtas, radaru stacijas un tuva darb\u012bbas r\u0101diusa aizsardz\u012bbas apr\u012bkojums. P\u0113c da\u017e\u0101m dien\u0101m ku\u0123is tika p\u0101rkonfigur\u0113ts \u2013 da\u017ei konteineri tika demont\u0113ti, atbr\u012bvojot vietu katapulta sist\u0113mai un droniem.<\/p>\n<p>Katapultu sist\u0113ma ir modul\u0101ra sist\u0113ma: \u010detri transportl\u012bdzek\u013ci ir savienoti vien\u0101 palai\u0161anas tras\u0113. Vien\u0101 no modu\u013ciem drons tiek novietots gatav\u012bb\u0101 palai\u0161anai, cits drons atrodas uz kl\u0101ja, aizmugur\u0113. Katapultas garums var at\u0161\u0137irties atkar\u012bb\u0101 no palai\u017eam\u0101 transportl\u012bdzek\u013ca veida un pieejam\u0101s vietas, padarot sist\u0113mu mobilu un piel\u0101gojamu.<\/p>\n<p><img decoding=\"async\" class=\"figure__image\" onclick=\"triggerEvent('articleImageClick', { id: 17370466, focus: 'single-image', focusIndex: '17370466' })\" onkeydown=\"if (event.key === 'Enter') {&#10;        triggerEvent('articleImageClick', { id: 17370466, focus: 'single-image', focusIndex: '17370466' })&#10;        }\" role=\"button\" tabindex=\"0\" data-focus-from=\"single-image\" data-focus-index=\"17370466\" src=\"https:\/\/www.europesays.com\/lv\/wp-content\/uploads\/2026\/01\/17370466t1he553.jpg\"  onload=\"this.parentElement.classList.remove('figure__image-loading')\" alt=\"\"\/> Foto: The Insider<\/p>\n<p>Blakus ku\u0123im iepriek\u0161 tika man\u012bti ar\u012b mazpaman\u0101mi kaujas droni ar lielu sp\u0101rnu platumu, kas izskat\u012bj\u0101s k\u0101 \u201cvad\u0101mi droni\u201d. Nav izsl\u0113gts, ka da\u013ca no tiem ir maketi, ta\u010du pa\u0161a ku\u0123a konfigur\u0101cija liecina par bezpilota avi\u0101cijas j\u016bras b\u0101zes koncepcijas izstr\u0101di.<\/p>\n<p>No s\u0101kotn\u0113jiem 60 vertik\u0101lajiem palai\u0161anas modu\u013ciem uz ku\u0123a ir paliku\u0161i 24. Taj\u0101 pa\u0161\u0101 laik\u0101 ku\u0123is ir saglab\u0101jis 30 mm pretgaisa artil\u0113rijas sist\u0113mu Type 1130, radaru un citas pretinieka lidapar\u0101tu atkl\u0101\u0161anas un sakaru sist\u0113mas, kas atrodas konteineros. Tas \u013cauj ku\u0123im, vismaz form\u0101li, saglab\u0101t pa\u0161aizsardz\u012bbas iesp\u0113jas.<\/p>\n","protected":false},"excerpt":{"rendered":"Agr\u0101k tas pats ku\u0123is bija redzams t\u0101 saukt\u0101 arsen\u0101la ku\u0123a konfigur\u0101cij\u0101: taj\u0101 atrad\u0101s aptuveni 60 konteineru ra\u0137e\u0161u palai\u0161anas&hellip;\n","protected":false},"author":2,"featured_media":92836,"comment_status":"","ping_status":"","sticky":false,"template":"","format":"standard","meta":{"footnotes":""},"categories":[14],"tags":[23,57,3700,28,29,32,33,22,4213,30,31,35,39,38,36,37,34,40,20,26,27,24,25,54,55,56,21,58],"class_list":{"0":"post-92835","1":"post","2":"type-post","3":"status-publish","4":"format-standard","5":"has-post-thumbnail","7":"category-zinas-no-arvalstim","8":"tag-aktualitates","9":"tag-arvalstim","10":"tag-autoritarisma-ena-par-eiropu","11":"tag-breaking-news","12":"tag-breakingnews","13":"tag-featured-news","14":"tag-featurednews","15":"tag-headlines","16":"tag-kina","17":"tag-latest-news","18":"tag-latestnews","19":"tag-latvia","20":"tag-latvian","21":"tag-latviesu","22":"tag-latviesu-valoda","23":"tag-latviesuvaloda","24":"tag-latvija","25":"tag-lv","26":"tag-news","27":"tag-popularakas-zinas","28":"tag-popularakaszinas","29":"tag-top-stories","30":"tag-topstories","31":"tag-world","32":"tag-world-news","33":"tag-worldnews","34":"tag-zinas","35":"tag-zinas-no-arvalstim"},"share_on_mastodon":{"url":"https:\/\/pubeurope.com\/@lv\/115827010608590155","error":""},"_links":{"self":[{"href":"https:\/\/www.europesays.com\/lv\/wp-json\/wp\/v2\/posts\/92835","targetHints":{"allow":["GET"]}}],"collection":[{"href":"https:\/\/www.europesays.com\/lv\/wp-json\/wp\/v2\/posts"}],"about":[{"href":"https:\/\/www.europesays.com\/lv\/wp-json\/wp\/v2\/types\/post"}],"author":[{"embeddable":true,"href":"https:\/\/www.europesays.com\/lv\/wp-json\/wp\/v2\/users\/2"}],"replies":[{"embeddable":true,"href":"https:\/\/www.europesays.com\/lv\/wp-json\/wp\/v2\/comments?post=92835"}],"version-history":[{"count":0,"href":"https:\/\/www.europesays.com\/lv\/wp-json\/wp\/v2\/posts\/92835\/revisions"}],"wp:featuredmedia":[{"embeddable":true,"href":"https:\/\/www.europesays.com\/lv\/wp-json\/wp\/v2\/media\/92836"}],"wp:attachment":[{"href":"https:\/\/www.europesays.com\/lv\/wp-json\/wp\/v2\/media?parent=92835"}],"wp:term":[{"taxonomy":"category","embeddable":true,"href":"https:\/\/www.europesays.com\/lv\/wp-json\/wp\/v2\/categories?post=92835"},{"taxonomy":"post_tag","embeddable":true,"href":"https:\/\/www.europesays.com\/lv\/wp-json\/wp\/v2\/tags?post=92835"}],"curies":[{"name":"wp","href":"https:\/\/api.w.org\/{rel}","templated":true}]}}