{"id":92841,"date":"2026-01-02T18:59:07","date_gmt":"2026-01-02T18:59:07","guid":{"rendered":"https:\/\/www.europesays.com\/lv\/92841\/"},"modified":"2026-01-02T18:59:07","modified_gmt":"2026-01-02T18:59:07","slug":"muziba-devies-haralds-ritenbergs-legendarais-baletdejotajs-kinoaktieris-un-pedagogs-lente-lv","status":"publish","type":"post","link":"https:\/\/www.europesays.com\/lv\/92841\/","title":{"rendered":"M\u016b\u017e\u012bb\u0101 devies Haralds Ritenbergs \u2013 le\u0123end\u0101rais baletdejot\u0101js, kinoaktieris un pedagogs\u00a0\u2014\u00a0Lente.lv"},"content":{"rendered":"<p>Latvijas kult\u016bru satricina s\u0113ru v\u0113sts<\/p>\n<p>2025. gada 21. decembr\u012b m\u016b\u017e\u012bb\u0101 ir aizg\u0101jis viens no visu laiku izcil\u0101kajiem latvie\u0161u baletdejot\u0101jiem, pedagogs un kinoaktieris Haralds Ritenbergs. M\u0101kslinieks aizg\u0101jis 93 gadu vecum\u0101. K\u0101 zi\u0146o Latvijas Av\u012bze, atvad\u012b\u0161an\u0101s no Haralda Ritenberga notiks 29. decembr\u012b Latvijas Nacion\u0101l\u0101s operas un baleta Belet\u0101\u017eas z\u0101l\u0113 no pulksten 12.00 l\u012bdz 13.00.<\/p>\n<p>Haralda Ritenberga aizie\u0161ana ir noz\u012bm\u012bgs mirklis Latvijas kult\u016bras dz\u012bv\u0113, atz\u012bm\u0113jot laikmeta nogriezni latvie\u0161u skatuves m\u0101ksl\u0101. Vi\u0146a pla\u0161\u0101 un daudzpus\u012bg\u0101 karjera padar\u012bja vi\u0146u par neat\u0146emamu Latvijas baleta un nacion\u0101l\u0101 kino zelta fonda sast\u0101vda\u013cu.<\/p>\n<p>Baleta virsotnes un kino zvaigzne<\/p>\n<p>Haralds Ritenbergs bija Latvijas Nacion\u0101l\u0101s operas un baleta (LNOB) trupas spo\u017es solists no 1951. l\u012bdz 1977. gadam. Vi\u0146a sniegumu raksturoja ne tikai izcil\u0101 tehnisk\u0101 meistar\u012bba, bet ar\u012b plastisk\u0101 elegance, iek\u0161\u0113j\u0101 noska\u0146a un v\u012bri\u0161\u0137\u012bgs c\u0113lums, kas valdzin\u0101ja skat\u012bt\u0101ju paaudzes. Ritenbergs atveidojis vair\u0101k nek\u0101 \u010detrdesmit noz\u012bm\u012bgas baleta lomas, tostarp Zigfr\u012bdu balet\u0101 \u201cGulbju ezers\u201d, princi Albertu balet\u0101 \u201c\u017dizele\u201d, titullomu balet\u0101 \u201c\u0160akuntala\u201d, Gireju balet\u0101 \u201cBah\u010disarajas str\u016bklaka\u201d, P\u0113ru Gintu un Romeo balet\u0101 \u201cRomeo un D\u017euljeta\u201d.<\/p>\n<p>\u012apa\u0161u atzin\u012bbu vi\u0146\u0161 sa\u0146\u0113ma par Ako lomu balet\u0101 \u201cRigonda\u201d 1959. gad\u0101, par ko tika pie\u0161\u0137irta Latvijas PSR Valsts pr\u0113mija. Vi\u0146\u0161 ieguvis ar\u012b Latvijas PSR Nopelniem bag\u0101t\u0101 skatuves m\u0101kslinieka (1958) un Latvijas PSR Tautas skatuves m\u0101kslinieka (1965) goda nosaukumus, k\u0101 ar\u012b ceturt\u0101s \u0161\u0137iras Triju Zvaig\u017e\u0146u ordeni (1999).<\/p>\n<p>Neaizmirstam\u0101s kino lomas<\/p>\n<p>Ritenberga talants pla\u0161i izpaud\u0101s ar\u012b latvie\u0161u kino. Vi\u0146a atveidot\u0101s lomas t\u0101d\u0101s film\u0101s k\u0101 \u201c\u0160\u0137\u0113ps un roze\u201d, \u201cNauris\u201d, \u201cVella kalpi\u201d un \u201cVella kalpi vella dzirnav\u0101s\u201d ieguva pla\u0161u skat\u012bt\u0101ju m\u012blest\u012bbu un k\u013cuva par noz\u012bm\u012bgu Latvijas kino v\u0113stures da\u013cu. Vi\u0146a t\u0113lojums \u012bpa\u0161i iepatik\u0101s jaunie\u0161u vid\u016b, jo vi\u0146a varo\u0146i valdzin\u0101ja ar sirsn\u012bgu lirismu, maksim\u0101lismu c\u012b\u0146\u0101 pret netaisn\u012bbu un dedz\u012bbu, aizst\u0101vot savu m\u012blest\u012bbu.<\/p>\n<p>Mantojums pedago\u0123ij\u0101<\/p>\n<p>L\u012bdztekus spo\u017eajai m\u0101kslinieciskajai karjerai, Haralds Ritenbergs sniedza iev\u0113rojamu ieguld\u012bjumu horeogr\u0101fijas pedago\u0123ij\u0101. No 1978. l\u012bdz 2017. gadam vi\u0146\u0161 bija R\u012bgas Horeogr\u0101fijas vidusskolas (tagad \u2013 R\u012bgas Baleta skola) pedagogs, direktors un m\u0101kslinieciskais vad\u012bt\u0101js. Vi\u0146a vad\u012bb\u0101 izaugu\u0161i daudzi Latvijas baleta solisti un trupas dejot\u0101ji, nodro\u0161inot m\u0101kslinieka darba un ide\u0101lu p\u0101rmantojam\u012bbu t\u0101l\u0101kaj\u0101s paaudz\u0113s.<\/p>\n<p>Latvijas Nacion\u0101l\u0101 opera un balets paudusi visdzi\u013c\u0101ko l\u012bdzj\u016bt\u012bbu m\u0101kslinieka \u0123imenei, kol\u0113\u0123iem, audz\u0113k\u0146iem un visiem talanta cien\u012bt\u0101jiem \u0161ai smagaj\u0101 br\u012bd\u012b. Haralda Ritenberga aizie\u0161ana iez\u012bm\u0113 ne tikai talant\u012bga m\u0101kslinieka zaud\u0113jumu, bet ar\u012b noz\u012bm\u012bgu noda\u013cu sl\u0113g\u0161anos Latvijas kult\u016bras v\u0113stur\u0113. Vi\u0146\u0161 paliks atmi\u0146\u0101 k\u0101 izcils m\u0101kslinieks, iedvesmojo\u0161s pedagogs un kult\u016bras ikona.<\/p>\n","protected":false},"excerpt":{"rendered":"Latvijas kult\u016bru satricina s\u0113ru v\u0113sts 2025. gada 21. decembr\u012b m\u016b\u017e\u012bb\u0101 ir aizg\u0101jis viens no visu laiku izcil\u0101kajiem latvie\u0161u&hellip;\n","protected":false},"author":2,"featured_media":92842,"comment_status":"","ping_status":"","sticky":false,"template":"","format":"standard","meta":{"footnotes":""},"categories":[19],"tags":[4427,89,20739,90,22345,35,39,38,36,37,34,40,6803,22861],"class_list":{"0":"post-92841","1":"post","2":"type-post","3":"status-publish","4":"format-standard","5":"has-post-thumbnail","7":"category-izklaide","8":"tag-baletdejotajs","9":"tag-entertainment","10":"tag-haralds-ritenbergs","11":"tag-izklaide","12":"tag-kinoaktieris","13":"tag-latvia","14":"tag-latvian","15":"tag-latviesu","16":"tag-latviesu-valoda","17":"tag-latviesuvaloda","18":"tag-latvija","19":"tag-lv","20":"tag-muziba","21":"tag-vella-kalps"},"share_on_mastodon":{"url":"https:\/\/pubeurope.com\/@lv\/115827045962059364","error":""},"_links":{"self":[{"href":"https:\/\/www.europesays.com\/lv\/wp-json\/wp\/v2\/posts\/92841","targetHints":{"allow":["GET"]}}],"collection":[{"href":"https:\/\/www.europesays.com\/lv\/wp-json\/wp\/v2\/posts"}],"about":[{"href":"https:\/\/www.europesays.com\/lv\/wp-json\/wp\/v2\/types\/post"}],"author":[{"embeddable":true,"href":"https:\/\/www.europesays.com\/lv\/wp-json\/wp\/v2\/users\/2"}],"replies":[{"embeddable":true,"href":"https:\/\/www.europesays.com\/lv\/wp-json\/wp\/v2\/comments?post=92841"}],"version-history":[{"count":0,"href":"https:\/\/www.europesays.com\/lv\/wp-json\/wp\/v2\/posts\/92841\/revisions"}],"wp:featuredmedia":[{"embeddable":true,"href":"https:\/\/www.europesays.com\/lv\/wp-json\/wp\/v2\/media\/92842"}],"wp:attachment":[{"href":"https:\/\/www.europesays.com\/lv\/wp-json\/wp\/v2\/media?parent=92841"}],"wp:term":[{"taxonomy":"category","embeddable":true,"href":"https:\/\/www.europesays.com\/lv\/wp-json\/wp\/v2\/categories?post=92841"},{"taxonomy":"post_tag","embeddable":true,"href":"https:\/\/www.europesays.com\/lv\/wp-json\/wp\/v2\/tags?post=92841"}],"curies":[{"name":"wp","href":"https:\/\/api.w.org\/{rel}","templated":true}]}}