{"id":92872,"date":"2026-01-02T19:56:18","date_gmt":"2026-01-02T19:56:18","guid":{"rendered":"https:\/\/www.europesays.com\/lv\/92872\/"},"modified":"2026-01-02T19:56:18","modified_gmt":"2026-01-02T19:56:18","slug":"sodien-lidz-ar-siltaku-laiku-gaidams-slapjs-sniegs-un-lietus-1188-lv","status":"publish","type":"post","link":"https:\/\/www.europesays.com\/lv\/92872\/","title":{"rendered":"\u0160odien l\u012bdz ar silt\u0101ku laiku gaid\u0101ms slapj\u0161 sniegs un lietus &#8211; 1188.lv"},"content":{"rendered":"<ol>\n<li><a href=\"https:\/\/news.google.com\/rss\/articles\/CBMilwFBVV95cUxQZ1l6UVZieC01S01vN0JIU21YNHRDZ0ZDLXZTZ2pNVDljS25meE9EZS16SmVQNnpjdjRhSEJTMGhxU2JhS3NCRTZqSmVRQ3E1UllQTUlqVXZsSDFCRzlTaHFZejlRUUR5QlcxVDV1UndoRlE5VXZrc3RnLUs5RWdkeUxGaExDMlZOTXZoZTBwLUw4b3Fobmxz?oc=5\" target=\"_blank\" rel=\"nofollow noopener\">\u0160odien l\u012bdz ar silt\u0101ku laiku gaid\u0101ms slapj\u0161 sniegs un lietus<\/a>&nbsp;&nbsp;1188.lv<\/li>\n<li><a href=\"https:\/\/news.google.com\/rss\/articles\/CBMizgFBVV95cUxOMmtfb3VDUkMta1VrU3hIM3Nkcl9XTXFwcTVMamg3OVp0QXN6RmVpNlNqb2htdkstUk1INzBuUU1WM202b19tMUgxNWlxMXhHMERYXzRULXFHSFRhZ2dQRlhod2VLbzFtWXNVUTRneFJhTnE4YllvaUhJQ0RyWS1BSXZuWVZtVWhsVHVXLS1OU3k5M05ZRlZrVkQ2MVR3dHczdlBoZnIxVEdreEpxUU5JN1FzOERxdURpVUtfMW1VOXlteUlyVXY5ZUI5UnU3QQ?oc=5\" target=\"_blank\" rel=\"nofollow noopener\">L\u012bdz ar silt\u0101ku laiku piektdien gaid\u0101ms slapj\u0161 sniegs un lietus \/ Raksts<\/a>&nbsp;&nbsp;LSM<\/li>\n<li><a href=\"https:\/\/news.google.com\/rss\/articles\/CBMiigFBVV95cUxQYS0xSXFFZ0ZqU1JRR3pCTW12TXVPZDVzLW5ic0VObF9XMEVncENYTzhCYVBFTUQ2MGpFcFVwXzZCRmdNOTFzRUFPTlhBemZObXRGeEhqZS1oZE5uMERvbzBLZjRlOUhVakQwYi1ONm0tTVcxdmlnUFA0VWs0b05JTDFQWHV4d0NzT0E?oc=5\" target=\"_blank\" rel=\"nofollow noopener\">Piektdien k\u013c\u016bs silt\u0101ks; viet\u0101m sniegs p\u0101ries liet\u016b<\/a>&nbsp;&nbsp;TVNET &#8211; Laika zi\u0146as<\/li>\n<li><a href=\"https:\/\/news.google.com\/rss\/articles\/CBMiyAFBVV95cUxOLW1nN1dxaW1JblJtSlB4RUlTTXltdkVjTEMtVEFlTGY4TmtILWhwUDN3UXRZNFdhUENiel9sV1ktaEtxQXh3Q1RvTjh0dFdHNFp6bkloNkFYdC1xblNFOEpPMGlGX2tSNFppOEk1TWQ4WS1hVHlHcG9IakRzdUdJUGxBLVR5cnJvaU1SeERfSkNMLTAzbHMzWTZZMzBqUkxWMU82eVNCNVBxM2U5UGswUUFmNnp2V0k5REVQWlBqTlNrZ3FJUVZGcA?oc=5\" target=\"_blank\" rel=\"nofollow noopener\">Piektdien Latvij\u0101 silt\u0101ks laiks atnes\u012bs slapju sniegu un lietu, viet\u0101m iesp\u0113jama atkala<\/a>&nbsp;&nbsp;Lente.lv<\/li>\n<li><a href=\"https:\/\/news.google.com\/rss\/articles\/CBMitAFBVV95cUxNYmxHUkI1eU40WlFSNmE2NmduelFYMmJWb09BbldpZktHSUF1S2Y4Ul9SN2NsRk54VGdiWkt6d05rMUVhZ252UmZLdzQ2aTFGWHJqZU51S3ZOYXgtQ0xhQnpxVW9hci04dF9KbnBUSFFSV3hRRlRON2tIc0VSa3A4b0JFRW16d0xWeXRvU1A5N3J5b1N3dURUa1dFMm1adzB1aTRZZDJrR245TTJ5bFNtR3pUT1U?oc=5\" target=\"_blank\" rel=\"nofollow noopener\">L\u012bdz ar silt\u0101ku laiku piektdien gaid\u0101ms slapj\u0161 sniegs un lietus<\/a>&nbsp;&nbsp;Diena<\/li>\n<\/ol>\n","protected":false},"excerpt":{"rendered":"\u0160odien l\u012bdz ar silt\u0101ku laiku gaid\u0101ms slapj\u0161 sniegs un lietus&nbsp;&nbsp;1188.lv L\u012bdz ar silt\u0101ku laiku piektdien gaid\u0101ms slapj\u0161 sniegs&hellip;\n","protected":false},"author":2,"featured_media":92873,"comment_status":"","ping_status":"","sticky":false,"template":"","format":"standard","meta":{"footnotes":""},"categories":[12],"tags":[129,1395,3333,23007,23,28,29,32,33,22,30,31,35,39,38,36,37,34,40,20,26,27,3334,1396,23008,3335,1397,23009,24,25,21],"class_list":{"0":"post-92872","1":"post","2":"type-post","3":"status-publish","4":"format-standard","5":"has-post-thumbnail","7":"category-latvija","8":"tag-__typenameadvicekeyword","9":"tag-id408","10":"tag-id563","11":"tag-id565","12":"tag-aktualitates","13":"tag-breaking-news","14":"tag-breakingnews","15":"tag-featured-news","16":"tag-featurednews","17":"tag-headlines","18":"tag-latest-news","19":"tag-latestnews","20":"tag-latvia","21":"tag-latvian","22":"tag-latviesu","23":"tag-latviesu-valoda","24":"tag-latviesuvaloda","25":"tag-latvija","26":"tag-lv","27":"tag-news","28":"tag-popularakas-zinas","29":"tag-popularakaszinas","30":"tag-sluglaika-zina","31":"tag-sluglaikapstakli","32":"tag-slugsniegs","33":"tag-titlelaika-zina","34":"tag-titlelaikapstakli","35":"tag-titlesniegs","36":"tag-top-stories","37":"tag-topstories","38":"tag-zinas"},"share_on_mastodon":{"url":"https:\/\/pubeurope.com\/@lv\/115827270120049272","error":""},"_links":{"self":[{"href":"https:\/\/www.europesays.com\/lv\/wp-json\/wp\/v2\/posts\/92872","targetHints":{"allow":["GET"]}}],"collection":[{"href":"https:\/\/www.europesays.com\/lv\/wp-json\/wp\/v2\/posts"}],"about":[{"href":"https:\/\/www.europesays.com\/lv\/wp-json\/wp\/v2\/types\/post"}],"author":[{"embeddable":true,"href":"https:\/\/www.europesays.com\/lv\/wp-json\/wp\/v2\/users\/2"}],"replies":[{"embeddable":true,"href":"https:\/\/www.europesays.com\/lv\/wp-json\/wp\/v2\/comments?post=92872"}],"version-history":[{"count":0,"href":"https:\/\/www.europesays.com\/lv\/wp-json\/wp\/v2\/posts\/92872\/revisions"}],"wp:featuredmedia":[{"embeddable":true,"href":"https:\/\/www.europesays.com\/lv\/wp-json\/wp\/v2\/media\/92873"}],"wp:attachment":[{"href":"https:\/\/www.europesays.com\/lv\/wp-json\/wp\/v2\/media?parent=92872"}],"wp:term":[{"taxonomy":"category","embeddable":true,"href":"https:\/\/www.europesays.com\/lv\/wp-json\/wp\/v2\/categories?post=92872"},{"taxonomy":"post_tag","embeddable":true,"href":"https:\/\/www.europesays.com\/lv\/wp-json\/wp\/v2\/tags?post=92872"}],"curies":[{"name":"wp","href":"https:\/\/api.w.org\/{rel}","templated":true}]}}