{"id":92911,"date":"2026-01-02T21:20:08","date_gmt":"2026-01-02T21:20:08","guid":{"rendered":"https:\/\/www.europesays.com\/lv\/92911\/"},"modified":"2026-01-02T21:20:08","modified_gmt":"2026-01-02T21:20:08","slug":"spradzienu-bauskas-iela-vareja-izraisit-bezatbildiga-riciba","status":"publish","type":"post","link":"https:\/\/www.europesays.com\/lv\/92911\/","title":{"rendered":"Spr\u0101dzienu Bauskas iel\u0101 var\u0113ja izrais\u012bt bezatbild\u012bga r\u012bc\u012bba"},"content":{"rendered":"<p>Piektdienas vakar\u0101 Kozlovskis kl\u0101tien\u0113 nov\u0113rt\u0113ja situ\u0101ciju Bauskas iel\u0101, kur daudzdz\u012bvok\u013cu m\u0101j\u0101 p\u0113cpusdien\u0101, pirm\u0161\u0137ietami, neleg\u0101la g\u0101zes piesl\u0113guma d\u0113\u013c notika spr\u0101dziens, vien\u0101 k\u0101p\u0146u telp\u0101 sagraujot divus \u0113kas aug\u0161\u0113jos st\u0101vus, inform\u0113ja ministra padomniece El\u012bna B\u012bvi\u0146a.<\/p>\n<p>&#8220;Notikuma viet\u0101 str\u0101d\u0101 visi atbild\u012bgie dienesti, tikl\u012bdz gl\u0101b\u0161anas darbi b\u016bs pabeigti, Valsts policija apsekos notikuma vietu. \u0160obr\u012bd Valsts policija ir s\u0101kusi izmekl\u0113\u0161anu un noskaidros visas notiku\u0161\u0101 deta\u013cas, lai sauktu pie atbild\u012bbas tos, kuri izrais\u012bju\u0161i \u0161\u0101du \u0101rk\u0101rtas situ\u0101ciju,&#8221; pau\u017e ministrs.<\/p>\n<p>Vi\u0146\u0161 izteica l\u012bdzj\u016bt\u012bbu boj\u0101 g\u0101ju\u0161\u0101 uz\u0146\u0113muma AS &#8220;Gaso&#8221; darbinieka tuviniekiem.<\/p>\n<p>Jau rakst\u012bts, ka &#8220;Gaso&#8221; Av\u0101rijas dienests piektdien plkst. 14.58 sa\u0146\u0113ma inform\u0101ciju par g\u0101zes smaku k\u0101p\u0146u telp\u0101 dz\u012bvojam\u0101 m\u0101j\u0101 Bauskas iel\u0101. Av\u0101rijas dienesta brig\u0101de ierad\u0101s izsaukuma viet\u0101 plkst. 15.05.<\/p>\n<p>Apsekojot \u0113ku, &#8220;Gaso&#8221; darbinieki konstat\u0113ja g\u0101zes koncentr\u0101ciju pie viena no m\u0101jas 5. st\u0101va dz\u012bvok\u013ciem. Dz\u012bvokl\u012b eso\u0161\u0101 persona pav\u0113ra durvis, bet, ieraugot &#8220;Gaso&#8221; darbiniekus, durvis aizv\u0113ra, liedzot speci\u0101listiem iek\u013c\u016bt dz\u012bvokl\u012b.<\/p>\n<p>&#8220;Gaso&#8221; darbinieki s\u0101ka neatliekamo dro\u0161\u012bbas pas\u0101kumu veik\u0161anu, tika p\u0101rtraukta g\u0101zes padeve k\u0101p\u0146u telpai un \u0113kai.<\/p>\n<p>T\u0101 k\u0101 &#8220;Gaso&#8221; darbiniekiem bija pamatotas aizdomas par nelikum\u012bg\u0101m darb\u012bb\u0101m ar \u0113kas g\u0101zesvadu, tika izsaukts Valsts ugunsdz\u0113s\u012bbas un gl\u0101b\u0161anas dienests un Valsts policija.<\/p>\n<p>Darbu veik\u0161anas laik\u0101, vienam no &#8220;Gaso&#8221; darbiniekiem atrodoties m\u0101jas k\u0101p\u0146u telp\u0101, notika spr\u0101dziens 5. st\u0101va dz\u012bvokl\u012b. K\u0101 apstiprin\u0101ja uz\u0146\u0113muma valdes priek\u0161s\u0113d\u0113t\u0101ja Ilze P\u0113tersone-Godmane, spr\u0101dziena rezult\u0101t\u0101 notikuma viet\u0101 boj\u0101 g\u0101ja &#8220;Gaso&#8221; darbinieks.<\/p>\n<p>Valsts policij\u0101 a\u0123ent\u016brai LETA pav\u0113st\u012bja, ka par notiku\u0161o uzs\u0101kts krimin\u0101lprocess par noziedz\u012bgiem nodar\u012bjumiem pret visp\u0101r\u0113jo dro\u0161\u012bbu un sabiedrisko k\u0101rt\u012bbu.<\/p>\n","protected":false},"excerpt":{"rendered":"Piektdienas vakar\u0101 Kozlovskis kl\u0101tien\u0113 nov\u0113rt\u0113ja situ\u0101ciju Bauskas iel\u0101, kur daudzdz\u012bvok\u013cu m\u0101j\u0101 p\u0113cpusdien\u0101, pirm\u0161\u0137ietami, neleg\u0101la g\u0101zes piesl\u0113guma d\u0113\u013c notika&hellip;\n","protected":false},"author":2,"featured_media":57254,"comment_status":"","ping_status":"","sticky":false,"template":"","format":"standard","meta":{"footnotes":""},"categories":[12],"tags":[23,28,29,32,33,5666,23290,22,11089,30,31,35,39,38,36,37,34,40,20,26,27,172,1398,24,25,21],"class_list":{"0":"post-92911","1":"post","2":"type-post","3":"status-publish","4":"format-standard","5":"has-post-thumbnail","7":"category-latvija","8":"tag-aktualitates","9":"tag-breaking-news","10":"tag-breakingnews","11":"tag-featured-news","12":"tag-featurednews","13":"tag-gaso","14":"tag-gazesvads","15":"tag-headlines","16":"tag-iekslietu-ministrs","17":"tag-latest-news","18":"tag-latestnews","19":"tag-latvia","20":"tag-latvian","21":"tag-latviesu","22":"tag-latviesu-valoda","23":"tag-latviesuvaloda","24":"tag-latvija","25":"tag-lv","26":"tag-news","27":"tag-popularakas-zinas","28":"tag-popularakaszinas","29":"tag-riga","30":"tag-rihards-kozlovskis","31":"tag-top-stories","32":"tag-topstories","33":"tag-zinas"},"share_on_mastodon":{"url":"https:\/\/pubeurope.com\/@lv\/115827600424831513","error":""},"_links":{"self":[{"href":"https:\/\/www.europesays.com\/lv\/wp-json\/wp\/v2\/posts\/92911","targetHints":{"allow":["GET"]}}],"collection":[{"href":"https:\/\/www.europesays.com\/lv\/wp-json\/wp\/v2\/posts"}],"about":[{"href":"https:\/\/www.europesays.com\/lv\/wp-json\/wp\/v2\/types\/post"}],"author":[{"embeddable":true,"href":"https:\/\/www.europesays.com\/lv\/wp-json\/wp\/v2\/users\/2"}],"replies":[{"embeddable":true,"href":"https:\/\/www.europesays.com\/lv\/wp-json\/wp\/v2\/comments?post=92911"}],"version-history":[{"count":0,"href":"https:\/\/www.europesays.com\/lv\/wp-json\/wp\/v2\/posts\/92911\/revisions"}],"wp:featuredmedia":[{"embeddable":true,"href":"https:\/\/www.europesays.com\/lv\/wp-json\/wp\/v2\/media\/57254"}],"wp:attachment":[{"href":"https:\/\/www.europesays.com\/lv\/wp-json\/wp\/v2\/media?parent=92911"}],"wp:term":[{"taxonomy":"category","embeddable":true,"href":"https:\/\/www.europesays.com\/lv\/wp-json\/wp\/v2\/categories?post=92911"},{"taxonomy":"post_tag","embeddable":true,"href":"https:\/\/www.europesays.com\/lv\/wp-json\/wp\/v2\/tags?post=92911"}],"curies":[{"name":"wp","href":"https:\/\/api.w.org\/{rel}","templated":true}]}}