{"id":92915,"date":"2026-01-02T21:34:12","date_gmt":"2026-01-02T21:34:12","guid":{"rendered":"https:\/\/www.europesays.com\/lv\/92915\/"},"modified":"2026-01-02T21:34:12","modified_gmt":"2026-01-02T21:34:12","slug":"lelde-dreimane-pielauj-romantisku-saikni-ar-arturu-pec-sova-randins-ar-divam-lente-lv","status":"publish","type":"post","link":"https:\/\/www.europesays.com\/lv\/92915\/","title":{"rendered":"Lelde Dreimane pie\u013cauj romantisku saikni ar Art\u016bru p\u0113c \u0161ova &#8220;Randi\u0146\u0161 ar div\u0101m&#8221;\u00a0\u2014\u00a0Lente.lv"},"content":{"rendered":"<p>Jaunas attiec\u012bbas p\u0113c telev\u012bzijas ekr\u0101niem<\/p>\n<p>Aktrise Lelde Dreimane, kura nesen piedal\u012bj\u0101s iepaz\u012b\u0161an\u0101s \u0161ov\u0101 &#8220;Randi\u0146\u0161 ar div\u0101m&#8221;, \u0161obr\u012bd soci\u0101lajos medijos sniegusi m\u0101jienus, ka vi\u0146as sirds var\u0113tu b\u016bt aiz\u0146emta. Lai gan \u0161ova fin\u0101l\u0101 vi\u0146a publiski neizv\u0113l\u0113j\u0101s nevienu no pretendentiem, jaun\u0101k\u0101s fotogr\u0101fijas un ieraksti liecina par iesp\u0113jamu romantisku saist\u012bbu ar vienu no \u0161ova dal\u012bbniekiem \u2013 Art\u016bru.<\/p>\n<p>Soci\u0101lo mediju pavedieni<\/p>\n<p>P\u0113c \u0161ova nosl\u0113guma, kur\u0101 Lelde pie\u0146\u0113ma negaid\u012btu l\u0113mumu, neizveidojot p\u0101ri ar nevienu no fin\u0101listiem, vi\u0146a ir k\u013cuvusi akt\u012bv\u0101ka savu person\u012bgo dz\u012bves mirk\u013cu public\u0113\u0161an\u0101. P\u0113d\u0113j\u0101s ned\u0113\u013c\u0101s Lelde soci\u0101lajos t\u012bklos dal\u012bjusies ar vair\u0101k\u0101m fotogr\u0101fij\u0101m, kur\u0101s redzama kop\u0101 ar Art\u016bru. \u0160ie att\u0113li, kuros p\u0101ris kop\u0101 dodas izbraucienos, apmekl\u0113 pas\u0101kumus un vienk\u0101r\u0161i bauda laiku kop\u0101, liek dom\u0101t, ka vi\u0146u iepaz\u012b\u0161an\u0101s \u0161ov\u0101 nav beigusies ar fin\u0101la beig\u0101m, bet gan turpin\u0101s ar\u012b \u0101rpus telev\u012bzijas kameru redzesloka.<\/p>\n<p>Art\u016bra reakcija un abu kop\u012bg\u0101 dinamika<\/p>\n<p>Lai gan Lelde v\u0113l nav sniegusi tie\u0161us koment\u0101rus par attiec\u012bbu statusu, vi\u0146as soci\u0101lo mediju aktivit\u0101tes ir pietiekami izteiksm\u012bgas. Ar\u012b Art\u016brs, kur\u0161 piedal\u012bj\u0101s \u0161ov\u0101 ar cer\u012bbu iepaz\u012bt Leldi tuv\u0101k, \u0161obr\u012bd akt\u012bvi rea\u0123\u0113 uz Leldes public\u0113tajiem att\u0113liem, atst\u0101jot romantiskus koment\u0101rus un sirsni\u0146u emocijz\u012bmes. Abu dinamika \u0161\u0137iet harmoniska un sirsn\u012bga, kas rada iespaidu par veiksm\u012bgi att\u012bst\u012bju\u0161os saikni.<\/p>\n<p>\u0160ova konteksts un Leldes l\u0113muma motiv\u0101cija<\/p>\n<p>Iepaz\u012b\u0161an\u0101s \u0161ovs &#8220;Randi\u0146\u0161 ar div\u0101m&#8221; deva iesp\u0113ju Leldes Dreimanei iepaz\u012bt vair\u0101kus potenci\u0101los partnerus. Lai gan fin\u0101l\u0101 vi\u0146a izv\u0113l\u0113j\u0101s nepalikt kop\u0101 ar k\u0101du no v\u012brie\u0161iem, publiski izteiktie argumenti par to, ka v\u0113l nebija gatava pilnv\u0113rt\u012bg\u0101m attiec\u012bb\u0101m vai ka j\u016bt, ka ar nevienu nav radusies t\u0101 \u012bst\u0101 dzirksts, nu \u0161\u0137iet ieguvu\u0161i jaunu skat\u012bjumu. Iesp\u0113jams, ka tie\u0161i laiks, kas pavad\u012bts kop\u0101 p\u0113c \u0161ova, ir \u013c\u0101vis Leldes j\u016bt\u0101m nobriest un saprast, ka ar Art\u016bru ir izveidojusies \u012bpa\u0161a saikne.<\/p>\n<p>N\u0101kotnes perspekt\u012bvas<\/p>\n<p>Lai gan ofici\u0101ls apstiprin\u0101jums par p\u0101ra attiec\u012bbu statusu v\u0113l nav sa\u0146emts, Lelde Dreimanes un Art\u016bra kop\u012bg\u0101s fotogr\u0101fijas un savstarp\u0113j\u0101 komunik\u0101cija soci\u0101lajos medijos sniedz skaidru m\u0101jienu par to, ka vi\u0146u kop\u012bg\u0101 ce\u013ca s\u0101kums ir veiksm\u012bgs. Fani un sekot\u0101ji ar interesi v\u0113ro abu att\u012bst\u012bbu, cerot uz jaun\u0101m zi\u0146\u0101m un fotogr\u0101fij\u0101m, kas apliecin\u0101tu vi\u0146u romantisko st\u0101stu.<\/p>\n","protected":false},"excerpt":{"rendered":"Jaunas attiec\u012bbas p\u0113c telev\u012bzijas ekr\u0101niem Aktrise Lelde Dreimane, kura nesen piedal\u012bj\u0101s iepaz\u012b\u0161an\u0101s \u0161ov\u0101 &#8220;Randi\u0146\u0161 ar div\u0101m&#8221;, \u0161obr\u012bd soci\u0101lajos&hellip;\n","protected":false},"author":2,"featured_media":92916,"comment_status":"","ping_status":"","sticky":false,"template":"","format":"standard","meta":{"footnotes":""},"categories":[19],"tags":[20775,89,90,35,39,38,36,37,34,21687,6843,3714,40,3715],"class_list":{"0":"post-92915","1":"post","2":"type-post","3":"status-publish","4":"format-standard","5":"has-post-thumbnail","7":"category-izklaide","8":"tag-arturs","9":"tag-entertainment","10":"tag-izklaide","11":"tag-latvia","12":"tag-latvian","13":"tag-latviesu","14":"tag-latviesu-valoda","15":"tag-latviesuvaloda","16":"tag-latvija","17":"tag-latvijas-slavenibas","18":"tag-latvijas-sovi","19":"tag-lelde-dreimane","20":"tag-lv","21":"tag-randins-ar-divam"},"share_on_mastodon":{"url":"https:\/\/pubeurope.com\/@lv\/115827655504302335","error":""},"_links":{"self":[{"href":"https:\/\/www.europesays.com\/lv\/wp-json\/wp\/v2\/posts\/92915","targetHints":{"allow":["GET"]}}],"collection":[{"href":"https:\/\/www.europesays.com\/lv\/wp-json\/wp\/v2\/posts"}],"about":[{"href":"https:\/\/www.europesays.com\/lv\/wp-json\/wp\/v2\/types\/post"}],"author":[{"embeddable":true,"href":"https:\/\/www.europesays.com\/lv\/wp-json\/wp\/v2\/users\/2"}],"replies":[{"embeddable":true,"href":"https:\/\/www.europesays.com\/lv\/wp-json\/wp\/v2\/comments?post=92915"}],"version-history":[{"count":0,"href":"https:\/\/www.europesays.com\/lv\/wp-json\/wp\/v2\/posts\/92915\/revisions"}],"wp:featuredmedia":[{"embeddable":true,"href":"https:\/\/www.europesays.com\/lv\/wp-json\/wp\/v2\/media\/92916"}],"wp:attachment":[{"href":"https:\/\/www.europesays.com\/lv\/wp-json\/wp\/v2\/media?parent=92915"}],"wp:term":[{"taxonomy":"category","embeddable":true,"href":"https:\/\/www.europesays.com\/lv\/wp-json\/wp\/v2\/categories?post=92915"},{"taxonomy":"post_tag","embeddable":true,"href":"https:\/\/www.europesays.com\/lv\/wp-json\/wp\/v2\/tags?post=92915"}],"curies":[{"name":"wp","href":"https:\/\/api.w.org\/{rel}","templated":true}]}}