{"id":92917,"date":"2026-01-02T21:43:09","date_gmt":"2026-01-02T21:43:09","guid":{"rendered":"https:\/\/www.europesays.com\/lv\/92917\/"},"modified":"2026-01-02T21:43:09","modified_gmt":"2026-01-02T21:43:09","slug":"tramps-pirmaja-gada-pec-atgriesanas-baltaja-nama-dubultojis-savu-bagatibu","status":"publish","type":"post","link":"https:\/\/www.europesays.com\/lv\/92917\/","title":{"rendered":"Tramps pirmaj\u0101 gad\u0101 p\u0113c atgrie\u0161an\u0101s Baltaj\u0101 nam\u0101 dubultojis savu bag\u0101t\u012bbu"},"content":{"rendered":"<p>S\u0101kot prezident\u016bru, Trampa bag\u0101t\u012bba tika l\u0113sta ap 4,5 miljardiem dol\u0101ru, ta\u010du n\u0101kamajos gados t\u0101 samazin\u0101j\u0101s l\u012bdz aptuveni 2,1 miljardam dol\u0101ru, liecina \u201cForbes\u201d dati. Laika posm\u0101 no 2022. l\u012bdz 2024. gadam v\u0113rt\u0113jumi atkal pieauga l\u012bdz 3\u20134 miljardiem dol\u0101ru, bet p\u0113c p\u0101rv\u0113l\u0113\u0161anas 2024. gad\u0101 Trampa bag\u0101t\u012bba strauji pieauga. Jaun\u0101k\u0101s apl\u0113ses, tostarp 2026. gada janv\u0101r\u012b, liecina par aptuveni 6,6 miljardu dol\u0101ru neto v\u0113rt\u012bbu.<\/p>\n","protected":false},"excerpt":{"rendered":"S\u0101kot prezident\u016bru, Trampa bag\u0101t\u012bba tika l\u0113sta ap 4,5 miljardiem dol\u0101ru, ta\u010du n\u0101kamajos gados t\u0101 samazin\u0101j\u0101s l\u012bdz aptuveni 2,1&hellip;\n","protected":false},"author":2,"featured_media":92918,"comment_status":"","ping_status":"","sticky":false,"template":"","format":"standard","meta":{"footnotes":""},"categories":[14],"tags":[23,57,28,29,32,33,22,30,31,35,39,38,36,37,34,40,20,26,27,24,25,54,55,56,21,58],"class_list":{"0":"post-92917","1":"post","2":"type-post","3":"status-publish","4":"format-standard","5":"has-post-thumbnail","7":"category-zinas-no-arvalstim","8":"tag-aktualitates","9":"tag-arvalstim","10":"tag-breaking-news","11":"tag-breakingnews","12":"tag-featured-news","13":"tag-featurednews","14":"tag-headlines","15":"tag-latest-news","16":"tag-latestnews","17":"tag-latvia","18":"tag-latvian","19":"tag-latviesu","20":"tag-latviesu-valoda","21":"tag-latviesuvaloda","22":"tag-latvija","23":"tag-lv","24":"tag-news","25":"tag-popularakas-zinas","26":"tag-popularakaszinas","27":"tag-top-stories","28":"tag-topstories","29":"tag-world","30":"tag-world-news","31":"tag-worldnews","32":"tag-zinas","33":"tag-zinas-no-arvalstim"},"share_on_mastodon":{"url":"https:\/\/pubeurope.com\/@lv\/115827690989829341","error":""},"_links":{"self":[{"href":"https:\/\/www.europesays.com\/lv\/wp-json\/wp\/v2\/posts\/92917","targetHints":{"allow":["GET"]}}],"collection":[{"href":"https:\/\/www.europesays.com\/lv\/wp-json\/wp\/v2\/posts"}],"about":[{"href":"https:\/\/www.europesays.com\/lv\/wp-json\/wp\/v2\/types\/post"}],"author":[{"embeddable":true,"href":"https:\/\/www.europesays.com\/lv\/wp-json\/wp\/v2\/users\/2"}],"replies":[{"embeddable":true,"href":"https:\/\/www.europesays.com\/lv\/wp-json\/wp\/v2\/comments?post=92917"}],"version-history":[{"count":0,"href":"https:\/\/www.europesays.com\/lv\/wp-json\/wp\/v2\/posts\/92917\/revisions"}],"wp:featuredmedia":[{"embeddable":true,"href":"https:\/\/www.europesays.com\/lv\/wp-json\/wp\/v2\/media\/92918"}],"wp:attachment":[{"href":"https:\/\/www.europesays.com\/lv\/wp-json\/wp\/v2\/media?parent=92917"}],"wp:term":[{"taxonomy":"category","embeddable":true,"href":"https:\/\/www.europesays.com\/lv\/wp-json\/wp\/v2\/categories?post=92917"},{"taxonomy":"post_tag","embeddable":true,"href":"https:\/\/www.europesays.com\/lv\/wp-json\/wp\/v2\/tags?post=92917"}],"curies":[{"name":"wp","href":"https:\/\/api.w.org\/{rel}","templated":true}]}}