{"id":92931,"date":"2026-01-02T22:21:24","date_gmt":"2026-01-02T22:21:24","guid":{"rendered":"https:\/\/www.europesays.com\/lv\/92931\/"},"modified":"2026-01-02T22:21:24","modified_gmt":"2026-01-02T22:21:24","slug":"abols-par-u20-izlases-sniegumu-vairakuma-greks-zeloties-hokejs-sportacentrs-com","status":"publish","type":"post","link":"https:\/\/www.europesays.com\/lv\/92931\/","title":{"rendered":"\u0100bols par U20 izlases sniegumu vair\u0101kum\u0101: &quot;Gr\u0113ks \u017e\u0113loties&quot; \u2013 Hokejs &#8211; Sportacentrs.com"},"content":{"rendered":"<ol>\n<li><a href=\"https:\/\/news.google.com\/rss\/articles\/CBMilAFBVV95cUxOY0o2Sm5Jd0trcVpyZ0t4eFFkOUoteHRVRHRjNnEtbDFKZWVHRk5Lc21LelN1dkVNbkdPNm55QWNnZ3FGSEZVYnVtcHhJZ1l6S3ZHYzhkMm14dnB1WFo0aDJnczBsbWRBOTQxZ0F1b3pKb25LOEt6UDZpOWxxeUpZcnlKTXZIdk9YTTdNajViSEhaM0ht?oc=5\" target=\"_blank\" rel=\"nofollow noopener\">\u0100bols par U20 izlases sniegumu vair\u0101kum\u0101: &#8220;Gr\u0113ks \u017e\u0113loties&#8221; \u2013 Hokejs<\/a>&nbsp;&nbsp;Sportacentrs.com<\/li>\n<li><a href=\"https:\/\/news.google.com\/rss\/articles\/CBMilAFBVV95cUxOaXliMi1TWkNjYTdnTUlVU3VUSE5nMWQ1UlNzTVlkanhkYllUOUdZS2VLOU02U0wwWk9TUGl3bkU1S2ZDVV91c0YxamRydk1LaVZXQjJocEVHQU05WGd2aU9FeDNvTktjMWdqN1Q3d00xUDhtV085ampEd3dyVDNfcnhjTExaSWNrbEFwQXhxbVFVcm9Y?oc=5\" target=\"_blank\" rel=\"nofollow noopener\">Zviedri iemet jau desmitaj\u0101 sekund\u0113, latvie\u0161i atg\u016bstas, tom\u0113r ar\u012b \u0161oreiz netiek pusfin\u0101l\u0101 \u2013 Hokejs<\/a>&nbsp;&nbsp;Sportacentrs.com<\/li>\n<li><a href=\"https:\/\/news.google.com\/rss\/articles\/CBMikAFBVV95cUxNSGFwT2VaZWszRjB3ZXFveFlWLTd0WnBSQmRkSzJ0cVIycWxYalZiTkZXSkgtTm9ZMjNkZ1MtRjNzaUE0NVh2Vm5abmF1M0tHak5kSEl2WmpGQmdrTjNwOU9FYzNVOUlnU0x4dGNkT0NjR0N4cFZNbWh5SHhvTmZRSmstUTk3TzFjTzctTDB3UDQ?oc=5\" target=\"_blank\" rel=\"nofollow noopener\">TIE\u0160RAIDE: U20 P\u010c hokej\u0101 2026. 1\/4 fin\u0101ls. ZVIEDRIJA \u2013 LATVIJA<\/a>&nbsp;&nbsp;tv3.lv<\/li>\n<li><a href=\"https:\/\/news.google.com\/rss\/articles\/CBMiwgFBVV95cUxOTUF3M2lvYWhEM29PNFptbXM3SWRDa25zNWt6VUxKbDRYa2picERTY3lJMkxUNXY2NVlZTVV1czZGX0s5ZTZtUXN1Tm9zSDU2RHNvQl9OeXBhS2JBdnZ1N2U3cGxMVmhVZ0tNVnJmTXNKWW5QWVVuWU5rNjFFVk1RUDRKZjIyR25wS29kcURzSDF6WHNJTVBrcFpfM1A3VzlGRzlSY1pxZHZydE5DeUplTWd2Z2drTmJVZE05bGhkOUJsQQ?oc=5\" target=\"_blank\" rel=\"nofollow noopener\">Latvijas U-20 hokejisti aizvada c\u012b\u0146u par pasaules \u010dempion\u0101ta pusfin\u0101lu<\/a>&nbsp;&nbsp;Delfi<\/li>\n<li><a href=\"https:\/\/news.google.com\/rss\/articles\/CBMilAFBVV95cUxPZHUwdXJoSmNHa0dkaWtES2E2QkNtQ0F4bzV3YjJuWEIyWS14ci1SNkxwQks0Y2dCMGdpZlpJM3d0NkR4VHFRazRQZmI5ZGttejRMMTFuOFdOQVVRSEo4c0Myd2duUVdZMy1XYzdlRWtWdTVqTFllc1ZNQWx1WktFNnd0RFBIbTQ1dk9FbGIxTEtyXzZZ?oc=5\" target=\"_blank\" rel=\"nofollow noopener\">Latvija sp\u0113kosies ar Zviedrijas U-20 v\u012brie\u0161u hokeja izlasi<\/a>&nbsp;&nbsp;TVNET Sports<\/li>\n<\/ol>\n","protected":false},"excerpt":{"rendered":"\u0100bols par U20 izlases sniegumu vair\u0101kum\u0101: &#8220;Gr\u0113ks \u017e\u0113loties&#8221; \u2013 Hokejs&nbsp;&nbsp;Sportacentrs.com Zviedri iemet jau desmitaj\u0101 sekund\u0113, latvie\u0161i atg\u016bstas, tom\u0113r&hellip;\n","protected":false},"author":2,"featured_media":92932,"comment_status":"","ping_status":"","sticky":false,"template":"","format":"standard","meta":{"footnotes":""},"categories":[5],"tags":[23,28,29,32,33,22,394,30,31,35,39,38,36,37,34,40,20,26,27,24,25,21],"class_list":{"0":"post-92931","1":"post","2":"type-post","3":"status-publish","4":"format-standard","5":"has-post-thumbnail","7":"category-aktualitates","8":"tag-aktualitates","9":"tag-breaking-news","10":"tag-breakingnews","11":"tag-featured-news","12":"tag-featurednews","13":"tag-headlines","14":"tag-hokejs","15":"tag-latest-news","16":"tag-latestnews","17":"tag-latvia","18":"tag-latvian","19":"tag-latviesu","20":"tag-latviesu-valoda","21":"tag-latviesuvaloda","22":"tag-latvija","23":"tag-lv","24":"tag-news","25":"tag-popularakas-zinas","26":"tag-popularakaszinas","27":"tag-top-stories","28":"tag-topstories","29":"tag-zinas"},"share_on_mastodon":{"url":"https:\/\/pubeurope.com\/@lv\/115827840295428880","error":""},"_links":{"self":[{"href":"https:\/\/www.europesays.com\/lv\/wp-json\/wp\/v2\/posts\/92931","targetHints":{"allow":["GET"]}}],"collection":[{"href":"https:\/\/www.europesays.com\/lv\/wp-json\/wp\/v2\/posts"}],"about":[{"href":"https:\/\/www.europesays.com\/lv\/wp-json\/wp\/v2\/types\/post"}],"author":[{"embeddable":true,"href":"https:\/\/www.europesays.com\/lv\/wp-json\/wp\/v2\/users\/2"}],"replies":[{"embeddable":true,"href":"https:\/\/www.europesays.com\/lv\/wp-json\/wp\/v2\/comments?post=92931"}],"version-history":[{"count":0,"href":"https:\/\/www.europesays.com\/lv\/wp-json\/wp\/v2\/posts\/92931\/revisions"}],"wp:featuredmedia":[{"embeddable":true,"href":"https:\/\/www.europesays.com\/lv\/wp-json\/wp\/v2\/media\/92932"}],"wp:attachment":[{"href":"https:\/\/www.europesays.com\/lv\/wp-json\/wp\/v2\/media?parent=92931"}],"wp:term":[{"taxonomy":"category","embeddable":true,"href":"https:\/\/www.europesays.com\/lv\/wp-json\/wp\/v2\/categories?post=92931"},{"taxonomy":"post_tag","embeddable":true,"href":"https:\/\/www.europesays.com\/lv\/wp-json\/wp\/v2\/tags?post=92931"}],"curies":[{"name":"wp","href":"https:\/\/api.w.org\/{rel}","templated":true}]}}